{"id":1953,"date":"2024-07-24T19:57:59","date_gmt":"2024-07-24T19:57:59","guid":{"rendered":"https:\/\/fmllanura.com\/?p=1953"},"modified":"2024-07-24T19:58:01","modified_gmt":"2024-07-24T19:58:01","slug":"preocupacion-por-el-estado-del-agua-potable-en-parera-los-concejales-del-pj-convocaron-a-una-reunion","status":"publish","type":"post","link":"https:\/\/fmllanura.com\/?p=1953","title":{"rendered":"Preocupaci\u00f3n por el estado del agua potable en Parera: los concejales del PJ convocaron a una reuni\u00f3n"},"content":{"rendered":"\n<figure class=\"wp-block-image size-full\"><img decoding=\"async\" src=\"https:\/\/fmllanura.com\/wp-content\/uploads\/2024\/07\/image-36.png\" alt=\"\" class=\"wp-image-1961\" \/><\/figure>\n\n\n\n<p>El bloque de concejales del PJ pidi\u00f3 conocer el estado de la planta de agua potable de la localidad \u00ab<strong>ante estudios que demuestran que el suministro no ser\u00eda apto para consumo\u00bb.<\/strong><br><br>Por eso, se solicit\u00f3 la presencia en el Concejo Deliberante de los encargados y responsables del \u00e1rea y la encargada del \u00e1rea de Bromatolog\u00eda.<\/p>\n\n\n\n<p>Tambi\u00e9n fue invitado a la sesi\u00f3n el m\u00e9dico Gustavo Topfanin para que explique las consecuencias. La reuni\u00f3n se har\u00e1 este mi\u00e9rcoles a las 16:15 horas.<br><br>Los concejales cuentan con an\u00e1lisis realizados por la Administraci\u00f3n Provincial del Agua a la planta y al agua de red, solicitados por un vecino de la localidad en dos oportunidades, que arrojaron en ambos casos resultados negativos.<br><br>\u00abEs necesario que expliquen dichos resultados para saber c\u00f3mo puede afectar a la salud de la poblaci\u00f3n a la salud el agua que se est\u00e1 consumiendo\u00bb, expresaron en un comunicado.<br><br>\u00abConsideramos que es sumamente importante informar a nuestros vecinos sobre \u00e9sto y que se tomen las medidas necesarias lo antes posible\u00bb, concluyeron.<\/p>\n","protected":false},"excerpt":{"rendered":"<p>El bloque de concejales del PJ pidi\u00f3 conocer el estado de la planta de agua potable de la localidad \u00abante estudios que demuestran que el suministro no ser\u00eda apto para consumo\u00bb.Por eso, se solicit\u00f3 la presencia en el Concejo Deliberante de los encargados y responsables del \u00e1rea y la encargada del \u00e1rea de Bromatolog\u00eda. Tambi\u00e9n &hellip;<\/p>\n","protected":false},"author":4,"featured_media":0,"comment_status":"open","ping_status":"open","sticky":false,"template":"","format":"standard","meta":{"footnotes":""},"categories":[1],"tags":[],"class_list":["post-1953","post","type-post","status-publish","format-standard","","category-uncategorized"],"yoast_head":"<!-- This site is optimized with the Yoast SEO plugin v19.9 - https:\/\/yoast.com\/wordpress\/plugins\/seo\/ -->\n<title>Preocupaci\u00f3n por el estado del agua potable en Parera: los concejales del PJ convocaron a una reuni\u00f3n - RADIO LLANURA<\/title>\n<meta name=\"robots\" content=\"index, follow, max-snippet:-1, max-image-preview:large, max-video-preview:-1\" \/>\n<link rel=\"canonical\" href=\"https:\/\/fmllanura.com\/?p=1953\" \/>\n<meta property=\"og:locale\" content=\"es_ES\" \/>\n<meta property=\"og:type\" content=\"article\" \/>\n<meta property=\"og:title\" content=\"Preocupaci\u00f3n por el estado del agua potable en Parera: los concejales del PJ convocaron a una reuni\u00f3n - RADIO LLANURA\" \/>\n<meta property=\"og:description\" content=\"El bloque de concejales del PJ pidi\u00f3 conocer el estado de la planta de agua potable de la localidad \u00abante estudios que demuestran que el suministro no ser\u00eda apto para consumo\u00bb.Por eso, se solicit\u00f3 la presencia en el Concejo Deliberante de los encargados y responsables del \u00e1rea y la encargada del \u00e1rea de Bromatolog\u00eda. Tambi\u00e9n &hellip;\" \/>\n<meta property=\"og:url\" content=\"https:\/\/fmllanura.com\/?p=1953\" \/>\n<meta property=\"og:site_name\" content=\"RADIO LLANURA\" \/>\n<meta property=\"article:published_time\" content=\"2024-07-24T19:57:59+00:00\" \/>\n<meta property=\"article:modified_time\" content=\"2024-07-24T19:58:01+00:00\" \/>\n<meta property=\"og:image\" content=\"https:\/\/fmllanura.com\/wp-content\/uploads\/2024\/07\/image-36.png\" \/>\n\t<meta property=\"og:image:width\" content=\"720\" \/>\n\t<meta property=\"og:image:height\" content=\"440\" \/>\n\t<meta property=\"og:image:type\" content=\"image\/png\" \/>\n<meta name=\"author\" content=\"llanura\" \/>\n<meta name=\"twitter:card\" content=\"summary_large_image\" \/>\n<meta name=\"twitter:label1\" content=\"Escrito por\" \/>\n\t<meta name=\"twitter:data1\" content=\"llanura\" \/>\n\t<meta name=\"twitter:label2\" content=\"Tiempo de lectura\" \/>\n\t<meta name=\"twitter:data2\" content=\"1 minuto\" \/>\n<script type=\"application\/ld+json\" class=\"yoast-schema-graph\">{\"@context\":\"https:\/\/schema.org\",\"@graph\":[{\"@type\":\"WebPage\",\"@id\":\"https:\/\/fmllanura.com\/?p=1953\",\"url\":\"https:\/\/fmllanura.com\/?p=1953\",\"name\":\"Preocupaci\u00f3n por el estado del agua potable en Parera: los concejales del PJ convocaron a una reuni\u00f3n - RADIO LLANURA\",\"isPartOf\":{\"@id\":\"https:\/\/fmllanura.com\/#website\"},\"datePublished\":\"2024-07-24T19:57:59+00:00\",\"dateModified\":\"2024-07-24T19:58:01+00:00\",\"author\":{\"@id\":\"https:\/\/fmllanura.com\/#\/schema\/person\/dd4b4843c2293cd8d5995d115dbd5e96\"},\"breadcrumb\":{\"@id\":\"https:\/\/fmllanura.com\/?p=1953#breadcrumb\"},\"inLanguage\":\"es\",\"potentialAction\":[{\"@type\":\"ReadAction\",\"target\":[\"https:\/\/fmllanura.com\/?p=1953\"]}]},{\"@type\":\"BreadcrumbList\",\"@id\":\"https:\/\/fmllanura.com\/?p=1953#breadcrumb\",\"itemListElement\":[{\"@type\":\"ListItem\",\"position\":1,\"name\":\"Portada\",\"item\":\"https:\/\/fmllanura.com\/\"},{\"@type\":\"ListItem\",\"position\":2,\"name\":\"Preocupaci\u00f3n por el estado del agua potable en Parera: los concejales del PJ convocaron a una reuni\u00f3n\"}]},{\"@type\":\"WebSite\",\"@id\":\"https:\/\/fmllanura.com\/#website\",\"url\":\"https:\/\/fmllanura.com\/\",\"name\":\"RADIO LLANURA\",\"description\":\"\",\"potentialAction\":[{\"@type\":\"SearchAction\",\"target\":{\"@type\":\"EntryPoint\",\"urlTemplate\":\"https:\/\/fmllanura.com\/?s={search_term_string}\"},\"query-input\":\"required name=search_term_string\"}],\"inLanguage\":\"es\"},{\"@type\":\"Person\",\"@id\":\"https:\/\/fmllanura.com\/#\/schema\/person\/dd4b4843c2293cd8d5995d115dbd5e96\",\"name\":\"llanura\",\"image\":{\"@type\":\"ImageObject\",\"inLanguage\":\"es\",\"@id\":\"https:\/\/fmllanura.com\/#\/schema\/person\/image\/\",\"url\":\"https:\/\/secure.gravatar.com\/avatar\/f6ee1541937ff3e68dac011173779bde?s=96&d=mm&r=g\",\"contentUrl\":\"https:\/\/secure.gravatar.com\/avatar\/f6ee1541937ff3e68dac011173779bde?s=96&d=mm&r=g\",\"caption\":\"llanura\"},\"url\":\"https:\/\/fmllanura.com\/?author=4\"}]}<\/script>\n<!-- \/ Yoast SEO plugin. -->","yoast_head_json":{"title":"Preocupaci\u00f3n por el estado del agua potable en Parera: los concejales del PJ convocaron a una reuni\u00f3n - RADIO LLANURA","robots":{"index":"index","follow":"follow","max-snippet":"max-snippet:-1","max-image-preview":"max-image-preview:large","max-video-preview":"max-video-preview:-1"},"canonical":"https:\/\/fmllanura.com\/?p=1953","og_locale":"es_ES","og_type":"article","og_title":"Preocupaci\u00f3n por el estado del agua potable en Parera: los concejales del PJ convocaron a una reuni\u00f3n - RADIO LLANURA","og_description":"El bloque de concejales del PJ pidi\u00f3 conocer el estado de la planta de agua potable de la localidad \u00abante estudios que demuestran que el suministro no ser\u00eda apto para consumo\u00bb.Por eso, se solicit\u00f3 la presencia en el Concejo Deliberante de los encargados y responsables del \u00e1rea y la encargada del \u00e1rea de Bromatolog\u00eda. Tambi\u00e9n &hellip;","og_url":"https:\/\/fmllanura.com\/?p=1953","og_site_name":"RADIO LLANURA","article_published_time":"2024-07-24T19:57:59+00:00","article_modified_time":"2024-07-24T19:58:01+00:00","og_image":[{"width":720,"height":440,"url":"https:\/\/fmllanura.com\/wp-content\/uploads\/2024\/07\/image-36.png","type":"image\/png"}],"author":"llanura","twitter_card":"summary_large_image","twitter_misc":{"Escrito por":"llanura","Tiempo de lectura":"1 minuto"},"schema":{"@context":"https:\/\/schema.org","@graph":[{"@type":"WebPage","@id":"https:\/\/fmllanura.com\/?p=1953","url":"https:\/\/fmllanura.com\/?p=1953","name":"Preocupaci\u00f3n por el estado del agua potable en Parera: los concejales del PJ convocaron a una reuni\u00f3n - RADIO LLANURA","isPartOf":{"@id":"https:\/\/fmllanura.com\/#website"},"datePublished":"2024-07-24T19:57:59+00:00","dateModified":"2024-07-24T19:58:01+00:00","author":{"@id":"https:\/\/fmllanura.com\/#\/schema\/person\/dd4b4843c2293cd8d5995d115dbd5e96"},"breadcrumb":{"@id":"https:\/\/fmllanura.com\/?p=1953#breadcrumb"},"inLanguage":"es","potentialAction":[{"@type":"ReadAction","target":["https:\/\/fmllanura.com\/?p=1953"]}]},{"@type":"BreadcrumbList","@id":"https:\/\/fmllanura.com\/?p=1953#breadcrumb","itemListElement":[{"@type":"ListItem","position":1,"name":"Portada","item":"https:\/\/fmllanura.com\/"},{"@type":"ListItem","position":2,"name":"Preocupaci\u00f3n por el estado del agua potable en Parera: los concejales del PJ convocaron a una reuni\u00f3n"}]},{"@type":"WebSite","@id":"https:\/\/fmllanura.com\/#website","url":"https:\/\/fmllanura.com\/","name":"RADIO LLANURA","description":"","potentialAction":[{"@type":"SearchAction","target":{"@type":"EntryPoint","urlTemplate":"https:\/\/fmllanura.com\/?s={search_term_string}"},"query-input":"required name=search_term_string"}],"inLanguage":"es"},{"@type":"Person","@id":"https:\/\/fmllanura.com\/#\/schema\/person\/dd4b4843c2293cd8d5995d115dbd5e96","name":"llanura","image":{"@type":"ImageObject","inLanguage":"es","@id":"https:\/\/fmllanura.com\/#\/schema\/person\/image\/","url":"https:\/\/secure.gravatar.com\/avatar\/f6ee1541937ff3e68dac011173779bde?s=96&d=mm&r=g","contentUrl":"https:\/\/secure.gravatar.com\/avatar\/f6ee1541937ff3e68dac011173779bde?s=96&d=mm&r=g","caption":"llanura"},"url":"https:\/\/fmllanura.com\/?author=4"}]}},"_links":{"self":[{"href":"https:\/\/fmllanura.com\/index.php?rest_route=\/wp\/v2\/posts\/1953"}],"collection":[{"href":"https:\/\/fmllanura.com\/index.php?rest_route=\/wp\/v2\/posts"}],"about":[{"href":"https:\/\/fmllanura.com\/index.php?rest_route=\/wp\/v2\/types\/post"}],"author":[{"embeddable":true,"href":"https:\/\/fmllanura.com\/index.php?rest_route=\/wp\/v2\/users\/4"}],"replies":[{"embeddable":true,"href":"https:\/\/fmllanura.com\/index.php?rest_route=%2Fwp%2Fv2%2Fcomments&post=1953"}],"version-history":[{"count":1,"href":"https:\/\/fmllanura.com\/index.php?rest_route=\/wp\/v2\/posts\/1953\/revisions"}],"predecessor-version":[{"id":1972,"href":"https:\/\/fmllanura.com\/index.php?rest_route=\/wp\/v2\/posts\/1953\/revisions\/1972"}],"wp:attachment":[{"href":"https:\/\/fmllanura.com\/index.php?rest_route=%2Fwp%2Fv2%2Fmedia&parent=1953"}],"wp:term":[{"taxonomy":"category","embeddable":true,"href":"https:\/\/fmllanura.com\/index.php?rest_route=%2Fwp%2Fv2%2Fcategories&post=1953"},{"taxonomy":"post_tag","embeddable":true,"href":"https:\/\/fmllanura.com\/index.php?rest_route=%2Fwp%2Fv2%2Ftags&post=1953"}],"curies":[{"name":"wp","href":"https:\/\/api.w.org\/{rel}","templated":true}]}}