{"id":2254,"date":"2024-08-30T20:50:24","date_gmt":"2024-08-30T20:50:24","guid":{"rendered":"https:\/\/fmllanura.com\/?p=2254"},"modified":"2024-08-30T20:50:26","modified_gmt":"2024-08-30T20:50:26","slug":"un-funcionario-y-el-chofer-del-auto-en-estado-grave-tras-el-accidente-en-la-ruta-5","status":"publish","type":"post","link":"https:\/\/fmllanura.com\/?p=2254","title":{"rendered":"Un funcionario y el chofer del auto en estado grave tras el accidente en la Ruta 5"},"content":{"rendered":"\n<figure class=\"wp-block-image size-full\"><img loading=\"lazy\" decoding=\"async\" width=\"460\" height=\"306\" src=\"https:\/\/fmllanura.com\/wp-content\/uploads\/2024\/08\/image-68.png\" alt=\"\" class=\"wp-image-2263\" srcset=\"https:\/\/fmllanura.com\/wp-content\/uploads\/2024\/08\/image-68.png 460w, https:\/\/fmllanura.com\/wp-content\/uploads\/2024\/08\/image-68-300x200.png 300w, https:\/\/fmllanura.com\/wp-content\/uploads\/2024\/08\/image-68-310x205.png 310w\" sizes=\"(max-width: 460px) 100vw, 460px\" \/><\/figure>\n\n\n\n<p>Se trata de Nicol\u00e1s Idiart, subsecretario de Prevenci\u00f3n y Participaci\u00f3n Ciudadana del Ministerio de Seguridad y de Anibal Gerardo Rossetti. En el auto oficial tambi\u00e9n viajaba otro subsecretario, Lucas Ceferino Gaggioli, que est\u00e1 fuera de peligro.Dos autos que se rozaron en plena Ruta Nacional 5 protagonizaron este jueves por la tarde un fuerte siniestro vial sobre esa accidentada carretera.Todo ocurri\u00f3 poco antes de las 17:00 horas en cercan\u00edas del Frigor\u00edfico Carnes Pampeanas.De acuerdo a lo que pudo saber El Diario en el lugar del hecho, los dos veh\u00edculos involucrados, ambos marca Chevrolet Cruze, iban en el mismo sentido, en direcci\u00f3n desde Santa Rosa hacia Anguil. El veh\u00edculo que intent\u00f3 hacer la maniobra de sobrepaso, en el que viajaban los funcionarios con el chofer, despist\u00f3 y choc\u00f3 contra la fila de eucaliptus que hay en el lugar. El otro pudo mantenerse sobre la banquina y fren\u00f3 varios metros m\u00e1s adelante. Era conducido por Jorge David Maier, de Colonia Bar\u00f3n, y acompa\u00f1ado por Marisol Micaela D\u00edaz Yicaria: ambos resultaron ilesos.En el Cruze de color blanco que qued\u00f3 entre los \u00e1rboles, los polic\u00edas, bomberos y personal del SEM rescataron a Nicol\u00e1s Idiart, subsecretario de Prevenci\u00f3n y Participaci\u00f3n Ciudadana del Ministerio de Seguridad, y al chofer Anibal Gerardo Rossetti.En el auto oficial tambi\u00e9n viajaba el subsecretario de Tecnolog\u00eda, Comunicaciones e Infraestructura del Ministerio de Conectividad y Modernizaci\u00f3n, Lucas Ceferino Gaggioli, que est\u00e1 fuera de peligro.Los tres fueron trasladados de urgencia al Hospital Ren\u00e9 Favaloro. De acuerdo a lo que pudo saber El Diario de fuentes hospitalarias, Idiart est\u00e1 \u00abgrave\u00bb y tiene \u00abtraumatismo de cr\u00e1neo, de t\u00f3rax, y fracturas varias\u00bb. Adem\u00e1s, se encuentra con respirador e internado en terapia intensiva.Rossetti tiene \u00abun fuerte golpe en un pulm\u00f3n, con sangrado\u00bb y tambi\u00e9n est\u00e1 \u00abentubado\u00bb e internado en terapia intensiva. \u00abA ambos ya los vieron todos los especialistas, est\u00e1n graves, pero estables\u00bb, ratific\u00f3 la misma fuente.Mientras que Gaggioli tiene algunos golpes y heridas, pero ninguna de gravedad. Los dos funcionarios y el chofer viajaban en una comisi\u00f3n de servicio al norte de la provincia.<\/p>\n","protected":false},"excerpt":{"rendered":"<p>Se trata de Nicol\u00e1s Idiart, subsecretario de Prevenci\u00f3n y Participaci\u00f3n Ciudadana del Ministerio de Seguridad y de Anibal Gerardo Rossetti. En el auto oficial tambi\u00e9n viajaba otro subsecretario, Lucas Ceferino Gaggioli, que est\u00e1 fuera de peligro.Dos autos que se rozaron en plena Ruta Nacional 5 protagonizaron este jueves por la tarde un fuerte siniestro vial &hellip;<\/p>\n","protected":false},"author":4,"featured_media":2263,"comment_status":"open","ping_status":"open","sticky":false,"template":"","format":"standard","meta":{"footnotes":""},"categories":[1],"tags":[],"class_list":["post-2254","post","type-post","status-publish","format-standard","has-post-thumbnail","","category-uncategorized"],"yoast_head":"<!-- This site is optimized with the Yoast SEO plugin v19.9 - https:\/\/yoast.com\/wordpress\/plugins\/seo\/ -->\n<title>Un funcionario y el chofer del auto en estado grave tras el accidente en la Ruta 5 - RADIO LLANURA<\/title>\n<meta name=\"robots\" content=\"index, follow, max-snippet:-1, max-image-preview:large, max-video-preview:-1\" \/>\n<link rel=\"canonical\" href=\"https:\/\/fmllanura.com\/?p=2254\" \/>\n<meta property=\"og:locale\" content=\"es_ES\" \/>\n<meta property=\"og:type\" content=\"article\" \/>\n<meta property=\"og:title\" content=\"Un funcionario y el chofer del auto en estado grave tras el accidente en la Ruta 5 - RADIO LLANURA\" \/>\n<meta property=\"og:description\" content=\"Se trata de Nicol\u00e1s Idiart, subsecretario de Prevenci\u00f3n y Participaci\u00f3n Ciudadana del Ministerio de Seguridad y de Anibal Gerardo Rossetti. En el auto oficial tambi\u00e9n viajaba otro subsecretario, Lucas Ceferino Gaggioli, que est\u00e1 fuera de peligro.Dos autos que se rozaron en plena Ruta Nacional 5 protagonizaron este jueves por la tarde un fuerte siniestro vial &hellip;\" \/>\n<meta property=\"og:url\" content=\"https:\/\/fmllanura.com\/?p=2254\" \/>\n<meta property=\"og:site_name\" content=\"RADIO LLANURA\" \/>\n<meta property=\"article:published_time\" content=\"2024-08-30T20:50:24+00:00\" \/>\n<meta property=\"article:modified_time\" content=\"2024-08-30T20:50:26+00:00\" \/>\n<meta property=\"og:image\" content=\"https:\/\/fmllanura.com\/wp-content\/uploads\/2024\/08\/image-68.png\" \/>\n\t<meta property=\"og:image:width\" content=\"460\" \/>\n\t<meta property=\"og:image:height\" content=\"306\" \/>\n\t<meta property=\"og:image:type\" content=\"image\/png\" \/>\n<meta name=\"author\" content=\"llanura\" \/>\n<meta name=\"twitter:card\" content=\"summary_large_image\" \/>\n<meta name=\"twitter:label1\" content=\"Escrito por\" \/>\n\t<meta name=\"twitter:data1\" content=\"llanura\" \/>\n\t<meta name=\"twitter:label2\" content=\"Tiempo de lectura\" \/>\n\t<meta name=\"twitter:data2\" content=\"2 minutos\" \/>\n<script type=\"application\/ld+json\" class=\"yoast-schema-graph\">{\"@context\":\"https:\/\/schema.org\",\"@graph\":[{\"@type\":\"WebPage\",\"@id\":\"https:\/\/fmllanura.com\/?p=2254\",\"url\":\"https:\/\/fmllanura.com\/?p=2254\",\"name\":\"Un funcionario y el chofer del auto en estado grave tras el accidente en la Ruta 5 - RADIO LLANURA\",\"isPartOf\":{\"@id\":\"https:\/\/fmllanura.com\/#website\"},\"datePublished\":\"2024-08-30T20:50:24+00:00\",\"dateModified\":\"2024-08-30T20:50:26+00:00\",\"author\":{\"@id\":\"https:\/\/fmllanura.com\/#\/schema\/person\/dd4b4843c2293cd8d5995d115dbd5e96\"},\"breadcrumb\":{\"@id\":\"https:\/\/fmllanura.com\/?p=2254#breadcrumb\"},\"inLanguage\":\"es\",\"potentialAction\":[{\"@type\":\"ReadAction\",\"target\":[\"https:\/\/fmllanura.com\/?p=2254\"]}]},{\"@type\":\"BreadcrumbList\",\"@id\":\"https:\/\/fmllanura.com\/?p=2254#breadcrumb\",\"itemListElement\":[{\"@type\":\"ListItem\",\"position\":1,\"name\":\"Portada\",\"item\":\"https:\/\/fmllanura.com\/\"},{\"@type\":\"ListItem\",\"position\":2,\"name\":\"Un funcionario y el chofer del auto en estado grave tras el accidente en la Ruta 5\"}]},{\"@type\":\"WebSite\",\"@id\":\"https:\/\/fmllanura.com\/#website\",\"url\":\"https:\/\/fmllanura.com\/\",\"name\":\"RADIO LLANURA\",\"description\":\"\",\"potentialAction\":[{\"@type\":\"SearchAction\",\"target\":{\"@type\":\"EntryPoint\",\"urlTemplate\":\"https:\/\/fmllanura.com\/?s={search_term_string}\"},\"query-input\":\"required name=search_term_string\"}],\"inLanguage\":\"es\"},{\"@type\":\"Person\",\"@id\":\"https:\/\/fmllanura.com\/#\/schema\/person\/dd4b4843c2293cd8d5995d115dbd5e96\",\"name\":\"llanura\",\"image\":{\"@type\":\"ImageObject\",\"inLanguage\":\"es\",\"@id\":\"https:\/\/fmllanura.com\/#\/schema\/person\/image\/\",\"url\":\"https:\/\/secure.gravatar.com\/avatar\/f6ee1541937ff3e68dac011173779bde?s=96&d=mm&r=g\",\"contentUrl\":\"https:\/\/secure.gravatar.com\/avatar\/f6ee1541937ff3e68dac011173779bde?s=96&d=mm&r=g\",\"caption\":\"llanura\"},\"url\":\"https:\/\/fmllanura.com\/?author=4\"}]}<\/script>\n<!-- \/ Yoast SEO plugin. -->","yoast_head_json":{"title":"Un funcionario y el chofer del auto en estado grave tras el accidente en la Ruta 5 - RADIO LLANURA","robots":{"index":"index","follow":"follow","max-snippet":"max-snippet:-1","max-image-preview":"max-image-preview:large","max-video-preview":"max-video-preview:-1"},"canonical":"https:\/\/fmllanura.com\/?p=2254","og_locale":"es_ES","og_type":"article","og_title":"Un funcionario y el chofer del auto en estado grave tras el accidente en la Ruta 5 - RADIO LLANURA","og_description":"Se trata de Nicol\u00e1s Idiart, subsecretario de Prevenci\u00f3n y Participaci\u00f3n Ciudadana del Ministerio de Seguridad y de Anibal Gerardo Rossetti. En el auto oficial tambi\u00e9n viajaba otro subsecretario, Lucas Ceferino Gaggioli, que est\u00e1 fuera de peligro.Dos autos que se rozaron en plena Ruta Nacional 5 protagonizaron este jueves por la tarde un fuerte siniestro vial &hellip;","og_url":"https:\/\/fmllanura.com\/?p=2254","og_site_name":"RADIO LLANURA","article_published_time":"2024-08-30T20:50:24+00:00","article_modified_time":"2024-08-30T20:50:26+00:00","og_image":[{"width":460,"height":306,"url":"https:\/\/fmllanura.com\/wp-content\/uploads\/2024\/08\/image-68.png","type":"image\/png"}],"author":"llanura","twitter_card":"summary_large_image","twitter_misc":{"Escrito por":"llanura","Tiempo de lectura":"2 minutos"},"schema":{"@context":"https:\/\/schema.org","@graph":[{"@type":"WebPage","@id":"https:\/\/fmllanura.com\/?p=2254","url":"https:\/\/fmllanura.com\/?p=2254","name":"Un funcionario y el chofer del auto en estado grave tras el accidente en la Ruta 5 - RADIO LLANURA","isPartOf":{"@id":"https:\/\/fmllanura.com\/#website"},"datePublished":"2024-08-30T20:50:24+00:00","dateModified":"2024-08-30T20:50:26+00:00","author":{"@id":"https:\/\/fmllanura.com\/#\/schema\/person\/dd4b4843c2293cd8d5995d115dbd5e96"},"breadcrumb":{"@id":"https:\/\/fmllanura.com\/?p=2254#breadcrumb"},"inLanguage":"es","potentialAction":[{"@type":"ReadAction","target":["https:\/\/fmllanura.com\/?p=2254"]}]},{"@type":"BreadcrumbList","@id":"https:\/\/fmllanura.com\/?p=2254#breadcrumb","itemListElement":[{"@type":"ListItem","position":1,"name":"Portada","item":"https:\/\/fmllanura.com\/"},{"@type":"ListItem","position":2,"name":"Un funcionario y el chofer del auto en estado grave tras el accidente en la Ruta 5"}]},{"@type":"WebSite","@id":"https:\/\/fmllanura.com\/#website","url":"https:\/\/fmllanura.com\/","name":"RADIO LLANURA","description":"","potentialAction":[{"@type":"SearchAction","target":{"@type":"EntryPoint","urlTemplate":"https:\/\/fmllanura.com\/?s={search_term_string}"},"query-input":"required name=search_term_string"}],"inLanguage":"es"},{"@type":"Person","@id":"https:\/\/fmllanura.com\/#\/schema\/person\/dd4b4843c2293cd8d5995d115dbd5e96","name":"llanura","image":{"@type":"ImageObject","inLanguage":"es","@id":"https:\/\/fmllanura.com\/#\/schema\/person\/image\/","url":"https:\/\/secure.gravatar.com\/avatar\/f6ee1541937ff3e68dac011173779bde?s=96&d=mm&r=g","contentUrl":"https:\/\/secure.gravatar.com\/avatar\/f6ee1541937ff3e68dac011173779bde?s=96&d=mm&r=g","caption":"llanura"},"url":"https:\/\/fmllanura.com\/?author=4"}]}},"_links":{"self":[{"href":"https:\/\/fmllanura.com\/index.php?rest_route=\/wp\/v2\/posts\/2254"}],"collection":[{"href":"https:\/\/fmllanura.com\/index.php?rest_route=\/wp\/v2\/posts"}],"about":[{"href":"https:\/\/fmllanura.com\/index.php?rest_route=\/wp\/v2\/types\/post"}],"author":[{"embeddable":true,"href":"https:\/\/fmllanura.com\/index.php?rest_route=\/wp\/v2\/users\/4"}],"replies":[{"embeddable":true,"href":"https:\/\/fmllanura.com\/index.php?rest_route=%2Fwp%2Fv2%2Fcomments&post=2254"}],"version-history":[{"count":1,"href":"https:\/\/fmllanura.com\/index.php?rest_route=\/wp\/v2\/posts\/2254\/revisions"}],"predecessor-version":[{"id":2264,"href":"https:\/\/fmllanura.com\/index.php?rest_route=\/wp\/v2\/posts\/2254\/revisions\/2264"}],"wp:featuredmedia":[{"embeddable":true,"href":"https:\/\/fmllanura.com\/index.php?rest_route=\/wp\/v2\/media\/2263"}],"wp:attachment":[{"href":"https:\/\/fmllanura.com\/index.php?rest_route=%2Fwp%2Fv2%2Fmedia&parent=2254"}],"wp:term":[{"taxonomy":"category","embeddable":true,"href":"https:\/\/fmllanura.com\/index.php?rest_route=%2Fwp%2Fv2%2Fcategories&post=2254"},{"taxonomy":"post_tag","embeddable":true,"href":"https:\/\/fmllanura.com\/index.php?rest_route=%2Fwp%2Fv2%2Ftags&post=2254"}],"curies":[{"name":"wp","href":"https:\/\/api.w.org\/{rel}","templated":true}]}}