{"id":2255,"date":"2024-08-30T20:52:02","date_gmt":"2024-08-30T20:52:02","guid":{"rendered":"https:\/\/fmllanura.com\/?p=2255"},"modified":"2024-08-30T20:52:03","modified_gmt":"2024-08-30T20:52:03","slug":"interesante-jornada-en-el-colegio-santa-teresita-de-emb-martini-para-fortalecer-el-enfoque-dua","status":"publish","type":"post","link":"https:\/\/fmllanura.com\/?p=2255","title":{"rendered":"Interesante jornada en el colegio Santa Teresita de Emb. Martini para fortalecer el enfoque DUA"},"content":{"rendered":"\n<figure class=\"wp-block-image size-full\"><img loading=\"lazy\" decoding=\"async\" width=\"752\" height=\"440\" src=\"https:\/\/fmllanura.com\/wp-content\/uploads\/2024\/08\/image-69.png\" alt=\"\" class=\"wp-image-2265\" srcset=\"https:\/\/fmllanura.com\/wp-content\/uploads\/2024\/08\/image-69.png 752w, https:\/\/fmllanura.com\/wp-content\/uploads\/2024\/08\/image-69-300x176.png 300w\" sizes=\"(max-width: 752px) 100vw, 752px\" \/><\/figure>\n\n\n\n<p>Este martes en el colegio Santa Teresita de Embajador Martini se realiz\u00f3 una jornada de trabajo junto a personal del Servicio de Apoyo a la Inclusi\u00f3n de Ingeniero Luiggi, quienes brindaron asesoramiento a los docentes sobre \u201cDise\u00f1o Universal para el Aprendizaje\u201d.El DUA es un marco educativo que reconoce que todos los ni\u00f1os, ni\u00f1as y adolescentes aprenden de diversas maneras y se benefician de t\u00e9cnicas de aprendizaje diferenciadas en el aula.Durante el desarrollo de la jornada se utiliz\u00f3 una metodolog\u00eda de taller activa-participativa, que consiste en la comprensi\u00f3n, an\u00e1lisis y reflexi\u00f3n del quehacer educativo, el contexto actual y los aportes de bibliograf\u00eda actualizada con relaci\u00f3n a la diversidad en el aula y Dise\u00f1o Universal del Aprendizaje.Se generaron espacios de trabajo para compartir experiencias, as\u00ed como tambi\u00e9n construir conocimientos de manera conjunta en torno a los contenidos impartidos.Desde la instituci\u00f3n agradecieron la participaci\u00f3n de los\/las docentes y la predisposici\u00f3n del equipo de trabajo del Servicio de Apoyo a la Inclusi\u00f3n.Algunos de los objetivos de este encuentro fueron:\u00b7 Ofrecer a los docentes del Colegio Secundario un espacio de intercambio y discusi\u00f3n sobre el Dise\u00f1o Universal del Aprendizaje y su relaci\u00f3n con la Planificaci\u00f3n Diversificada.\u2022 Analizar los principios y pautas del Dise\u00f1o Universal del Aprendizaje y propuestas metodol\u00f3gicas que se desprendan de los mismos.\u2022 Dise\u00f1ar propuestas con el enfoque DUA.<\/p>\n","protected":false},"excerpt":{"rendered":"<p>Este martes en el colegio Santa Teresita de Embajador Martini se realiz\u00f3 una jornada de trabajo junto a personal del Servicio de Apoyo a la Inclusi\u00f3n de Ingeniero Luiggi, quienes brindaron asesoramiento a los docentes sobre \u201cDise\u00f1o Universal para el Aprendizaje\u201d.El DUA es un marco educativo que reconoce que todos los ni\u00f1os, ni\u00f1as y adolescentes &hellip;<\/p>\n","protected":false},"author":4,"featured_media":2265,"comment_status":"open","ping_status":"open","sticky":false,"template":"","format":"standard","meta":{"footnotes":""},"categories":[1],"tags":[],"class_list":["post-2255","post","type-post","status-publish","format-standard","has-post-thumbnail","","category-uncategorized"],"yoast_head":"<!-- This site is optimized with the Yoast SEO plugin v19.9 - https:\/\/yoast.com\/wordpress\/plugins\/seo\/ -->\n<title>Interesante jornada en el colegio Santa Teresita de Emb. Martini para fortalecer el enfoque DUA - RADIO LLANURA<\/title>\n<meta name=\"robots\" content=\"index, follow, max-snippet:-1, max-image-preview:large, max-video-preview:-1\" \/>\n<link rel=\"canonical\" href=\"https:\/\/fmllanura.com\/?p=2255\" \/>\n<meta property=\"og:locale\" content=\"es_ES\" \/>\n<meta property=\"og:type\" content=\"article\" \/>\n<meta property=\"og:title\" content=\"Interesante jornada en el colegio Santa Teresita de Emb. Martini para fortalecer el enfoque DUA - RADIO LLANURA\" \/>\n<meta property=\"og:description\" content=\"Este martes en el colegio Santa Teresita de Embajador Martini se realiz\u00f3 una jornada de trabajo junto a personal del Servicio de Apoyo a la Inclusi\u00f3n de Ingeniero Luiggi, quienes brindaron asesoramiento a los docentes sobre \u201cDise\u00f1o Universal para el Aprendizaje\u201d.El DUA es un marco educativo que reconoce que todos los ni\u00f1os, ni\u00f1as y adolescentes &hellip;\" \/>\n<meta property=\"og:url\" content=\"https:\/\/fmllanura.com\/?p=2255\" \/>\n<meta property=\"og:site_name\" content=\"RADIO LLANURA\" \/>\n<meta property=\"article:published_time\" content=\"2024-08-30T20:52:02+00:00\" \/>\n<meta property=\"article:modified_time\" content=\"2024-08-30T20:52:03+00:00\" \/>\n<meta property=\"og:image\" content=\"https:\/\/fmllanura.com\/wp-content\/uploads\/2024\/08\/image-69.png\" \/>\n\t<meta property=\"og:image:width\" content=\"752\" \/>\n\t<meta property=\"og:image:height\" content=\"440\" \/>\n\t<meta property=\"og:image:type\" content=\"image\/png\" \/>\n<meta name=\"author\" content=\"llanura\" \/>\n<meta name=\"twitter:card\" content=\"summary_large_image\" \/>\n<meta name=\"twitter:label1\" content=\"Escrito por\" \/>\n\t<meta name=\"twitter:data1\" content=\"llanura\" \/>\n\t<meta name=\"twitter:label2\" content=\"Tiempo de lectura\" \/>\n\t<meta name=\"twitter:data2\" content=\"2 minutos\" \/>\n<script type=\"application\/ld+json\" class=\"yoast-schema-graph\">{\"@context\":\"https:\/\/schema.org\",\"@graph\":[{\"@type\":\"WebPage\",\"@id\":\"https:\/\/fmllanura.com\/?p=2255\",\"url\":\"https:\/\/fmllanura.com\/?p=2255\",\"name\":\"Interesante jornada en el colegio Santa Teresita de Emb. Martini para fortalecer el enfoque DUA - RADIO LLANURA\",\"isPartOf\":{\"@id\":\"https:\/\/fmllanura.com\/#website\"},\"datePublished\":\"2024-08-30T20:52:02+00:00\",\"dateModified\":\"2024-08-30T20:52:03+00:00\",\"author\":{\"@id\":\"https:\/\/fmllanura.com\/#\/schema\/person\/dd4b4843c2293cd8d5995d115dbd5e96\"},\"breadcrumb\":{\"@id\":\"https:\/\/fmllanura.com\/?p=2255#breadcrumb\"},\"inLanguage\":\"es\",\"potentialAction\":[{\"@type\":\"ReadAction\",\"target\":[\"https:\/\/fmllanura.com\/?p=2255\"]}]},{\"@type\":\"BreadcrumbList\",\"@id\":\"https:\/\/fmllanura.com\/?p=2255#breadcrumb\",\"itemListElement\":[{\"@type\":\"ListItem\",\"position\":1,\"name\":\"Portada\",\"item\":\"https:\/\/fmllanura.com\/\"},{\"@type\":\"ListItem\",\"position\":2,\"name\":\"Interesante jornada en el colegio Santa Teresita de Emb. Martini para fortalecer el enfoque DUA\"}]},{\"@type\":\"WebSite\",\"@id\":\"https:\/\/fmllanura.com\/#website\",\"url\":\"https:\/\/fmllanura.com\/\",\"name\":\"RADIO LLANURA\",\"description\":\"\",\"potentialAction\":[{\"@type\":\"SearchAction\",\"target\":{\"@type\":\"EntryPoint\",\"urlTemplate\":\"https:\/\/fmllanura.com\/?s={search_term_string}\"},\"query-input\":\"required name=search_term_string\"}],\"inLanguage\":\"es\"},{\"@type\":\"Person\",\"@id\":\"https:\/\/fmllanura.com\/#\/schema\/person\/dd4b4843c2293cd8d5995d115dbd5e96\",\"name\":\"llanura\",\"image\":{\"@type\":\"ImageObject\",\"inLanguage\":\"es\",\"@id\":\"https:\/\/fmllanura.com\/#\/schema\/person\/image\/\",\"url\":\"https:\/\/secure.gravatar.com\/avatar\/f6ee1541937ff3e68dac011173779bde?s=96&d=mm&r=g\",\"contentUrl\":\"https:\/\/secure.gravatar.com\/avatar\/f6ee1541937ff3e68dac011173779bde?s=96&d=mm&r=g\",\"caption\":\"llanura\"},\"url\":\"https:\/\/fmllanura.com\/?author=4\"}]}<\/script>\n<!-- \/ Yoast SEO plugin. -->","yoast_head_json":{"title":"Interesante jornada en el colegio Santa Teresita de Emb. Martini para fortalecer el enfoque DUA - RADIO LLANURA","robots":{"index":"index","follow":"follow","max-snippet":"max-snippet:-1","max-image-preview":"max-image-preview:large","max-video-preview":"max-video-preview:-1"},"canonical":"https:\/\/fmllanura.com\/?p=2255","og_locale":"es_ES","og_type":"article","og_title":"Interesante jornada en el colegio Santa Teresita de Emb. Martini para fortalecer el enfoque DUA - RADIO LLANURA","og_description":"Este martes en el colegio Santa Teresita de Embajador Martini se realiz\u00f3 una jornada de trabajo junto a personal del Servicio de Apoyo a la Inclusi\u00f3n de Ingeniero Luiggi, quienes brindaron asesoramiento a los docentes sobre \u201cDise\u00f1o Universal para el Aprendizaje\u201d.El DUA es un marco educativo que reconoce que todos los ni\u00f1os, ni\u00f1as y adolescentes &hellip;","og_url":"https:\/\/fmllanura.com\/?p=2255","og_site_name":"RADIO LLANURA","article_published_time":"2024-08-30T20:52:02+00:00","article_modified_time":"2024-08-30T20:52:03+00:00","og_image":[{"width":752,"height":440,"url":"https:\/\/fmllanura.com\/wp-content\/uploads\/2024\/08\/image-69.png","type":"image\/png"}],"author":"llanura","twitter_card":"summary_large_image","twitter_misc":{"Escrito por":"llanura","Tiempo de lectura":"2 minutos"},"schema":{"@context":"https:\/\/schema.org","@graph":[{"@type":"WebPage","@id":"https:\/\/fmllanura.com\/?p=2255","url":"https:\/\/fmllanura.com\/?p=2255","name":"Interesante jornada en el colegio Santa Teresita de Emb. Martini para fortalecer el enfoque DUA - RADIO LLANURA","isPartOf":{"@id":"https:\/\/fmllanura.com\/#website"},"datePublished":"2024-08-30T20:52:02+00:00","dateModified":"2024-08-30T20:52:03+00:00","author":{"@id":"https:\/\/fmllanura.com\/#\/schema\/person\/dd4b4843c2293cd8d5995d115dbd5e96"},"breadcrumb":{"@id":"https:\/\/fmllanura.com\/?p=2255#breadcrumb"},"inLanguage":"es","potentialAction":[{"@type":"ReadAction","target":["https:\/\/fmllanura.com\/?p=2255"]}]},{"@type":"BreadcrumbList","@id":"https:\/\/fmllanura.com\/?p=2255#breadcrumb","itemListElement":[{"@type":"ListItem","position":1,"name":"Portada","item":"https:\/\/fmllanura.com\/"},{"@type":"ListItem","position":2,"name":"Interesante jornada en el colegio Santa Teresita de Emb. Martini para fortalecer el enfoque DUA"}]},{"@type":"WebSite","@id":"https:\/\/fmllanura.com\/#website","url":"https:\/\/fmllanura.com\/","name":"RADIO LLANURA","description":"","potentialAction":[{"@type":"SearchAction","target":{"@type":"EntryPoint","urlTemplate":"https:\/\/fmllanura.com\/?s={search_term_string}"},"query-input":"required name=search_term_string"}],"inLanguage":"es"},{"@type":"Person","@id":"https:\/\/fmllanura.com\/#\/schema\/person\/dd4b4843c2293cd8d5995d115dbd5e96","name":"llanura","image":{"@type":"ImageObject","inLanguage":"es","@id":"https:\/\/fmllanura.com\/#\/schema\/person\/image\/","url":"https:\/\/secure.gravatar.com\/avatar\/f6ee1541937ff3e68dac011173779bde?s=96&d=mm&r=g","contentUrl":"https:\/\/secure.gravatar.com\/avatar\/f6ee1541937ff3e68dac011173779bde?s=96&d=mm&r=g","caption":"llanura"},"url":"https:\/\/fmllanura.com\/?author=4"}]}},"_links":{"self":[{"href":"https:\/\/fmllanura.com\/index.php?rest_route=\/wp\/v2\/posts\/2255"}],"collection":[{"href":"https:\/\/fmllanura.com\/index.php?rest_route=\/wp\/v2\/posts"}],"about":[{"href":"https:\/\/fmllanura.com\/index.php?rest_route=\/wp\/v2\/types\/post"}],"author":[{"embeddable":true,"href":"https:\/\/fmllanura.com\/index.php?rest_route=\/wp\/v2\/users\/4"}],"replies":[{"embeddable":true,"href":"https:\/\/fmllanura.com\/index.php?rest_route=%2Fwp%2Fv2%2Fcomments&post=2255"}],"version-history":[{"count":1,"href":"https:\/\/fmllanura.com\/index.php?rest_route=\/wp\/v2\/posts\/2255\/revisions"}],"predecessor-version":[{"id":2266,"href":"https:\/\/fmllanura.com\/index.php?rest_route=\/wp\/v2\/posts\/2255\/revisions\/2266"}],"wp:featuredmedia":[{"embeddable":true,"href":"https:\/\/fmllanura.com\/index.php?rest_route=\/wp\/v2\/media\/2265"}],"wp:attachment":[{"href":"https:\/\/fmllanura.com\/index.php?rest_route=%2Fwp%2Fv2%2Fmedia&parent=2255"}],"wp:term":[{"taxonomy":"category","embeddable":true,"href":"https:\/\/fmllanura.com\/index.php?rest_route=%2Fwp%2Fv2%2Fcategories&post=2255"},{"taxonomy":"post_tag","embeddable":true,"href":"https:\/\/fmllanura.com\/index.php?rest_route=%2Fwp%2Fv2%2Ftags&post=2255"}],"curies":[{"name":"wp","href":"https:\/\/api.w.org\/{rel}","templated":true}]}}