{"id":2256,"date":"2024-08-30T20:53:51","date_gmt":"2024-08-30T20:53:51","guid":{"rendered":"https:\/\/fmllanura.com\/?p=2256"},"modified":"2024-08-30T20:53:52","modified_gmt":"2024-08-30T20:53:52","slug":"plenario-de-rectores-de-universidades-publicas-en-santa-rosa","status":"publish","type":"post","link":"https:\/\/fmllanura.com\/?p=2256","title":{"rendered":"Plenario de Rectores de Universidades P\u00fablicas en Santa Rosa"},"content":{"rendered":"\n<figure class=\"wp-block-image size-full\"><img loading=\"lazy\" decoding=\"async\" width=\"733\" height=\"409\" src=\"https:\/\/fmllanura.com\/wp-content\/uploads\/2024\/08\/image-70.png\" alt=\"\" class=\"wp-image-2267\" srcset=\"https:\/\/fmllanura.com\/wp-content\/uploads\/2024\/08\/image-70.png 733w, https:\/\/fmllanura.com\/wp-content\/uploads\/2024\/08\/image-70-300x167.png 300w\" sizes=\"(max-width: 733px) 100vw, 733px\" \/><\/figure>\n\n\n\n<p>El 92\u00b0 Plenario de Rectoras y Rectores se realiza este viernes desde las 9 horas en la ciudad de Santa Rosa con la organizaci\u00f3n de la Universidad Nacional de La Pampa. Entre los aspectos centrales del evento de este viernes se encuentra la definici\u00f3n de lineamientos de las pol\u00edticas a futuro y un an\u00e1lisis de la situaci\u00f3n del sistema cient\u00edfico tecnol\u00f3gico argentino y de las obras sociales universitarias. Asimismo, se aspira a arribar al proyecto de presupuesto universitario 2025 que ser\u00e1 presentado al Poder Ejecutivo Nacional a la espera de su tratamiento en el Congreso.Adem\u00e1s de la participaci\u00f3n de las m\u00e1ximas autoridades del sistema universitario argentino, en la apertura estuvo el gobernador de la provincia, Sergio Ziliotto; y para la firma de sendos convenios estuvo el presidente de la Federaci\u00f3n de Psic\u00f3logas\/os de la Rep\u00fablica Argentina (FEPRA), Marcelo Clingo; el presidente de la Confederaci\u00f3n General de Profesionales (CGP), Amado Siede; y el jefe de Gabinete de la Secretar\u00eda de Pol\u00edticas Integrales sobre Drogas de la Naci\u00f3n Argentina (SEDRONAR), Facundo Prieto.Por otra parte, expondr\u00e1n, el presidente de la Comisi\u00f3n Nacional de Evaluaci\u00f3n y Acreditaci\u00f3n Universitaria (CONEAU), Mart\u00edn Strah, y autoridades gremiales. El presidente del CIN, V\u00edctor Mori\u00f1igo, explic\u00f3 antes del inicio que \u00abvamos a definir temas importantes para todas las universidades. Hemos empezado un cuatrimestre bastante anormal, con muchos problemas salariales, con problemas de funcionamiento durante todo el a\u00f1o en las universidades. Tenemos una agenda muy importante que se est\u00e1 desarrollando en el Senado de la Naci\u00f3n, donde en estos d\u00edas se est\u00e1 construyendo una mayor\u00eda para votar la ley de financiamiento. Van a tener la visita hoy aqu\u00ed, de todos los gremios, los secretarios generales del Frente Sindical, la presidenta de la FUA\u00bb, detall\u00f3.<\/p>\n\n\n\n<p>Como nunca, la gente est\u00e1 esperando que se define aqu\u00ed, en los plenarios del CIN. Nosotros nos juntamos dos veces al a\u00f1o, en los meses de abril hay elecciones de autoridades. En este mes tenemos el tema presupuesto 2025. Parece hablar de un futuro bastante incierto de enero. Pero, bueno, creemos que hoy la coyuntura manda\u00bb, indic\u00f3.En es sentido, se\u00f1al\u00f3: \u00abVamos a tratar tambi\u00e9n de aprobar cosas importantes hoy, que tienen que ver con la transformaci\u00f3n del sistema, cuestiones acad\u00e9micas. Tambi\u00e9n vamos a tener pronunciamiento por las obras sociales universitarias, que est\u00e1n sufriendo tambi\u00e9n las vicisitudes de un mercado bastante injusto. Vamos a hablar tambi\u00e9n de cuestiones de ciencia y tecnolog\u00eda. El 80% de la ciencia que se hace en la Argentina proviene de investigadores de las universidades. Y realmente la est\u00e1n pasando muy mal a nivel presupuestario, todo el sistema cient\u00edfico-tecnol\u00f3gico de la Argentina\u00bb.\u00abVa a ser un plenario bastante importante, que va a definir cosas importantes, que va a fijar rumbos y que, sobre todo, va a defender la educaci\u00f3n p\u00fablica a lo largo y a lo ancho de nuestro pa\u00eds\u00bb, resumi\u00f3.Como anfitri\u00f3n, el rector de la UNLPam, Oscar Alpa, rescat\u00f3 \u00abla responsabilidad que tenemos como Consejo Universitario Nacional porque m\u00e1s que nunca ac\u00e1 tenemos que ponernos esa bandera m\u00e1s alta respecto a las pol\u00edticas universitarias\u00bb.\u00abCreo que m\u00e1s que nunca tambi\u00e9n tenemos que seguir enfatizando en este CIN que va a tener que seguir profundizando y generar nuestra pol\u00edtica universitaria a trav\u00e9s de talleres de trabajo. Antes quiz\u00e1s ten\u00edamos un estado detr\u00e1s que pensaba, ya sea de un color o de otro, de partido pol\u00edtico pero pensaba en una pol\u00edtica universitaria. Hoy creo que tenemos que hacernos cargo m\u00e1s que nunca en eso y por supuesto, como Consejo tenemos que ponernos en marcha a seguir trabajando en ese sentido\u00bb, se\u00f1al\u00f3.\u00abPor \u00faltimo decir y lo hemos vivido cada vez que hemos viajado al exterior y lo hemos vivido en nuestra actualidad, tenemos un sistema universitario de excelencia, un sistema que en esta inversi\u00f3n que no llega al 1% y ojal\u00e1 llegara al 1%, tenemos m\u00e1s de 2 millones de estudiantes que no ocurre en ning\u00fan otro lugar del mundo con esa inversi\u00f3n p\u00fablica. Tenemos una calidad que cualquiera de nuestros graduados y investigadores que salen de nuestras universidades lo ve y lo puede demostrar y dar fe de esa realidad. Tenemos que seguir sosteniendo en ese y ese nuestro compromiso\u00bb, redonde\u00f3.<\/p>\n","protected":false},"excerpt":{"rendered":"<p>El 92\u00b0 Plenario de Rectoras y Rectores se realiza este viernes desde las 9 horas en la ciudad de Santa Rosa con la organizaci\u00f3n de la Universidad Nacional de La Pampa. Entre los aspectos centrales del evento de este viernes se encuentra la definici\u00f3n de lineamientos de las pol\u00edticas a futuro y un an\u00e1lisis de &hellip;<\/p>\n","protected":false},"author":4,"featured_media":2267,"comment_status":"open","ping_status":"open","sticky":false,"template":"","format":"standard","meta":{"footnotes":""},"categories":[1],"tags":[],"class_list":["post-2256","post","type-post","status-publish","format-standard","has-post-thumbnail","","category-uncategorized"],"yoast_head":"<!-- This site is optimized with the Yoast SEO plugin v19.9 - https:\/\/yoast.com\/wordpress\/plugins\/seo\/ -->\n<title>Plenario de Rectores de Universidades P\u00fablicas en Santa Rosa - RADIO LLANURA<\/title>\n<meta name=\"robots\" content=\"index, follow, max-snippet:-1, max-image-preview:large, max-video-preview:-1\" \/>\n<link rel=\"canonical\" href=\"https:\/\/fmllanura.com\/?p=2256\" \/>\n<meta property=\"og:locale\" content=\"es_ES\" \/>\n<meta property=\"og:type\" content=\"article\" \/>\n<meta property=\"og:title\" content=\"Plenario de Rectores de Universidades P\u00fablicas en Santa Rosa - RADIO LLANURA\" \/>\n<meta property=\"og:description\" content=\"El 92\u00b0 Plenario de Rectoras y Rectores se realiza este viernes desde las 9 horas en la ciudad de Santa Rosa con la organizaci\u00f3n de la Universidad Nacional de La Pampa. Entre los aspectos centrales del evento de este viernes se encuentra la definici\u00f3n de lineamientos de las pol\u00edticas a futuro y un an\u00e1lisis de &hellip;\" \/>\n<meta property=\"og:url\" content=\"https:\/\/fmllanura.com\/?p=2256\" \/>\n<meta property=\"og:site_name\" content=\"RADIO LLANURA\" \/>\n<meta property=\"article:published_time\" content=\"2024-08-30T20:53:51+00:00\" \/>\n<meta property=\"article:modified_time\" content=\"2024-08-30T20:53:52+00:00\" \/>\n<meta property=\"og:image\" content=\"https:\/\/fmllanura.com\/wp-content\/uploads\/2024\/08\/image-70.png\" \/>\n\t<meta property=\"og:image:width\" content=\"733\" \/>\n\t<meta property=\"og:image:height\" content=\"409\" \/>\n\t<meta property=\"og:image:type\" content=\"image\/png\" \/>\n<meta name=\"author\" content=\"llanura\" \/>\n<meta name=\"twitter:card\" content=\"summary_large_image\" \/>\n<meta name=\"twitter:label1\" content=\"Escrito por\" \/>\n\t<meta name=\"twitter:data1\" content=\"llanura\" \/>\n\t<meta name=\"twitter:label2\" content=\"Tiempo de lectura\" \/>\n\t<meta name=\"twitter:data2\" content=\"4 minutos\" \/>\n<script type=\"application\/ld+json\" class=\"yoast-schema-graph\">{\"@context\":\"https:\/\/schema.org\",\"@graph\":[{\"@type\":\"WebPage\",\"@id\":\"https:\/\/fmllanura.com\/?p=2256\",\"url\":\"https:\/\/fmllanura.com\/?p=2256\",\"name\":\"Plenario de Rectores de Universidades P\u00fablicas en Santa Rosa - RADIO LLANURA\",\"isPartOf\":{\"@id\":\"https:\/\/fmllanura.com\/#website\"},\"datePublished\":\"2024-08-30T20:53:51+00:00\",\"dateModified\":\"2024-08-30T20:53:52+00:00\",\"author\":{\"@id\":\"https:\/\/fmllanura.com\/#\/schema\/person\/dd4b4843c2293cd8d5995d115dbd5e96\"},\"breadcrumb\":{\"@id\":\"https:\/\/fmllanura.com\/?p=2256#breadcrumb\"},\"inLanguage\":\"es\",\"potentialAction\":[{\"@type\":\"ReadAction\",\"target\":[\"https:\/\/fmllanura.com\/?p=2256\"]}]},{\"@type\":\"BreadcrumbList\",\"@id\":\"https:\/\/fmllanura.com\/?p=2256#breadcrumb\",\"itemListElement\":[{\"@type\":\"ListItem\",\"position\":1,\"name\":\"Portada\",\"item\":\"https:\/\/fmllanura.com\/\"},{\"@type\":\"ListItem\",\"position\":2,\"name\":\"Plenario de Rectores de Universidades P\u00fablicas en Santa Rosa\"}]},{\"@type\":\"WebSite\",\"@id\":\"https:\/\/fmllanura.com\/#website\",\"url\":\"https:\/\/fmllanura.com\/\",\"name\":\"RADIO LLANURA\",\"description\":\"\",\"potentialAction\":[{\"@type\":\"SearchAction\",\"target\":{\"@type\":\"EntryPoint\",\"urlTemplate\":\"https:\/\/fmllanura.com\/?s={search_term_string}\"},\"query-input\":\"required name=search_term_string\"}],\"inLanguage\":\"es\"},{\"@type\":\"Person\",\"@id\":\"https:\/\/fmllanura.com\/#\/schema\/person\/dd4b4843c2293cd8d5995d115dbd5e96\",\"name\":\"llanura\",\"image\":{\"@type\":\"ImageObject\",\"inLanguage\":\"es\",\"@id\":\"https:\/\/fmllanura.com\/#\/schema\/person\/image\/\",\"url\":\"https:\/\/secure.gravatar.com\/avatar\/f6ee1541937ff3e68dac011173779bde?s=96&d=mm&r=g\",\"contentUrl\":\"https:\/\/secure.gravatar.com\/avatar\/f6ee1541937ff3e68dac011173779bde?s=96&d=mm&r=g\",\"caption\":\"llanura\"},\"url\":\"https:\/\/fmllanura.com\/?author=4\"}]}<\/script>\n<!-- \/ Yoast SEO plugin. -->","yoast_head_json":{"title":"Plenario de Rectores de Universidades P\u00fablicas en Santa Rosa - RADIO LLANURA","robots":{"index":"index","follow":"follow","max-snippet":"max-snippet:-1","max-image-preview":"max-image-preview:large","max-video-preview":"max-video-preview:-1"},"canonical":"https:\/\/fmllanura.com\/?p=2256","og_locale":"es_ES","og_type":"article","og_title":"Plenario de Rectores de Universidades P\u00fablicas en Santa Rosa - RADIO LLANURA","og_description":"El 92\u00b0 Plenario de Rectoras y Rectores se realiza este viernes desde las 9 horas en la ciudad de Santa Rosa con la organizaci\u00f3n de la Universidad Nacional de La Pampa. Entre los aspectos centrales del evento de este viernes se encuentra la definici\u00f3n de lineamientos de las pol\u00edticas a futuro y un an\u00e1lisis de &hellip;","og_url":"https:\/\/fmllanura.com\/?p=2256","og_site_name":"RADIO LLANURA","article_published_time":"2024-08-30T20:53:51+00:00","article_modified_time":"2024-08-30T20:53:52+00:00","og_image":[{"width":733,"height":409,"url":"https:\/\/fmllanura.com\/wp-content\/uploads\/2024\/08\/image-70.png","type":"image\/png"}],"author":"llanura","twitter_card":"summary_large_image","twitter_misc":{"Escrito por":"llanura","Tiempo de lectura":"4 minutos"},"schema":{"@context":"https:\/\/schema.org","@graph":[{"@type":"WebPage","@id":"https:\/\/fmllanura.com\/?p=2256","url":"https:\/\/fmllanura.com\/?p=2256","name":"Plenario de Rectores de Universidades P\u00fablicas en Santa Rosa - RADIO LLANURA","isPartOf":{"@id":"https:\/\/fmllanura.com\/#website"},"datePublished":"2024-08-30T20:53:51+00:00","dateModified":"2024-08-30T20:53:52+00:00","author":{"@id":"https:\/\/fmllanura.com\/#\/schema\/person\/dd4b4843c2293cd8d5995d115dbd5e96"},"breadcrumb":{"@id":"https:\/\/fmllanura.com\/?p=2256#breadcrumb"},"inLanguage":"es","potentialAction":[{"@type":"ReadAction","target":["https:\/\/fmllanura.com\/?p=2256"]}]},{"@type":"BreadcrumbList","@id":"https:\/\/fmllanura.com\/?p=2256#breadcrumb","itemListElement":[{"@type":"ListItem","position":1,"name":"Portada","item":"https:\/\/fmllanura.com\/"},{"@type":"ListItem","position":2,"name":"Plenario de Rectores de Universidades P\u00fablicas en Santa Rosa"}]},{"@type":"WebSite","@id":"https:\/\/fmllanura.com\/#website","url":"https:\/\/fmllanura.com\/","name":"RADIO LLANURA","description":"","potentialAction":[{"@type":"SearchAction","target":{"@type":"EntryPoint","urlTemplate":"https:\/\/fmllanura.com\/?s={search_term_string}"},"query-input":"required name=search_term_string"}],"inLanguage":"es"},{"@type":"Person","@id":"https:\/\/fmllanura.com\/#\/schema\/person\/dd4b4843c2293cd8d5995d115dbd5e96","name":"llanura","image":{"@type":"ImageObject","inLanguage":"es","@id":"https:\/\/fmllanura.com\/#\/schema\/person\/image\/","url":"https:\/\/secure.gravatar.com\/avatar\/f6ee1541937ff3e68dac011173779bde?s=96&d=mm&r=g","contentUrl":"https:\/\/secure.gravatar.com\/avatar\/f6ee1541937ff3e68dac011173779bde?s=96&d=mm&r=g","caption":"llanura"},"url":"https:\/\/fmllanura.com\/?author=4"}]}},"_links":{"self":[{"href":"https:\/\/fmllanura.com\/index.php?rest_route=\/wp\/v2\/posts\/2256"}],"collection":[{"href":"https:\/\/fmllanura.com\/index.php?rest_route=\/wp\/v2\/posts"}],"about":[{"href":"https:\/\/fmllanura.com\/index.php?rest_route=\/wp\/v2\/types\/post"}],"author":[{"embeddable":true,"href":"https:\/\/fmllanura.com\/index.php?rest_route=\/wp\/v2\/users\/4"}],"replies":[{"embeddable":true,"href":"https:\/\/fmllanura.com\/index.php?rest_route=%2Fwp%2Fv2%2Fcomments&post=2256"}],"version-history":[{"count":1,"href":"https:\/\/fmllanura.com\/index.php?rest_route=\/wp\/v2\/posts\/2256\/revisions"}],"predecessor-version":[{"id":2268,"href":"https:\/\/fmllanura.com\/index.php?rest_route=\/wp\/v2\/posts\/2256\/revisions\/2268"}],"wp:featuredmedia":[{"embeddable":true,"href":"https:\/\/fmllanura.com\/index.php?rest_route=\/wp\/v2\/media\/2267"}],"wp:attachment":[{"href":"https:\/\/fmllanura.com\/index.php?rest_route=%2Fwp%2Fv2%2Fmedia&parent=2256"}],"wp:term":[{"taxonomy":"category","embeddable":true,"href":"https:\/\/fmllanura.com\/index.php?rest_route=%2Fwp%2Fv2%2Fcategories&post=2256"},{"taxonomy":"post_tag","embeddable":true,"href":"https:\/\/fmllanura.com\/index.php?rest_route=%2Fwp%2Fv2%2Ftags&post=2256"}],"curies":[{"name":"wp","href":"https:\/\/api.w.org\/{rel}","templated":true}]}}