{"id":2518,"date":"2024-09-21T11:18:42","date_gmt":"2024-09-21T11:18:42","guid":{"rendered":"https:\/\/fmllanura.com\/?p=2518"},"modified":"2024-09-21T11:18:45","modified_gmt":"2024-09-21T11:18:45","slug":"fuerte-critica-del-papa-francisco-al-protocolo-de-milei-gastaron-en-gas-pimienta-en-lugar-de-justicia-social","status":"publish","type":"post","link":"https:\/\/fmllanura.com\/?p=2518","title":{"rendered":"Fuerte cr\u00edtica del Papa Francisco al protocolo de Milei: \u2018Gastaron en gas pimienta en lugar de justicia social\u2019"},"content":{"rendered":"\n<p>El Papa Francisco cuestion\u00f3 la&nbsp;pol\u00edtica de represi\u00f3n de la administraci\u00f3n libertaria contra las manifestaciones y cont\u00f3 que vio un video de la avanzada policial contra los jubilados frente al Congreso. Se\u00f1al\u00f3 el uso de \u00abuna cosa que es lo m\u00e1s caro que hay, que es el gas pimienta de primera calidad\u201d.<br>Durante un encuentro con movimientos populares que tuvo lugar en el Vaticano, el papa&nbsp;Francisco critic\u00f3 duramente al gobierno de Javier Milei&nbsp;por desatar su pol\u00edtica de represi\u00f3n contra los jubilados en vez de responder a sus demandas.&nbsp;\u00abEn vez de pagar la justicia social, pag\u00f3 el gas pimienta\u00bb, cuestion\u00f3 el pont\u00edficce. Adem\u00e1s, revel\u00f3 que un empresario argentino le habl\u00f3 sobre un caso de coimas.<br>La objeci\u00f3n contra las prioridades de la administraci\u00f3n de La Libertad Avanza (LLA) fue hecha ante referentes sociales de todo el mundo que se dieron cita en Roma.<br>All\u00ed, el papa argentino dio un discurso donde remarc\u00f3 que los axiomas de \u201ctierra, techo y trabajo son derechos sagrados\u201d para la humanidad e&nbsp;hizo un repaso por algunos de los dramas que los sectores m\u00e1s pobres&nbsp;enfrentan en sus pa\u00edses.<br>El gas pimienta<br>Aunque no mencion\u00f3 particularmente a la Argentina, Jorge Bergoglio la aludi\u00f3.&nbsp;Cont\u00f3 que vio un video de \u00abuna represi\u00f3n de hace una semana, menos quiz\u00e1s\u00bb, de la que fueron v\u00edctimas \u201cobreros y gente que ped\u00eda por sus derechos en la calle\u201d.<br>\u201cEl Gobierno se puso firme y en vez de pagar la justicia social pag\u00f3 el gas pimienta, le conven\u00eda. T\u00e9nganlo en cuenta a eso\u201d, cuestion\u00f3.<br>A lo que el Papa aludi\u00f3 fue a una de las tantas pol\u00e9micas desatadas tras las sucesivas marchas de jubilados en Buenos Aires:&nbsp;el costo de la represi\u00f3n.<br>Seg\u00fan se pudo establecer,&nbsp;el valor de cada envase de gas pimienta&nbsp;utilizado por las fuerzas de seguridad durante los mega operativos desatados por Patricia Bullrich es de&nbsp;250 mil pesos aproximadamente. M\u00e1s caro que un haber jubilatorio m\u00ednimo, que asciende a los 234 mil pesos.<br>El papa Francisco continu\u00f3 sorprendido:&nbsp;\u201cLa polic\u00eda la rechazaba (a la manifestaci\u00f3n) con una cosa que es lo m\u00e1s caro que hay, que es el gas pimienta de primera calidad\u201d&nbsp;y bajo el argumento de&nbsp;\u201cque no ten\u00edan derecho a reclamar lo suyo porque eran revoltosos, comunistas. No, no, no\u201d, juzg\u00f3.<br>\u201cT\u00e9nganlo en cuenta a eso\u201d, resalt\u00f3&nbsp;en referencia a las prioridades del gobierno de Javier Milei frente a las necesidades de los sectores m\u00e1s empobrecidos donde hizo recaer la parte m\u00e1s dura de su plan neoliberal.<br>Un caso de coimas<br>Pero la represi\u00f3n no fue el \u00fanico esc\u00e1ndalo argentino al que se refiri\u00f3 el Papa.&nbsp;Durante su alocuci\u00f3n revel\u00f3 tambi\u00e9n que tom\u00f3 conocimiento de un caso de coima en el pa\u00eds. Lo cont\u00f3 mientras hablaba sobre la \u201cavaricia\u201d de los sectores m\u00e1s ricos, a los que critic\u00f3 por \u201coponerse a la realizaci\u00f3n de la justicia social\u201d. Precisamente, uno de los t\u00f3picos de cada uno de los discursos de Javier Milei.<br>Al caso de coima lo refiri\u00f3 sin dar nombres ni precisiones.&nbsp;Relat\u00f3 que \u201cun emprendedor internacional que estaba haciendo en Argentina inversiones<\/p>\n","protected":false},"excerpt":{"rendered":"<p>El Papa Francisco cuestion\u00f3 la&nbsp;pol\u00edtica de represi\u00f3n de la administraci\u00f3n libertaria contra las manifestaciones y cont\u00f3 que vio un video de la avanzada policial contra los jubilados frente al Congreso. Se\u00f1al\u00f3 el uso de \u00abuna cosa que es lo m\u00e1s caro que hay, que es el gas pimienta de primera calidad\u201d.Durante un encuentro con movimientos &hellip;<\/p>\n","protected":false},"author":4,"featured_media":2519,"comment_status":"open","ping_status":"open","sticky":false,"template":"","format":"standard","meta":{"footnotes":""},"categories":[1],"tags":[],"class_list":["post-2518","post","type-post","status-publish","format-standard","has-post-thumbnail","","category-uncategorized"],"yoast_head":"<!-- This site is optimized with the Yoast SEO plugin v19.9 - https:\/\/yoast.com\/wordpress\/plugins\/seo\/ -->\n<title>Fuerte cr\u00edtica del Papa Francisco al protocolo de Milei: \u2018Gastaron en gas pimienta en lugar de justicia social\u2019 - RADIO LLANURA<\/title>\n<meta name=\"robots\" content=\"index, follow, max-snippet:-1, max-image-preview:large, max-video-preview:-1\" \/>\n<link rel=\"canonical\" href=\"https:\/\/fmllanura.com\/?p=2518\" \/>\n<meta property=\"og:locale\" content=\"es_ES\" \/>\n<meta property=\"og:type\" content=\"article\" \/>\n<meta property=\"og:title\" content=\"Fuerte cr\u00edtica del Papa Francisco al protocolo de Milei: \u2018Gastaron en gas pimienta en lugar de justicia social\u2019 - RADIO LLANURA\" \/>\n<meta property=\"og:description\" content=\"El Papa Francisco cuestion\u00f3 la&nbsp;pol\u00edtica de represi\u00f3n de la administraci\u00f3n libertaria contra las manifestaciones y cont\u00f3 que vio un video de la avanzada policial contra los jubilados frente al Congreso. Se\u00f1al\u00f3 el uso de \u00abuna cosa que es lo m\u00e1s caro que hay, que es el gas pimienta de primera calidad\u201d.Durante un encuentro con movimientos &hellip;\" \/>\n<meta property=\"og:url\" content=\"https:\/\/fmllanura.com\/?p=2518\" \/>\n<meta property=\"og:site_name\" content=\"RADIO LLANURA\" \/>\n<meta property=\"article:published_time\" content=\"2024-09-21T11:18:42+00:00\" \/>\n<meta property=\"article:modified_time\" content=\"2024-09-21T11:18:45+00:00\" \/>\n<meta property=\"og:image\" content=\"https:\/\/fmllanura.com\/wp-content\/uploads\/2024\/09\/papa-francisco.webp\" \/>\n\t<meta property=\"og:image:width\" content=\"601\" \/>\n\t<meta property=\"og:image:height\" content=\"401\" \/>\n\t<meta property=\"og:image:type\" content=\"image\/webp\" \/>\n<meta name=\"author\" content=\"llanura\" \/>\n<meta name=\"twitter:card\" content=\"summary_large_image\" \/>\n<meta name=\"twitter:label1\" content=\"Escrito por\" \/>\n\t<meta name=\"twitter:data1\" content=\"llanura\" \/>\n\t<meta name=\"twitter:label2\" content=\"Tiempo de lectura\" \/>\n\t<meta name=\"twitter:data2\" content=\"3 minutos\" \/>\n<script type=\"application\/ld+json\" class=\"yoast-schema-graph\">{\"@context\":\"https:\/\/schema.org\",\"@graph\":[{\"@type\":\"WebPage\",\"@id\":\"https:\/\/fmllanura.com\/?p=2518\",\"url\":\"https:\/\/fmllanura.com\/?p=2518\",\"name\":\"Fuerte cr\u00edtica del Papa Francisco al protocolo de Milei: \u2018Gastaron en gas pimienta en lugar de justicia social\u2019 - RADIO LLANURA\",\"isPartOf\":{\"@id\":\"https:\/\/fmllanura.com\/#website\"},\"datePublished\":\"2024-09-21T11:18:42+00:00\",\"dateModified\":\"2024-09-21T11:18:45+00:00\",\"author\":{\"@id\":\"https:\/\/fmllanura.com\/#\/schema\/person\/dd4b4843c2293cd8d5995d115dbd5e96\"},\"breadcrumb\":{\"@id\":\"https:\/\/fmllanura.com\/?p=2518#breadcrumb\"},\"inLanguage\":\"es\",\"potentialAction\":[{\"@type\":\"ReadAction\",\"target\":[\"https:\/\/fmllanura.com\/?p=2518\"]}]},{\"@type\":\"BreadcrumbList\",\"@id\":\"https:\/\/fmllanura.com\/?p=2518#breadcrumb\",\"itemListElement\":[{\"@type\":\"ListItem\",\"position\":1,\"name\":\"Portada\",\"item\":\"https:\/\/fmllanura.com\/\"},{\"@type\":\"ListItem\",\"position\":2,\"name\":\"Fuerte cr\u00edtica del Papa Francisco al protocolo de Milei: \u2018Gastaron en gas pimienta en lugar de justicia social\u2019\"}]},{\"@type\":\"WebSite\",\"@id\":\"https:\/\/fmllanura.com\/#website\",\"url\":\"https:\/\/fmllanura.com\/\",\"name\":\"RADIO LLANURA\",\"description\":\"\",\"potentialAction\":[{\"@type\":\"SearchAction\",\"target\":{\"@type\":\"EntryPoint\",\"urlTemplate\":\"https:\/\/fmllanura.com\/?s={search_term_string}\"},\"query-input\":\"required name=search_term_string\"}],\"inLanguage\":\"es\"},{\"@type\":\"Person\",\"@id\":\"https:\/\/fmllanura.com\/#\/schema\/person\/dd4b4843c2293cd8d5995d115dbd5e96\",\"name\":\"llanura\",\"image\":{\"@type\":\"ImageObject\",\"inLanguage\":\"es\",\"@id\":\"https:\/\/fmllanura.com\/#\/schema\/person\/image\/\",\"url\":\"https:\/\/secure.gravatar.com\/avatar\/f6ee1541937ff3e68dac011173779bde?s=96&d=mm&r=g\",\"contentUrl\":\"https:\/\/secure.gravatar.com\/avatar\/f6ee1541937ff3e68dac011173779bde?s=96&d=mm&r=g\",\"caption\":\"llanura\"},\"url\":\"https:\/\/fmllanura.com\/?author=4\"}]}<\/script>\n<!-- \/ Yoast SEO plugin. -->","yoast_head_json":{"title":"Fuerte cr\u00edtica del Papa Francisco al protocolo de Milei: \u2018Gastaron en gas pimienta en lugar de justicia social\u2019 - RADIO LLANURA","robots":{"index":"index","follow":"follow","max-snippet":"max-snippet:-1","max-image-preview":"max-image-preview:large","max-video-preview":"max-video-preview:-1"},"canonical":"https:\/\/fmllanura.com\/?p=2518","og_locale":"es_ES","og_type":"article","og_title":"Fuerte cr\u00edtica del Papa Francisco al protocolo de Milei: \u2018Gastaron en gas pimienta en lugar de justicia social\u2019 - RADIO LLANURA","og_description":"El Papa Francisco cuestion\u00f3 la&nbsp;pol\u00edtica de represi\u00f3n de la administraci\u00f3n libertaria contra las manifestaciones y cont\u00f3 que vio un video de la avanzada policial contra los jubilados frente al Congreso. Se\u00f1al\u00f3 el uso de \u00abuna cosa que es lo m\u00e1s caro que hay, que es el gas pimienta de primera calidad\u201d.Durante un encuentro con movimientos &hellip;","og_url":"https:\/\/fmllanura.com\/?p=2518","og_site_name":"RADIO LLANURA","article_published_time":"2024-09-21T11:18:42+00:00","article_modified_time":"2024-09-21T11:18:45+00:00","og_image":[{"width":601,"height":401,"url":"https:\/\/fmllanura.com\/wp-content\/uploads\/2024\/09\/papa-francisco.webp","type":"image\/webp"}],"author":"llanura","twitter_card":"summary_large_image","twitter_misc":{"Escrito por":"llanura","Tiempo de lectura":"3 minutos"},"schema":{"@context":"https:\/\/schema.org","@graph":[{"@type":"WebPage","@id":"https:\/\/fmllanura.com\/?p=2518","url":"https:\/\/fmllanura.com\/?p=2518","name":"Fuerte cr\u00edtica del Papa Francisco al protocolo de Milei: \u2018Gastaron en gas pimienta en lugar de justicia social\u2019 - RADIO LLANURA","isPartOf":{"@id":"https:\/\/fmllanura.com\/#website"},"datePublished":"2024-09-21T11:18:42+00:00","dateModified":"2024-09-21T11:18:45+00:00","author":{"@id":"https:\/\/fmllanura.com\/#\/schema\/person\/dd4b4843c2293cd8d5995d115dbd5e96"},"breadcrumb":{"@id":"https:\/\/fmllanura.com\/?p=2518#breadcrumb"},"inLanguage":"es","potentialAction":[{"@type":"ReadAction","target":["https:\/\/fmllanura.com\/?p=2518"]}]},{"@type":"BreadcrumbList","@id":"https:\/\/fmllanura.com\/?p=2518#breadcrumb","itemListElement":[{"@type":"ListItem","position":1,"name":"Portada","item":"https:\/\/fmllanura.com\/"},{"@type":"ListItem","position":2,"name":"Fuerte cr\u00edtica del Papa Francisco al protocolo de Milei: \u2018Gastaron en gas pimienta en lugar de justicia social\u2019"}]},{"@type":"WebSite","@id":"https:\/\/fmllanura.com\/#website","url":"https:\/\/fmllanura.com\/","name":"RADIO LLANURA","description":"","potentialAction":[{"@type":"SearchAction","target":{"@type":"EntryPoint","urlTemplate":"https:\/\/fmllanura.com\/?s={search_term_string}"},"query-input":"required name=search_term_string"}],"inLanguage":"es"},{"@type":"Person","@id":"https:\/\/fmllanura.com\/#\/schema\/person\/dd4b4843c2293cd8d5995d115dbd5e96","name":"llanura","image":{"@type":"ImageObject","inLanguage":"es","@id":"https:\/\/fmllanura.com\/#\/schema\/person\/image\/","url":"https:\/\/secure.gravatar.com\/avatar\/f6ee1541937ff3e68dac011173779bde?s=96&d=mm&r=g","contentUrl":"https:\/\/secure.gravatar.com\/avatar\/f6ee1541937ff3e68dac011173779bde?s=96&d=mm&r=g","caption":"llanura"},"url":"https:\/\/fmllanura.com\/?author=4"}]}},"_links":{"self":[{"href":"https:\/\/fmllanura.com\/index.php?rest_route=\/wp\/v2\/posts\/2518"}],"collection":[{"href":"https:\/\/fmllanura.com\/index.php?rest_route=\/wp\/v2\/posts"}],"about":[{"href":"https:\/\/fmllanura.com\/index.php?rest_route=\/wp\/v2\/types\/post"}],"author":[{"embeddable":true,"href":"https:\/\/fmllanura.com\/index.php?rest_route=\/wp\/v2\/users\/4"}],"replies":[{"embeddable":true,"href":"https:\/\/fmllanura.com\/index.php?rest_route=%2Fwp%2Fv2%2Fcomments&post=2518"}],"version-history":[{"count":1,"href":"https:\/\/fmllanura.com\/index.php?rest_route=\/wp\/v2\/posts\/2518\/revisions"}],"predecessor-version":[{"id":2520,"href":"https:\/\/fmllanura.com\/index.php?rest_route=\/wp\/v2\/posts\/2518\/revisions\/2520"}],"wp:featuredmedia":[{"embeddable":true,"href":"https:\/\/fmllanura.com\/index.php?rest_route=\/wp\/v2\/media\/2519"}],"wp:attachment":[{"href":"https:\/\/fmllanura.com\/index.php?rest_route=%2Fwp%2Fv2%2Fmedia&parent=2518"}],"wp:term":[{"taxonomy":"category","embeddable":true,"href":"https:\/\/fmllanura.com\/index.php?rest_route=%2Fwp%2Fv2%2Fcategories&post=2518"},{"taxonomy":"post_tag","embeddable":true,"href":"https:\/\/fmllanura.com\/index.php?rest_route=%2Fwp%2Fv2%2Ftags&post=2518"}],"curies":[{"name":"wp","href":"https:\/\/api.w.org\/{rel}","templated":true}]}}