{"id":2638,"date":"2024-10-02T16:42:46","date_gmt":"2024-10-02T16:42:46","guid":{"rendered":"https:\/\/fmllanura.com\/?p=2638"},"modified":"2024-10-02T16:42:48","modified_gmt":"2024-10-02T16:42:48","slug":"en-la-pampa-estiman-una-masiva-adhesion-a-la-marcha-nacional-universitaria-y-al-paro-de-este-miercoles","status":"publish","type":"post","link":"https:\/\/fmllanura.com\/?p=2638","title":{"rendered":"En La Pampa estiman una masiva adhesi\u00f3n a la marcha nacional universitaria y al paro de este mi\u00e9rcoles"},"content":{"rendered":"\n<figure class=\"wp-block-image size-full\"><img loading=\"lazy\" decoding=\"async\" width=\"752\" height=\"440\" src=\"https:\/\/fmllanura.com\/wp-content\/uploads\/2024\/10\/17278870684954085699620797459921.jpg\" alt=\"\" class=\"wp-image-2640\" srcset=\"https:\/\/fmllanura.com\/wp-content\/uploads\/2024\/10\/17278870684954085699620797459921.jpg 752w, https:\/\/fmllanura.com\/wp-content\/uploads\/2024\/10\/17278870684954085699620797459921-300x176.jpg 300w\" sizes=\"(max-width: 752px) 100vw, 752px\" \/><\/figure>\n\n\n\n<p>El secretario General de ADU, Santiago Audisio convoc\u00f3 a la marcha federal universitaria para este mi\u00e9rcoles a la tarde en Santa Rosa y General Pico. \u00abCada tres docentes, dos somos pobres. Y hay docentes con salarios de indigencia. Esta movilizaci\u00f3n es por financiaci\u00f3n y salarios. Adem\u00e1s, est\u00e1n destruyendo el aparato y los elementos de investigaci\u00f3n y tecnol\u00f3gicos del pa\u00eds y las universidades. El 70% de las investigaciones, se llevan a cabo en el \u00e1mbito universitario\u00bb, enfatiz\u00f3.\u00abPor este contexto, el gobierno nos est\u00e1 llevando a una agon\u00eda lenta y busca que la universidad se destruya y pueda ser privatizada. Estamos exigiendo y demandando que no se vete la ley\u00bb, asegur\u00f3. Audisio fue vocero de la convocatoria que realizaron, adem\u00e1s de ADU, los gremios de las CTA Aut\u00f3noma y de los Trabajadores y de movimientos sociales\u00bb, expres\u00f3.. La Segunda Marcha Federal Universitaria es organizada por la Universidad Nacional de La Pampa a trav\u00e9s de su Comisi\u00f3n Especial de Defensa de la Educaci\u00f3n P\u00fablica conformada por consejeras y consejeros superiores, el gremio docente ADU, el gremio nodocente APULP, y los Centros de Estudiantes.\u00abConvocamos tanto en Santa Rosa como en General Pico a la marcha que se realizar\u00e1 por la tarde. Las actividades comenzar\u00e1n a las 16, con intervenciones art\u00edsticas y de investigadores e investigadoras. Y, a las 18,30, vamos a marchar en Santa Rosa\u00bb, precis\u00f3. \u00abEn el caso de General Pico, la concentraci\u00f3n es a las 18 horas en la Facultad de Veterinaria, pasa por el Centro Universitario y marchan al Comedor Universitario\u00bb, dijo. Agreg\u00f3 que \u00aben nuestro caso, nuestra concentraci\u00f3n es en la sede central de la Universidad, en Gil al 300 y en las escalinatas haremos este encuentro art\u00edstico para expresarnos en contra del veto\u00bb.\u00abEstamos ac\u00e1 compa\u00f1eros y compa\u00f1eras de las dos CTA y nosotros un poco como anfitriones, que somos la Asociaci\u00f3n de Docentes Universitarios. Esto se trata de la convocatoria que hacemos el gremio en el contexto que lo hace el Consejo Interuniversitario Nacional (CIN) en el contexto de la intersindical docente y no docente y la FUA a nivel nacional y a nivel local transmitiendo esta medida de fuerza que estamos haciendo todos y todas, convocamos a la marcha de este 2 de octubre para que el presidente no vete la ley de financiaci\u00f3n\u00bb, expres\u00f3 . \u00abLa situaci\u00f3n extrema a lo que nos ha llevado el gobierno que tiene que ver con la falta de financiaci\u00f3n y de gastos, y despu\u00e9s con la licuaci\u00f3n de nuestros salarios; cada tres docentes, dos somos pobres y tenemos docentes con salarios de indigencia. Se est\u00e1 destruyendo los elementos de investigaci\u00f3n y tecnol\u00f3gico que tiene el pa\u00eds. En este contexto y porque el gobierno nos est\u00e1 llevando a una agon\u00eda lenta, buscando que la universidad se destruya, en el sentido de privatizarla o arancelada, es que estamos exigiendo que no se vete la ley\u00bb, afirm\u00f3. <\/p>\n\n\n\n<p>Paro docenteLa secretaria General de UTELPa, Rosana Gugliara inform\u00f3 que el gremio adem\u00e1s de movilizarse en la jornada de este mi\u00e9rcoles, adhiri\u00f3 al paro genera convocado por CTERA a nivel nacional. \u00abLlamamos a este paro y esta marcha federal por el financimiento de la educaci\u00f3n, la defensa de la educaci\u00f3n p\u00fablica, la universidad p\u00fablica, y la restituci\u00f3n del FONID. Desde ese lugar estamos convocando y concentr\u00e1ndonos\u00bb, asegur\u00f3. UTELPa particip\u00f3 esta ma\u00f1ana de la conferencia de prensa junto a CTA- CTA A y ADU, organizaciones sociales y pol\u00edticas para convocar a los y las docentes junto a toda la comunidad al paro y marcha educativa el 2 de octubre en la ciudad capital de la provincia.Los puntos del reclamo que resalt\u00f3 el gremio docente:En defensa del presupuesto educativo.Por la restituci\u00f3n del FONID.Por los fondos para infraestructura escolar, becas, comedores escolares.Contra las reformas jubilatorias.Contra el ajuste en educaci\u00f3n t\u00e9cnica.Fondos para las Universidades.Por una Nueva Ley de Financiamiento Educativo.\u00abDesde que asumi\u00f3 el gobierno de Milei venimos exigiendo paritaria nacional docente, FONID, fondos para comedores escolares, infraestructura y programas nacionales educativos, formaci\u00f3n docente. La respuesta del gobierno nacional es de un ajuste y desfinanciamiento como nunca antes en cuarentena a\u00f1os democracia\u00bb, expres\u00f3 la secretaria general.\u00abEl gobierno nacional no puede desentenderse de la educaci\u00f3n p\u00fablica, como establece la \u201cLey de Educaci\u00f3n Nacional\u201d la educaci\u00f3n p\u00fablica es un derecho social que debe garantizar el Estado\u00bb, resalt\u00f3.\u00abConvocamos a marchar el 2 de octubre para defender la educaci\u00f3n p\u00fablica y frenar el brutal ajuste del gobierno nacional a la educaci\u00f3n\u00bb, concluy\u00f3.<\/p>\n","protected":false},"excerpt":{"rendered":"<p>El secretario General de ADU, Santiago Audisio convoc\u00f3 a la marcha federal universitaria para este mi\u00e9rcoles a la tarde en Santa Rosa y General Pico. \u00abCada tres docentes, dos somos pobres. Y hay docentes con salarios de indigencia. Esta movilizaci\u00f3n es por financiaci\u00f3n y salarios. Adem\u00e1s, est\u00e1n destruyendo el aparato y los elementos de investigaci\u00f3n &hellip;<\/p>\n","protected":false},"author":4,"featured_media":2640,"comment_status":"open","ping_status":"open","sticky":false,"template":"","format":"standard","meta":{"footnotes":""},"categories":[1],"tags":[],"class_list":["post-2638","post","type-post","status-publish","format-standard","has-post-thumbnail","","category-uncategorized"],"yoast_head":"<!-- This site is optimized with the Yoast SEO plugin v19.9 - https:\/\/yoast.com\/wordpress\/plugins\/seo\/ -->\n<title>En La Pampa estiman una masiva adhesi\u00f3n a la marcha nacional universitaria y al paro de este mi\u00e9rcoles - RADIO LLANURA<\/title>\n<meta name=\"robots\" content=\"index, follow, max-snippet:-1, max-image-preview:large, max-video-preview:-1\" \/>\n<link rel=\"canonical\" href=\"https:\/\/fmllanura.com\/?p=2638\" \/>\n<meta property=\"og:locale\" content=\"es_ES\" \/>\n<meta property=\"og:type\" content=\"article\" \/>\n<meta property=\"og:title\" content=\"En La Pampa estiman una masiva adhesi\u00f3n a la marcha nacional universitaria y al paro de este mi\u00e9rcoles - RADIO LLANURA\" \/>\n<meta property=\"og:description\" content=\"El secretario General de ADU, Santiago Audisio convoc\u00f3 a la marcha federal universitaria para este mi\u00e9rcoles a la tarde en Santa Rosa y General Pico. \u00abCada tres docentes, dos somos pobres. Y hay docentes con salarios de indigencia. Esta movilizaci\u00f3n es por financiaci\u00f3n y salarios. Adem\u00e1s, est\u00e1n destruyendo el aparato y los elementos de investigaci\u00f3n &hellip;\" \/>\n<meta property=\"og:url\" content=\"https:\/\/fmllanura.com\/?p=2638\" \/>\n<meta property=\"og:site_name\" content=\"RADIO LLANURA\" \/>\n<meta property=\"article:published_time\" content=\"2024-10-02T16:42:46+00:00\" \/>\n<meta property=\"article:modified_time\" content=\"2024-10-02T16:42:48+00:00\" \/>\n<meta property=\"og:image\" content=\"https:\/\/fmllanura.com\/wp-content\/uploads\/2024\/10\/17278870684954085699620797459921.jpg\" \/>\n\t<meta property=\"og:image:width\" content=\"752\" \/>\n\t<meta property=\"og:image:height\" content=\"440\" \/>\n\t<meta property=\"og:image:type\" content=\"image\/jpeg\" \/>\n<meta name=\"author\" content=\"llanura\" \/>\n<meta name=\"twitter:card\" content=\"summary_large_image\" \/>\n<meta name=\"twitter:label1\" content=\"Escrito por\" \/>\n\t<meta name=\"twitter:data1\" content=\"llanura\" \/>\n\t<meta name=\"twitter:label2\" content=\"Tiempo de lectura\" \/>\n\t<meta name=\"twitter:data2\" content=\"4 minutos\" \/>\n<script type=\"application\/ld+json\" class=\"yoast-schema-graph\">{\"@context\":\"https:\/\/schema.org\",\"@graph\":[{\"@type\":\"WebPage\",\"@id\":\"https:\/\/fmllanura.com\/?p=2638\",\"url\":\"https:\/\/fmllanura.com\/?p=2638\",\"name\":\"En La Pampa estiman una masiva adhesi\u00f3n a la marcha nacional universitaria y al paro de este mi\u00e9rcoles - RADIO LLANURA\",\"isPartOf\":{\"@id\":\"https:\/\/fmllanura.com\/#website\"},\"datePublished\":\"2024-10-02T16:42:46+00:00\",\"dateModified\":\"2024-10-02T16:42:48+00:00\",\"author\":{\"@id\":\"https:\/\/fmllanura.com\/#\/schema\/person\/dd4b4843c2293cd8d5995d115dbd5e96\"},\"breadcrumb\":{\"@id\":\"https:\/\/fmllanura.com\/?p=2638#breadcrumb\"},\"inLanguage\":\"es\",\"potentialAction\":[{\"@type\":\"ReadAction\",\"target\":[\"https:\/\/fmllanura.com\/?p=2638\"]}]},{\"@type\":\"BreadcrumbList\",\"@id\":\"https:\/\/fmllanura.com\/?p=2638#breadcrumb\",\"itemListElement\":[{\"@type\":\"ListItem\",\"position\":1,\"name\":\"Portada\",\"item\":\"https:\/\/fmllanura.com\/\"},{\"@type\":\"ListItem\",\"position\":2,\"name\":\"En La Pampa estiman una masiva adhesi\u00f3n a la marcha nacional universitaria y al paro de este mi\u00e9rcoles\"}]},{\"@type\":\"WebSite\",\"@id\":\"https:\/\/fmllanura.com\/#website\",\"url\":\"https:\/\/fmllanura.com\/\",\"name\":\"RADIO LLANURA\",\"description\":\"\",\"potentialAction\":[{\"@type\":\"SearchAction\",\"target\":{\"@type\":\"EntryPoint\",\"urlTemplate\":\"https:\/\/fmllanura.com\/?s={search_term_string}\"},\"query-input\":\"required name=search_term_string\"}],\"inLanguage\":\"es\"},{\"@type\":\"Person\",\"@id\":\"https:\/\/fmllanura.com\/#\/schema\/person\/dd4b4843c2293cd8d5995d115dbd5e96\",\"name\":\"llanura\",\"image\":{\"@type\":\"ImageObject\",\"inLanguage\":\"es\",\"@id\":\"https:\/\/fmllanura.com\/#\/schema\/person\/image\/\",\"url\":\"https:\/\/secure.gravatar.com\/avatar\/f6ee1541937ff3e68dac011173779bde?s=96&d=mm&r=g\",\"contentUrl\":\"https:\/\/secure.gravatar.com\/avatar\/f6ee1541937ff3e68dac011173779bde?s=96&d=mm&r=g\",\"caption\":\"llanura\"},\"url\":\"https:\/\/fmllanura.com\/?author=4\"}]}<\/script>\n<!-- \/ Yoast SEO plugin. -->","yoast_head_json":{"title":"En La Pampa estiman una masiva adhesi\u00f3n a la marcha nacional universitaria y al paro de este mi\u00e9rcoles - RADIO LLANURA","robots":{"index":"index","follow":"follow","max-snippet":"max-snippet:-1","max-image-preview":"max-image-preview:large","max-video-preview":"max-video-preview:-1"},"canonical":"https:\/\/fmllanura.com\/?p=2638","og_locale":"es_ES","og_type":"article","og_title":"En La Pampa estiman una masiva adhesi\u00f3n a la marcha nacional universitaria y al paro de este mi\u00e9rcoles - RADIO LLANURA","og_description":"El secretario General de ADU, Santiago Audisio convoc\u00f3 a la marcha federal universitaria para este mi\u00e9rcoles a la tarde en Santa Rosa y General Pico. \u00abCada tres docentes, dos somos pobres. Y hay docentes con salarios de indigencia. Esta movilizaci\u00f3n es por financiaci\u00f3n y salarios. Adem\u00e1s, est\u00e1n destruyendo el aparato y los elementos de investigaci\u00f3n &hellip;","og_url":"https:\/\/fmllanura.com\/?p=2638","og_site_name":"RADIO LLANURA","article_published_time":"2024-10-02T16:42:46+00:00","article_modified_time":"2024-10-02T16:42:48+00:00","og_image":[{"width":752,"height":440,"url":"https:\/\/fmllanura.com\/wp-content\/uploads\/2024\/10\/17278870684954085699620797459921.jpg","type":"image\/jpeg"}],"author":"llanura","twitter_card":"summary_large_image","twitter_misc":{"Escrito por":"llanura","Tiempo de lectura":"4 minutos"},"schema":{"@context":"https:\/\/schema.org","@graph":[{"@type":"WebPage","@id":"https:\/\/fmllanura.com\/?p=2638","url":"https:\/\/fmllanura.com\/?p=2638","name":"En La Pampa estiman una masiva adhesi\u00f3n a la marcha nacional universitaria y al paro de este mi\u00e9rcoles - RADIO LLANURA","isPartOf":{"@id":"https:\/\/fmllanura.com\/#website"},"datePublished":"2024-10-02T16:42:46+00:00","dateModified":"2024-10-02T16:42:48+00:00","author":{"@id":"https:\/\/fmllanura.com\/#\/schema\/person\/dd4b4843c2293cd8d5995d115dbd5e96"},"breadcrumb":{"@id":"https:\/\/fmllanura.com\/?p=2638#breadcrumb"},"inLanguage":"es","potentialAction":[{"@type":"ReadAction","target":["https:\/\/fmllanura.com\/?p=2638"]}]},{"@type":"BreadcrumbList","@id":"https:\/\/fmllanura.com\/?p=2638#breadcrumb","itemListElement":[{"@type":"ListItem","position":1,"name":"Portada","item":"https:\/\/fmllanura.com\/"},{"@type":"ListItem","position":2,"name":"En La Pampa estiman una masiva adhesi\u00f3n a la marcha nacional universitaria y al paro de este mi\u00e9rcoles"}]},{"@type":"WebSite","@id":"https:\/\/fmllanura.com\/#website","url":"https:\/\/fmllanura.com\/","name":"RADIO LLANURA","description":"","potentialAction":[{"@type":"SearchAction","target":{"@type":"EntryPoint","urlTemplate":"https:\/\/fmllanura.com\/?s={search_term_string}"},"query-input":"required name=search_term_string"}],"inLanguage":"es"},{"@type":"Person","@id":"https:\/\/fmllanura.com\/#\/schema\/person\/dd4b4843c2293cd8d5995d115dbd5e96","name":"llanura","image":{"@type":"ImageObject","inLanguage":"es","@id":"https:\/\/fmllanura.com\/#\/schema\/person\/image\/","url":"https:\/\/secure.gravatar.com\/avatar\/f6ee1541937ff3e68dac011173779bde?s=96&d=mm&r=g","contentUrl":"https:\/\/secure.gravatar.com\/avatar\/f6ee1541937ff3e68dac011173779bde?s=96&d=mm&r=g","caption":"llanura"},"url":"https:\/\/fmllanura.com\/?author=4"}]}},"_links":{"self":[{"href":"https:\/\/fmllanura.com\/index.php?rest_route=\/wp\/v2\/posts\/2638"}],"collection":[{"href":"https:\/\/fmllanura.com\/index.php?rest_route=\/wp\/v2\/posts"}],"about":[{"href":"https:\/\/fmllanura.com\/index.php?rest_route=\/wp\/v2\/types\/post"}],"author":[{"embeddable":true,"href":"https:\/\/fmllanura.com\/index.php?rest_route=\/wp\/v2\/users\/4"}],"replies":[{"embeddable":true,"href":"https:\/\/fmllanura.com\/index.php?rest_route=%2Fwp%2Fv2%2Fcomments&post=2638"}],"version-history":[{"count":1,"href":"https:\/\/fmllanura.com\/index.php?rest_route=\/wp\/v2\/posts\/2638\/revisions"}],"predecessor-version":[{"id":2641,"href":"https:\/\/fmllanura.com\/index.php?rest_route=\/wp\/v2\/posts\/2638\/revisions\/2641"}],"wp:featuredmedia":[{"embeddable":true,"href":"https:\/\/fmllanura.com\/index.php?rest_route=\/wp\/v2\/media\/2640"}],"wp:attachment":[{"href":"https:\/\/fmllanura.com\/index.php?rest_route=%2Fwp%2Fv2%2Fmedia&parent=2638"}],"wp:term":[{"taxonomy":"category","embeddable":true,"href":"https:\/\/fmllanura.com\/index.php?rest_route=%2Fwp%2Fv2%2Fcategories&post=2638"},{"taxonomy":"post_tag","embeddable":true,"href":"https:\/\/fmllanura.com\/index.php?rest_route=%2Fwp%2Fv2%2Ftags&post=2638"}],"curies":[{"name":"wp","href":"https:\/\/api.w.org\/{rel}","templated":true}]}}