{"id":2639,"date":"2024-10-02T16:45:36","date_gmt":"2024-10-02T16:45:36","guid":{"rendered":"https:\/\/fmllanura.com\/?p=2639"},"modified":"2024-10-02T16:45:37","modified_gmt":"2024-10-02T16:45:37","slug":"docentes-se-autoconvocaron-en-luiggi-se-sumaron-al-reclamo-nacional-y-ademas-pidieron-a-las-autoridades-provinciales-un-sueldo-digno","status":"publish","type":"post","link":"https:\/\/fmllanura.com\/?p=2639","title":{"rendered":"Docentes se autoconvocaron en Luiggi: se sumaron al reclamo nacional, y adem\u00e1s pidieron a las autoridades provinciales un \u00absueldo digno\u00bb"},"content":{"rendered":"\n<figure class=\"wp-block-image size-full\"><img loading=\"lazy\" decoding=\"async\" width=\"752\" height=\"440\" src=\"https:\/\/fmllanura.com\/wp-content\/uploads\/2024\/10\/17278874414846340390435307643608.jpg\" alt=\"\" class=\"wp-image-2644\" srcset=\"https:\/\/fmllanura.com\/wp-content\/uploads\/2024\/10\/17278874414846340390435307643608.jpg 752w, https:\/\/fmllanura.com\/wp-content\/uploads\/2024\/10\/17278874414846340390435307643608-300x176.jpg 300w\" sizes=\"(max-width: 752px) 100vw, 752px\" \/><\/figure>\n\n\n\n<p>En horas de la ma\u00f1ana de este mi\u00e9rcoles, docentes autoconvovados de Ingeniero Luiggi y Caleuf\u00fa se concentraron en la plazoleta Dr. Marsal para apoyar la marcha a nivel nacional en reclamo del presupuesto universaritario y en defensa de la Universidad P\u00fablica.Adem\u00e1s los docentes hicieron su reclamo \u00aba las autoridades provinciales por un sueldo digno y a Utelpa por una representaci\u00f3n como corresponde a los docentes\u00bb.En el marco de la concentraci\u00f3n. los docentes expresaron que \u00ablos sueldos en La Pampa, est\u00e1n por debajo del \u00edndice de la canasta b\u00e1sica\u00bb, por lo que la protesta tambi\u00e9n fue hacia las autoridades provinciales y al gremio UTELPa.Recordemos que ayer UTELPA anunci\u00f3 el apoyo al reclamo de las universidades p\u00fablicas a nivel nacional y adhiri\u00f3 al paro general convocado por CTERA.\u00abLlamamos a este paro y esta marcha federal por el financimiento de la educaci\u00f3n, la defensa de la educaci\u00f3n p\u00fablica, la universidad p\u00fablica, y la restituci\u00f3n del FONID. Desde ese lugar estamos convocando y concentr\u00e1ndonos\u00bb, asegur\u00f3 en la conferencia de prensa la secretaria general del gremio docentes Rosana Gugliara junto a dirigentes de la CTA- CTA A y ADU y dem\u00e1s organizaciones sociales.Sin embargo muchos docentes plantearon no sentirse \u00abbien representados\u00bb por el gremio docente y le exigieron una \u00abuna representaci\u00f3n genuina\u00bb ante las autoridades provinciales en defensa de un sueldo digno \u00absuperior a la canasta b\u00e1sica\u00bb.<\/p>\n\n\n\n<p>Adem\u00e1s los docentes presentes expresaron su apoyo a la marcha nacional en defensa del presupuesto educativo y la Universidad P\u00fablica.<\/p>\n","protected":false},"excerpt":{"rendered":"<p>En horas de la ma\u00f1ana de este mi\u00e9rcoles, docentes autoconvovados de Ingeniero Luiggi y Caleuf\u00fa se concentraron en la plazoleta Dr. Marsal para apoyar la marcha a nivel nacional en reclamo del presupuesto universaritario y en defensa de la Universidad P\u00fablica.Adem\u00e1s los docentes hicieron su reclamo \u00aba las autoridades provinciales por un sueldo digno y &hellip;<\/p>\n","protected":false},"author":4,"featured_media":2644,"comment_status":"open","ping_status":"open","sticky":false,"template":"","format":"standard","meta":{"footnotes":""},"categories":[1],"tags":[],"class_list":["post-2639","post","type-post","status-publish","format-standard","has-post-thumbnail","","category-uncategorized"],"yoast_head":"<!-- This site is optimized with the Yoast SEO plugin v19.9 - https:\/\/yoast.com\/wordpress\/plugins\/seo\/ -->\n<title>Docentes se autoconvocaron en Luiggi: se sumaron al reclamo nacional, y adem\u00e1s pidieron a las autoridades provinciales un \u00absueldo digno\u00bb - RADIO LLANURA<\/title>\n<meta name=\"robots\" content=\"index, follow, max-snippet:-1, max-image-preview:large, max-video-preview:-1\" \/>\n<link rel=\"canonical\" href=\"https:\/\/fmllanura.com\/?p=2639\" \/>\n<meta property=\"og:locale\" content=\"es_ES\" \/>\n<meta property=\"og:type\" content=\"article\" \/>\n<meta property=\"og:title\" content=\"Docentes se autoconvocaron en Luiggi: se sumaron al reclamo nacional, y adem\u00e1s pidieron a las autoridades provinciales un \u00absueldo digno\u00bb - RADIO LLANURA\" \/>\n<meta property=\"og:description\" content=\"En horas de la ma\u00f1ana de este mi\u00e9rcoles, docentes autoconvovados de Ingeniero Luiggi y Caleuf\u00fa se concentraron en la plazoleta Dr. Marsal para apoyar la marcha a nivel nacional en reclamo del presupuesto universaritario y en defensa de la Universidad P\u00fablica.Adem\u00e1s los docentes hicieron su reclamo \u00aba las autoridades provinciales por un sueldo digno y &hellip;\" \/>\n<meta property=\"og:url\" content=\"https:\/\/fmllanura.com\/?p=2639\" \/>\n<meta property=\"og:site_name\" content=\"RADIO LLANURA\" \/>\n<meta property=\"article:published_time\" content=\"2024-10-02T16:45:36+00:00\" \/>\n<meta property=\"article:modified_time\" content=\"2024-10-02T16:45:37+00:00\" \/>\n<meta property=\"og:image\" content=\"https:\/\/fmllanura.com\/wp-content\/uploads\/2024\/10\/17278874414846340390435307643608.jpg\" \/>\n\t<meta property=\"og:image:width\" content=\"752\" \/>\n\t<meta property=\"og:image:height\" content=\"440\" \/>\n\t<meta property=\"og:image:type\" content=\"image\/jpeg\" \/>\n<meta name=\"author\" content=\"llanura\" \/>\n<meta name=\"twitter:card\" content=\"summary_large_image\" \/>\n<meta name=\"twitter:label1\" content=\"Escrito por\" \/>\n\t<meta name=\"twitter:data1\" content=\"llanura\" \/>\n\t<meta name=\"twitter:label2\" content=\"Tiempo de lectura\" \/>\n\t<meta name=\"twitter:data2\" content=\"2 minutos\" \/>\n<script type=\"application\/ld+json\" class=\"yoast-schema-graph\">{\"@context\":\"https:\/\/schema.org\",\"@graph\":[{\"@type\":\"WebPage\",\"@id\":\"https:\/\/fmllanura.com\/?p=2639\",\"url\":\"https:\/\/fmllanura.com\/?p=2639\",\"name\":\"Docentes se autoconvocaron en Luiggi: se sumaron al reclamo nacional, y adem\u00e1s pidieron a las autoridades provinciales un \u00absueldo digno\u00bb - RADIO LLANURA\",\"isPartOf\":{\"@id\":\"https:\/\/fmllanura.com\/#website\"},\"datePublished\":\"2024-10-02T16:45:36+00:00\",\"dateModified\":\"2024-10-02T16:45:37+00:00\",\"author\":{\"@id\":\"https:\/\/fmllanura.com\/#\/schema\/person\/dd4b4843c2293cd8d5995d115dbd5e96\"},\"breadcrumb\":{\"@id\":\"https:\/\/fmllanura.com\/?p=2639#breadcrumb\"},\"inLanguage\":\"es\",\"potentialAction\":[{\"@type\":\"ReadAction\",\"target\":[\"https:\/\/fmllanura.com\/?p=2639\"]}]},{\"@type\":\"BreadcrumbList\",\"@id\":\"https:\/\/fmllanura.com\/?p=2639#breadcrumb\",\"itemListElement\":[{\"@type\":\"ListItem\",\"position\":1,\"name\":\"Portada\",\"item\":\"https:\/\/fmllanura.com\/\"},{\"@type\":\"ListItem\",\"position\":2,\"name\":\"Docentes se autoconvocaron en Luiggi: se sumaron al reclamo nacional, y adem\u00e1s pidieron a las autoridades provinciales un \u00absueldo digno\u00bb\"}]},{\"@type\":\"WebSite\",\"@id\":\"https:\/\/fmllanura.com\/#website\",\"url\":\"https:\/\/fmllanura.com\/\",\"name\":\"RADIO LLANURA\",\"description\":\"\",\"potentialAction\":[{\"@type\":\"SearchAction\",\"target\":{\"@type\":\"EntryPoint\",\"urlTemplate\":\"https:\/\/fmllanura.com\/?s={search_term_string}\"},\"query-input\":\"required name=search_term_string\"}],\"inLanguage\":\"es\"},{\"@type\":\"Person\",\"@id\":\"https:\/\/fmllanura.com\/#\/schema\/person\/dd4b4843c2293cd8d5995d115dbd5e96\",\"name\":\"llanura\",\"image\":{\"@type\":\"ImageObject\",\"inLanguage\":\"es\",\"@id\":\"https:\/\/fmllanura.com\/#\/schema\/person\/image\/\",\"url\":\"https:\/\/secure.gravatar.com\/avatar\/f6ee1541937ff3e68dac011173779bde?s=96&d=mm&r=g\",\"contentUrl\":\"https:\/\/secure.gravatar.com\/avatar\/f6ee1541937ff3e68dac011173779bde?s=96&d=mm&r=g\",\"caption\":\"llanura\"},\"url\":\"https:\/\/fmllanura.com\/?author=4\"}]}<\/script>\n<!-- \/ Yoast SEO plugin. -->","yoast_head_json":{"title":"Docentes se autoconvocaron en Luiggi: se sumaron al reclamo nacional, y adem\u00e1s pidieron a las autoridades provinciales un \u00absueldo digno\u00bb - RADIO LLANURA","robots":{"index":"index","follow":"follow","max-snippet":"max-snippet:-1","max-image-preview":"max-image-preview:large","max-video-preview":"max-video-preview:-1"},"canonical":"https:\/\/fmllanura.com\/?p=2639","og_locale":"es_ES","og_type":"article","og_title":"Docentes se autoconvocaron en Luiggi: se sumaron al reclamo nacional, y adem\u00e1s pidieron a las autoridades provinciales un \u00absueldo digno\u00bb - RADIO LLANURA","og_description":"En horas de la ma\u00f1ana de este mi\u00e9rcoles, docentes autoconvovados de Ingeniero Luiggi y Caleuf\u00fa se concentraron en la plazoleta Dr. Marsal para apoyar la marcha a nivel nacional en reclamo del presupuesto universaritario y en defensa de la Universidad P\u00fablica.Adem\u00e1s los docentes hicieron su reclamo \u00aba las autoridades provinciales por un sueldo digno y &hellip;","og_url":"https:\/\/fmllanura.com\/?p=2639","og_site_name":"RADIO LLANURA","article_published_time":"2024-10-02T16:45:36+00:00","article_modified_time":"2024-10-02T16:45:37+00:00","og_image":[{"width":752,"height":440,"url":"https:\/\/fmllanura.com\/wp-content\/uploads\/2024\/10\/17278874414846340390435307643608.jpg","type":"image\/jpeg"}],"author":"llanura","twitter_card":"summary_large_image","twitter_misc":{"Escrito por":"llanura","Tiempo de lectura":"2 minutos"},"schema":{"@context":"https:\/\/schema.org","@graph":[{"@type":"WebPage","@id":"https:\/\/fmllanura.com\/?p=2639","url":"https:\/\/fmllanura.com\/?p=2639","name":"Docentes se autoconvocaron en Luiggi: se sumaron al reclamo nacional, y adem\u00e1s pidieron a las autoridades provinciales un \u00absueldo digno\u00bb - RADIO LLANURA","isPartOf":{"@id":"https:\/\/fmllanura.com\/#website"},"datePublished":"2024-10-02T16:45:36+00:00","dateModified":"2024-10-02T16:45:37+00:00","author":{"@id":"https:\/\/fmllanura.com\/#\/schema\/person\/dd4b4843c2293cd8d5995d115dbd5e96"},"breadcrumb":{"@id":"https:\/\/fmllanura.com\/?p=2639#breadcrumb"},"inLanguage":"es","potentialAction":[{"@type":"ReadAction","target":["https:\/\/fmllanura.com\/?p=2639"]}]},{"@type":"BreadcrumbList","@id":"https:\/\/fmllanura.com\/?p=2639#breadcrumb","itemListElement":[{"@type":"ListItem","position":1,"name":"Portada","item":"https:\/\/fmllanura.com\/"},{"@type":"ListItem","position":2,"name":"Docentes se autoconvocaron en Luiggi: se sumaron al reclamo nacional, y adem\u00e1s pidieron a las autoridades provinciales un \u00absueldo digno\u00bb"}]},{"@type":"WebSite","@id":"https:\/\/fmllanura.com\/#website","url":"https:\/\/fmllanura.com\/","name":"RADIO LLANURA","description":"","potentialAction":[{"@type":"SearchAction","target":{"@type":"EntryPoint","urlTemplate":"https:\/\/fmllanura.com\/?s={search_term_string}"},"query-input":"required name=search_term_string"}],"inLanguage":"es"},{"@type":"Person","@id":"https:\/\/fmllanura.com\/#\/schema\/person\/dd4b4843c2293cd8d5995d115dbd5e96","name":"llanura","image":{"@type":"ImageObject","inLanguage":"es","@id":"https:\/\/fmllanura.com\/#\/schema\/person\/image\/","url":"https:\/\/secure.gravatar.com\/avatar\/f6ee1541937ff3e68dac011173779bde?s=96&d=mm&r=g","contentUrl":"https:\/\/secure.gravatar.com\/avatar\/f6ee1541937ff3e68dac011173779bde?s=96&d=mm&r=g","caption":"llanura"},"url":"https:\/\/fmllanura.com\/?author=4"}]}},"_links":{"self":[{"href":"https:\/\/fmllanura.com\/index.php?rest_route=\/wp\/v2\/posts\/2639"}],"collection":[{"href":"https:\/\/fmllanura.com\/index.php?rest_route=\/wp\/v2\/posts"}],"about":[{"href":"https:\/\/fmllanura.com\/index.php?rest_route=\/wp\/v2\/types\/post"}],"author":[{"embeddable":true,"href":"https:\/\/fmllanura.com\/index.php?rest_route=\/wp\/v2\/users\/4"}],"replies":[{"embeddable":true,"href":"https:\/\/fmllanura.com\/index.php?rest_route=%2Fwp%2Fv2%2Fcomments&post=2639"}],"version-history":[{"count":1,"href":"https:\/\/fmllanura.com\/index.php?rest_route=\/wp\/v2\/posts\/2639\/revisions"}],"predecessor-version":[{"id":2646,"href":"https:\/\/fmllanura.com\/index.php?rest_route=\/wp\/v2\/posts\/2639\/revisions\/2646"}],"wp:featuredmedia":[{"embeddable":true,"href":"https:\/\/fmllanura.com\/index.php?rest_route=\/wp\/v2\/media\/2644"}],"wp:attachment":[{"href":"https:\/\/fmllanura.com\/index.php?rest_route=%2Fwp%2Fv2%2Fmedia&parent=2639"}],"wp:term":[{"taxonomy":"category","embeddable":true,"href":"https:\/\/fmllanura.com\/index.php?rest_route=%2Fwp%2Fv2%2Fcategories&post=2639"},{"taxonomy":"post_tag","embeddable":true,"href":"https:\/\/fmllanura.com\/index.php?rest_route=%2Fwp%2Fv2%2Ftags&post=2639"}],"curies":[{"name":"wp","href":"https:\/\/api.w.org\/{rel}","templated":true}]}}