{"id":2720,"date":"2024-10-15T14:15:38","date_gmt":"2024-10-15T14:15:38","guid":{"rendered":"https:\/\/fmllanura.com\/?p=2720"},"modified":"2024-10-15T14:15:41","modified_gmt":"2024-10-15T14:15:41","slug":"difundieron-el-estado-de-salud-del-joven-accidentado-en-la-ruta-188-y-el-acceso-a-realico","status":"publish","type":"post","link":"https:\/\/fmllanura.com\/?p=2720","title":{"rendered":"Difundieron el estado de salud del joven accidentado en la Ruta 188 y el acceso a Realic\u00f3"},"content":{"rendered":"\n<figure class=\"wp-block-image size-full\"><img loading=\"lazy\" decoding=\"async\" width=\"720\" height=\"440\" src=\"https:\/\/fmllanura.com\/wp-content\/uploads\/2024\/10\/17290016966053061914334385146983.jpg\" alt=\"\" class=\"wp-image-2730\" srcset=\"https:\/\/fmllanura.com\/wp-content\/uploads\/2024\/10\/17290016966053061914334385146983.jpg 720w, https:\/\/fmllanura.com\/wp-content\/uploads\/2024\/10\/17290016966053061914334385146983-300x183.jpg 300w\" sizes=\"(max-width: 720px) 100vw, 720px\" \/><\/figure>\n\n\n\n<p>Tras el grave accidente ocurrido en la ma\u00f1ana de ayer en la ruta nacional 188 y el acceso a Realic\u00f3 entre una camioneta Amarok, conducida por un joven de Huinca y una motocicleta conducida por un joven de Maisonnave, se conoci\u00f3 el estado de salud del conductor del rodado menor.El joven que se dirig\u00eda desde Maisonnave a Realic\u00f3 en su moto para cumplir con su jornada de trabajo es Jonathan David Henr\u00edquez Laciar de 23 a\u00f1os.Tras el fuerte impacto el joven inicialmente fue hospitalizado para estabilizarlo y luego derivado hacia la \u00abCl\u00ednica Santa Teresita\u00bb donde qued\u00f3 internado en terapia intensiva.\u00abSe encuentra estable\u00bb el joven, indicaron fuentes consultadas por los colegas de Impacto.El joven sufri\u00f3 \u00abtraumatismo de cr\u00e1neo, traumatismo de ambos miembros superiores, con la amputaci\u00f3n de un dedo, heridas cortantes\u00bb.Se supo que en un primer momento cost\u00f3 estabilizarlo, pero los esfuerzos m\u00e9dicos lograron hacerlo y ahora se encuentra en terapia intensiva de la Cl\u00ednica realiquense donde los facultativos contin\u00faan con los trabajos m\u00e9dicos de rigor.<\/p>\n","protected":false},"excerpt":{"rendered":"<p>Tras el grave accidente ocurrido en la ma\u00f1ana de ayer en la ruta nacional 188 y el acceso a Realic\u00f3 entre una camioneta Amarok, conducida por un joven de Huinca y una motocicleta conducida por un joven de Maisonnave, se conoci\u00f3 el estado de salud del conductor del rodado menor.El joven que se dirig\u00eda desde &hellip;<\/p>\n","protected":false},"author":4,"featured_media":2730,"comment_status":"open","ping_status":"open","sticky":false,"template":"","format":"standard","meta":{"footnotes":""},"categories":[1],"tags":[],"class_list":["post-2720","post","type-post","status-publish","format-standard","has-post-thumbnail","","category-uncategorized"],"yoast_head":"<!-- This site is optimized with the Yoast SEO plugin v19.9 - https:\/\/yoast.com\/wordpress\/plugins\/seo\/ -->\n<title>Difundieron el estado de salud del joven accidentado en la Ruta 188 y el acceso a Realic\u00f3 - RADIO LLANURA<\/title>\n<meta name=\"robots\" content=\"index, follow, max-snippet:-1, max-image-preview:large, max-video-preview:-1\" \/>\n<link rel=\"canonical\" href=\"https:\/\/fmllanura.com\/?p=2720\" \/>\n<meta property=\"og:locale\" content=\"es_ES\" \/>\n<meta property=\"og:type\" content=\"article\" \/>\n<meta property=\"og:title\" content=\"Difundieron el estado de salud del joven accidentado en la Ruta 188 y el acceso a Realic\u00f3 - RADIO LLANURA\" \/>\n<meta property=\"og:description\" content=\"Tras el grave accidente ocurrido en la ma\u00f1ana de ayer en la ruta nacional 188 y el acceso a Realic\u00f3 entre una camioneta Amarok, conducida por un joven de Huinca y una motocicleta conducida por un joven de Maisonnave, se conoci\u00f3 el estado de salud del conductor del rodado menor.El joven que se dirig\u00eda desde &hellip;\" \/>\n<meta property=\"og:url\" content=\"https:\/\/fmllanura.com\/?p=2720\" \/>\n<meta property=\"og:site_name\" content=\"RADIO LLANURA\" \/>\n<meta property=\"article:published_time\" content=\"2024-10-15T14:15:38+00:00\" \/>\n<meta property=\"article:modified_time\" content=\"2024-10-15T14:15:41+00:00\" \/>\n<meta property=\"og:image\" content=\"https:\/\/fmllanura.com\/wp-content\/uploads\/2024\/10\/17290016966053061914334385146983.jpg\" \/>\n\t<meta property=\"og:image:width\" content=\"720\" \/>\n\t<meta property=\"og:image:height\" content=\"440\" \/>\n\t<meta property=\"og:image:type\" content=\"image\/jpeg\" \/>\n<meta name=\"author\" content=\"llanura\" \/>\n<meta name=\"twitter:card\" content=\"summary_large_image\" \/>\n<meta name=\"twitter:label1\" content=\"Escrito por\" \/>\n\t<meta name=\"twitter:data1\" content=\"llanura\" \/>\n\t<meta name=\"twitter:label2\" content=\"Tiempo de lectura\" \/>\n\t<meta name=\"twitter:data2\" content=\"1 minuto\" \/>\n<script type=\"application\/ld+json\" class=\"yoast-schema-graph\">{\"@context\":\"https:\/\/schema.org\",\"@graph\":[{\"@type\":\"WebPage\",\"@id\":\"https:\/\/fmllanura.com\/?p=2720\",\"url\":\"https:\/\/fmllanura.com\/?p=2720\",\"name\":\"Difundieron el estado de salud del joven accidentado en la Ruta 188 y el acceso a Realic\u00f3 - RADIO LLANURA\",\"isPartOf\":{\"@id\":\"https:\/\/fmllanura.com\/#website\"},\"datePublished\":\"2024-10-15T14:15:38+00:00\",\"dateModified\":\"2024-10-15T14:15:41+00:00\",\"author\":{\"@id\":\"https:\/\/fmllanura.com\/#\/schema\/person\/dd4b4843c2293cd8d5995d115dbd5e96\"},\"breadcrumb\":{\"@id\":\"https:\/\/fmllanura.com\/?p=2720#breadcrumb\"},\"inLanguage\":\"es\",\"potentialAction\":[{\"@type\":\"ReadAction\",\"target\":[\"https:\/\/fmllanura.com\/?p=2720\"]}]},{\"@type\":\"BreadcrumbList\",\"@id\":\"https:\/\/fmllanura.com\/?p=2720#breadcrumb\",\"itemListElement\":[{\"@type\":\"ListItem\",\"position\":1,\"name\":\"Portada\",\"item\":\"https:\/\/fmllanura.com\/\"},{\"@type\":\"ListItem\",\"position\":2,\"name\":\"Difundieron el estado de salud del joven accidentado en la Ruta 188 y el acceso a Realic\u00f3\"}]},{\"@type\":\"WebSite\",\"@id\":\"https:\/\/fmllanura.com\/#website\",\"url\":\"https:\/\/fmllanura.com\/\",\"name\":\"RADIO LLANURA\",\"description\":\"\",\"potentialAction\":[{\"@type\":\"SearchAction\",\"target\":{\"@type\":\"EntryPoint\",\"urlTemplate\":\"https:\/\/fmllanura.com\/?s={search_term_string}\"},\"query-input\":\"required name=search_term_string\"}],\"inLanguage\":\"es\"},{\"@type\":\"Person\",\"@id\":\"https:\/\/fmllanura.com\/#\/schema\/person\/dd4b4843c2293cd8d5995d115dbd5e96\",\"name\":\"llanura\",\"image\":{\"@type\":\"ImageObject\",\"inLanguage\":\"es\",\"@id\":\"https:\/\/fmllanura.com\/#\/schema\/person\/image\/\",\"url\":\"https:\/\/secure.gravatar.com\/avatar\/f6ee1541937ff3e68dac011173779bde?s=96&d=mm&r=g\",\"contentUrl\":\"https:\/\/secure.gravatar.com\/avatar\/f6ee1541937ff3e68dac011173779bde?s=96&d=mm&r=g\",\"caption\":\"llanura\"},\"url\":\"https:\/\/fmllanura.com\/?author=4\"}]}<\/script>\n<!-- \/ Yoast SEO plugin. -->","yoast_head_json":{"title":"Difundieron el estado de salud del joven accidentado en la Ruta 188 y el acceso a Realic\u00f3 - RADIO LLANURA","robots":{"index":"index","follow":"follow","max-snippet":"max-snippet:-1","max-image-preview":"max-image-preview:large","max-video-preview":"max-video-preview:-1"},"canonical":"https:\/\/fmllanura.com\/?p=2720","og_locale":"es_ES","og_type":"article","og_title":"Difundieron el estado de salud del joven accidentado en la Ruta 188 y el acceso a Realic\u00f3 - RADIO LLANURA","og_description":"Tras el grave accidente ocurrido en la ma\u00f1ana de ayer en la ruta nacional 188 y el acceso a Realic\u00f3 entre una camioneta Amarok, conducida por un joven de Huinca y una motocicleta conducida por un joven de Maisonnave, se conoci\u00f3 el estado de salud del conductor del rodado menor.El joven que se dirig\u00eda desde &hellip;","og_url":"https:\/\/fmllanura.com\/?p=2720","og_site_name":"RADIO LLANURA","article_published_time":"2024-10-15T14:15:38+00:00","article_modified_time":"2024-10-15T14:15:41+00:00","og_image":[{"width":720,"height":440,"url":"https:\/\/fmllanura.com\/wp-content\/uploads\/2024\/10\/17290016966053061914334385146983.jpg","type":"image\/jpeg"}],"author":"llanura","twitter_card":"summary_large_image","twitter_misc":{"Escrito por":"llanura","Tiempo de lectura":"1 minuto"},"schema":{"@context":"https:\/\/schema.org","@graph":[{"@type":"WebPage","@id":"https:\/\/fmllanura.com\/?p=2720","url":"https:\/\/fmllanura.com\/?p=2720","name":"Difundieron el estado de salud del joven accidentado en la Ruta 188 y el acceso a Realic\u00f3 - RADIO LLANURA","isPartOf":{"@id":"https:\/\/fmllanura.com\/#website"},"datePublished":"2024-10-15T14:15:38+00:00","dateModified":"2024-10-15T14:15:41+00:00","author":{"@id":"https:\/\/fmllanura.com\/#\/schema\/person\/dd4b4843c2293cd8d5995d115dbd5e96"},"breadcrumb":{"@id":"https:\/\/fmllanura.com\/?p=2720#breadcrumb"},"inLanguage":"es","potentialAction":[{"@type":"ReadAction","target":["https:\/\/fmllanura.com\/?p=2720"]}]},{"@type":"BreadcrumbList","@id":"https:\/\/fmllanura.com\/?p=2720#breadcrumb","itemListElement":[{"@type":"ListItem","position":1,"name":"Portada","item":"https:\/\/fmllanura.com\/"},{"@type":"ListItem","position":2,"name":"Difundieron el estado de salud del joven accidentado en la Ruta 188 y el acceso a Realic\u00f3"}]},{"@type":"WebSite","@id":"https:\/\/fmllanura.com\/#website","url":"https:\/\/fmllanura.com\/","name":"RADIO LLANURA","description":"","potentialAction":[{"@type":"SearchAction","target":{"@type":"EntryPoint","urlTemplate":"https:\/\/fmllanura.com\/?s={search_term_string}"},"query-input":"required name=search_term_string"}],"inLanguage":"es"},{"@type":"Person","@id":"https:\/\/fmllanura.com\/#\/schema\/person\/dd4b4843c2293cd8d5995d115dbd5e96","name":"llanura","image":{"@type":"ImageObject","inLanguage":"es","@id":"https:\/\/fmllanura.com\/#\/schema\/person\/image\/","url":"https:\/\/secure.gravatar.com\/avatar\/f6ee1541937ff3e68dac011173779bde?s=96&d=mm&r=g","contentUrl":"https:\/\/secure.gravatar.com\/avatar\/f6ee1541937ff3e68dac011173779bde?s=96&d=mm&r=g","caption":"llanura"},"url":"https:\/\/fmllanura.com\/?author=4"}]}},"_links":{"self":[{"href":"https:\/\/fmllanura.com\/index.php?rest_route=\/wp\/v2\/posts\/2720"}],"collection":[{"href":"https:\/\/fmllanura.com\/index.php?rest_route=\/wp\/v2\/posts"}],"about":[{"href":"https:\/\/fmllanura.com\/index.php?rest_route=\/wp\/v2\/types\/post"}],"author":[{"embeddable":true,"href":"https:\/\/fmllanura.com\/index.php?rest_route=\/wp\/v2\/users\/4"}],"replies":[{"embeddable":true,"href":"https:\/\/fmllanura.com\/index.php?rest_route=%2Fwp%2Fv2%2Fcomments&post=2720"}],"version-history":[{"count":1,"href":"https:\/\/fmllanura.com\/index.php?rest_route=\/wp\/v2\/posts\/2720\/revisions"}],"predecessor-version":[{"id":2731,"href":"https:\/\/fmllanura.com\/index.php?rest_route=\/wp\/v2\/posts\/2720\/revisions\/2731"}],"wp:featuredmedia":[{"embeddable":true,"href":"https:\/\/fmllanura.com\/index.php?rest_route=\/wp\/v2\/media\/2730"}],"wp:attachment":[{"href":"https:\/\/fmllanura.com\/index.php?rest_route=%2Fwp%2Fv2%2Fmedia&parent=2720"}],"wp:term":[{"taxonomy":"category","embeddable":true,"href":"https:\/\/fmllanura.com\/index.php?rest_route=%2Fwp%2Fv2%2Fcategories&post=2720"},{"taxonomy":"post_tag","embeddable":true,"href":"https:\/\/fmllanura.com\/index.php?rest_route=%2Fwp%2Fv2%2Ftags&post=2720"}],"curies":[{"name":"wp","href":"https:\/\/api.w.org\/{rel}","templated":true}]}}