{"id":3369,"date":"2024-11-27T15:50:00","date_gmt":"2024-11-27T15:50:00","guid":{"rendered":"https:\/\/fmllanura.com\/?p=3369"},"modified":"2024-11-27T15:50:08","modified_gmt":"2024-11-27T15:50:08","slug":"desplazaron-al-medico-hector-salas-de-la-direccion-del-hospital-de-alta-italia-y-los-vecinos-salieron-a-respaldarlo","status":"publish","type":"post","link":"https:\/\/fmllanura.com\/?p=3369","title":{"rendered":"Desplazaron al m\u00e9dico H\u00e9ctor Salas de la direcci\u00f3n del hospital de Alta Italia y los vecinos salieron a respaldarlo"},"content":{"rendered":"\n<figure class=\"wp-block-image size-full\"><img loading=\"lazy\" decoding=\"async\" width=\"347\" height=\"341\" src=\"https:\/\/fmllanura.com\/wp-content\/uploads\/2024\/11\/17327225437165171977396507923832.jpg\" alt=\"\" class=\"wp-image-3376\" srcset=\"https:\/\/fmllanura.com\/wp-content\/uploads\/2024\/11\/17327225437165171977396507923832.jpg 347w, https:\/\/fmllanura.com\/wp-content\/uploads\/2024\/11\/17327225437165171977396507923832-300x295.jpg 300w\" sizes=\"(max-width: 347px) 100vw, 347px\" \/><\/figure>\n\n\n\n<p>Vecinos de Alta Italia se concentraron este mediod\u00eda frente al centro de salud de la localidad para respaldar al m\u00e9dico H\u00e9ctor Salas, que de manera repentina fue desplazado de la direcci\u00f3n.Al grito de \u00abque se quede\u00bb los vecinos salieron a respaldar la gesti\u00f3n del m\u00e9dico de origen venezolano que lleg\u00f3 unos meses atr\u00e1s al centro de salud de la localidad y gener\u00f3 cambios muy positivos en la atenci\u00f3n de la salud, seg\u00fan el relato de los propios vecinos.Esta ma\u00f1ana se hizo presente en la localidad Carlos Javier Benitez, jefe de la Zona Sanitaria II y ante la consulta de los vecinos de por qu\u00e9 sacaron a Salas de la direcci\u00f3n del centro de salud, simplemente se imit\u00f3 a informar que \u00abno continuar\u00e1 en la direcci\u00f3n pero seguir\u00e1 desempe\u00f1\u00e1ndose como m\u00e9dico del establecimiento sanitario.\u00bbLos vecinos molestos lo interrogaron al funcionario acerca de los motivos por los cuales lo sacaban de la direcci\u00f3n: \u00abtiene que haber un justificativo, algo escrito\u00bb, a lo que Benitez se limit\u00f3 a responder que \u00abes una decisi\u00f3n interna\u2026solo vine a informarle de la decisi\u00f3n\u00bb.Los vecinos le planteron a Benitez que \u00abel que trata de cambiar algo ac\u00e1 adentro, es pisoteado, lo terminan desplazando\u00bb.De acuerdo al relato de lospropios vecinos ciertos \u00abordenamientos internos\u00bb que impuls\u00f3 Salas, habr\u00edan generado malestar en algunos trabajadores del hospital, quienes habr\u00edan enviado una nota al gremio denunci\u00e1ndolo por supuestos malos tratos y hostigamientos.El m\u00e9dico Salas lleg\u00f3 en reemplazo de la anterior directora, Pamela Olivetti quien hab\u00eda dejado su cargo por motivos personales. Tras la llegada de Salas al hospital, se produjeron varios cambios con la intenci\u00f3n de mejorar la atenci\u00f3n de la salud en la comunidad, incluso gestion\u00f3 una nueva ambulancia, entre otros cambios que vieron como positivos los vecinos.<\/p>\n\n\n\n<p>Luego de las denuncias reiteradas por parte de algunos trabajadores, el Ministerio de Salud determin\u00f3 su remoci\u00f3n de la direcci\u00f3n del hospital nombrando en su reemplazo a la enfermera local Cristina Pagola.Ante esta decisi\u00f3n, los vecinos se concentraron este mediod\u00eda frente al hospital para respaldar al m\u00e9dico venezolano. Destacaron \u00ablo excelente profesional que es Salas\u00bb, y reiteraron que \u00ablo sacaron porque vino a imponer un buen funcionamiento\u00bb.Conocida la noticia de su desplazamiento de la direcci\u00f3n, se multiplicaron las muestras de apoyo al m\u00e9dico venezolano y expresaron que \u00abse trata de una persecusi\u00f3n\u00bb.Incluso en redes sociales tambi\u00e9n fueron decenas de mensajes los que destacaron el buen desempe\u00f1o del profesional en otros centros de salud de la zona y de provincias vecinas donde trabaj\u00f3\u00bb.\u00abMuy buen m\u00e9dico y mejor persona, en Chubut, R\u00edo Pico, lo tuvimos y se lo extra\u00f1a mucho\u00bb, fue uno de los mensajes en las redes.\u00abGran doctor, excelente persona\u00bb, expresaba otro de los mensajes.\u00abLo conoc\u00ed al doctor Salas cuando tuve que llevar a mi nieto a Parera\u2026excelente profesional\u00ab, resalt\u00f3 otro vecino en redes sociales.Los vecinos de Alta Italia adem\u00e1s indicaron que \u00ablas autoridades de Salud desconocen lo que ocurre en el hospital y tampoco tienen en cuenta que para nosotros es muy valioso que Salas contin\u00fae en el centro de salud\u00bb.Una vecina expres\u00f3: \u00abyo tengo 71 a\u00f1os y es la primera vez que los vecinos se vienen a manifestar de esta manera\u00bb.Por su parte el propio Salas sali\u00f3 a agradecer a los vecinos por el apoyo: \u00abla verdad que no me esperaba \u00e9sto, yo vine a aportar mi granito de arena, siempre me caracteric\u00e9 por ser responsable, por ayudar a las personas, se me atac\u00f3 de una forma muy mala ah\u00ed adentro. Sigo ac\u00e1 con ustedes porque estoy muy comprometido con este pueblo\u00bb.<\/p>\n\n\n\n<p><\/p>\n","protected":false},"excerpt":{"rendered":"<p>Vecinos de Alta Italia se concentraron este mediod\u00eda frente al centro de salud de la localidad para respaldar al m\u00e9dico H\u00e9ctor Salas, que de manera repentina fue desplazado de la direcci\u00f3n.Al grito de \u00abque se quede\u00bb los vecinos salieron a respaldar la gesti\u00f3n del m\u00e9dico de origen venezolano que lleg\u00f3 unos meses atr\u00e1s al centro &hellip;<\/p>\n","protected":false},"author":4,"featured_media":3376,"comment_status":"open","ping_status":"open","sticky":false,"template":"","format":"standard","meta":{"footnotes":""},"categories":[101,1],"tags":[],"class_list":["post-3369","post","type-post","status-publish","format-standard","has-post-thumbnail","","category-provincias","category-uncategorized"],"yoast_head":"<!-- This site is optimized with the Yoast SEO plugin v19.9 - https:\/\/yoast.com\/wordpress\/plugins\/seo\/ -->\n<title>Desplazaron al m\u00e9dico H\u00e9ctor Salas de la direcci\u00f3n del hospital de Alta Italia y los vecinos salieron a respaldarlo - RADIO LLANURA<\/title>\n<meta name=\"robots\" content=\"index, follow, max-snippet:-1, max-image-preview:large, max-video-preview:-1\" \/>\n<link rel=\"canonical\" href=\"https:\/\/fmllanura.com\/?p=3369\" \/>\n<meta property=\"og:locale\" content=\"es_ES\" \/>\n<meta property=\"og:type\" content=\"article\" \/>\n<meta property=\"og:title\" content=\"Desplazaron al m\u00e9dico H\u00e9ctor Salas de la direcci\u00f3n del hospital de Alta Italia y los vecinos salieron a respaldarlo - RADIO LLANURA\" \/>\n<meta property=\"og:description\" content=\"Vecinos de Alta Italia se concentraron este mediod\u00eda frente al centro de salud de la localidad para respaldar al m\u00e9dico H\u00e9ctor Salas, que de manera repentina fue desplazado de la direcci\u00f3n.Al grito de \u00abque se quede\u00bb los vecinos salieron a respaldar la gesti\u00f3n del m\u00e9dico de origen venezolano que lleg\u00f3 unos meses atr\u00e1s al centro &hellip;\" \/>\n<meta property=\"og:url\" content=\"https:\/\/fmllanura.com\/?p=3369\" \/>\n<meta property=\"og:site_name\" content=\"RADIO LLANURA\" \/>\n<meta property=\"article:published_time\" content=\"2024-11-27T15:50:00+00:00\" \/>\n<meta property=\"article:modified_time\" content=\"2024-11-27T15:50:08+00:00\" \/>\n<meta property=\"og:image\" content=\"https:\/\/fmllanura.com\/wp-content\/uploads\/2024\/11\/17327225437165171977396507923832.jpg\" \/>\n\t<meta property=\"og:image:width\" content=\"347\" \/>\n\t<meta property=\"og:image:height\" content=\"341\" \/>\n\t<meta property=\"og:image:type\" content=\"image\/jpeg\" \/>\n<meta name=\"author\" content=\"llanura\" \/>\n<meta name=\"twitter:card\" content=\"summary_large_image\" \/>\n<meta name=\"twitter:label1\" content=\"Escrito por\" \/>\n\t<meta name=\"twitter:data1\" content=\"llanura\" \/>\n\t<meta name=\"twitter:label2\" content=\"Tiempo de lectura\" \/>\n\t<meta name=\"twitter:data2\" content=\"3 minutos\" \/>\n<script type=\"application\/ld+json\" class=\"yoast-schema-graph\">{\"@context\":\"https:\/\/schema.org\",\"@graph\":[{\"@type\":\"WebPage\",\"@id\":\"https:\/\/fmllanura.com\/?p=3369\",\"url\":\"https:\/\/fmllanura.com\/?p=3369\",\"name\":\"Desplazaron al m\u00e9dico H\u00e9ctor Salas de la direcci\u00f3n del hospital de Alta Italia y los vecinos salieron a respaldarlo - RADIO LLANURA\",\"isPartOf\":{\"@id\":\"https:\/\/fmllanura.com\/#website\"},\"datePublished\":\"2024-11-27T15:50:00+00:00\",\"dateModified\":\"2024-11-27T15:50:08+00:00\",\"author\":{\"@id\":\"https:\/\/fmllanura.com\/#\/schema\/person\/dd4b4843c2293cd8d5995d115dbd5e96\"},\"breadcrumb\":{\"@id\":\"https:\/\/fmllanura.com\/?p=3369#breadcrumb\"},\"inLanguage\":\"es\",\"potentialAction\":[{\"@type\":\"ReadAction\",\"target\":[\"https:\/\/fmllanura.com\/?p=3369\"]}]},{\"@type\":\"BreadcrumbList\",\"@id\":\"https:\/\/fmllanura.com\/?p=3369#breadcrumb\",\"itemListElement\":[{\"@type\":\"ListItem\",\"position\":1,\"name\":\"Portada\",\"item\":\"https:\/\/fmllanura.com\/\"},{\"@type\":\"ListItem\",\"position\":2,\"name\":\"Desplazaron al m\u00e9dico H\u00e9ctor Salas de la direcci\u00f3n del hospital de Alta Italia y los vecinos salieron a respaldarlo\"}]},{\"@type\":\"WebSite\",\"@id\":\"https:\/\/fmllanura.com\/#website\",\"url\":\"https:\/\/fmllanura.com\/\",\"name\":\"RADIO LLANURA\",\"description\":\"\",\"potentialAction\":[{\"@type\":\"SearchAction\",\"target\":{\"@type\":\"EntryPoint\",\"urlTemplate\":\"https:\/\/fmllanura.com\/?s={search_term_string}\"},\"query-input\":\"required name=search_term_string\"}],\"inLanguage\":\"es\"},{\"@type\":\"Person\",\"@id\":\"https:\/\/fmllanura.com\/#\/schema\/person\/dd4b4843c2293cd8d5995d115dbd5e96\",\"name\":\"llanura\",\"image\":{\"@type\":\"ImageObject\",\"inLanguage\":\"es\",\"@id\":\"https:\/\/fmllanura.com\/#\/schema\/person\/image\/\",\"url\":\"https:\/\/secure.gravatar.com\/avatar\/f6ee1541937ff3e68dac011173779bde?s=96&d=mm&r=g\",\"contentUrl\":\"https:\/\/secure.gravatar.com\/avatar\/f6ee1541937ff3e68dac011173779bde?s=96&d=mm&r=g\",\"caption\":\"llanura\"},\"url\":\"https:\/\/fmllanura.com\/?author=4\"}]}<\/script>\n<!-- \/ Yoast SEO plugin. -->","yoast_head_json":{"title":"Desplazaron al m\u00e9dico H\u00e9ctor Salas de la direcci\u00f3n del hospital de Alta Italia y los vecinos salieron a respaldarlo - RADIO LLANURA","robots":{"index":"index","follow":"follow","max-snippet":"max-snippet:-1","max-image-preview":"max-image-preview:large","max-video-preview":"max-video-preview:-1"},"canonical":"https:\/\/fmllanura.com\/?p=3369","og_locale":"es_ES","og_type":"article","og_title":"Desplazaron al m\u00e9dico H\u00e9ctor Salas de la direcci\u00f3n del hospital de Alta Italia y los vecinos salieron a respaldarlo - RADIO LLANURA","og_description":"Vecinos de Alta Italia se concentraron este mediod\u00eda frente al centro de salud de la localidad para respaldar al m\u00e9dico H\u00e9ctor Salas, que de manera repentina fue desplazado de la direcci\u00f3n.Al grito de \u00abque se quede\u00bb los vecinos salieron a respaldar la gesti\u00f3n del m\u00e9dico de origen venezolano que lleg\u00f3 unos meses atr\u00e1s al centro &hellip;","og_url":"https:\/\/fmllanura.com\/?p=3369","og_site_name":"RADIO LLANURA","article_published_time":"2024-11-27T15:50:00+00:00","article_modified_time":"2024-11-27T15:50:08+00:00","og_image":[{"width":347,"height":341,"url":"https:\/\/fmllanura.com\/wp-content\/uploads\/2024\/11\/17327225437165171977396507923832.jpg","type":"image\/jpeg"}],"author":"llanura","twitter_card":"summary_large_image","twitter_misc":{"Escrito por":"llanura","Tiempo de lectura":"3 minutos"},"schema":{"@context":"https:\/\/schema.org","@graph":[{"@type":"WebPage","@id":"https:\/\/fmllanura.com\/?p=3369","url":"https:\/\/fmllanura.com\/?p=3369","name":"Desplazaron al m\u00e9dico H\u00e9ctor Salas de la direcci\u00f3n del hospital de Alta Italia y los vecinos salieron a respaldarlo - RADIO LLANURA","isPartOf":{"@id":"https:\/\/fmllanura.com\/#website"},"datePublished":"2024-11-27T15:50:00+00:00","dateModified":"2024-11-27T15:50:08+00:00","author":{"@id":"https:\/\/fmllanura.com\/#\/schema\/person\/dd4b4843c2293cd8d5995d115dbd5e96"},"breadcrumb":{"@id":"https:\/\/fmllanura.com\/?p=3369#breadcrumb"},"inLanguage":"es","potentialAction":[{"@type":"ReadAction","target":["https:\/\/fmllanura.com\/?p=3369"]}]},{"@type":"BreadcrumbList","@id":"https:\/\/fmllanura.com\/?p=3369#breadcrumb","itemListElement":[{"@type":"ListItem","position":1,"name":"Portada","item":"https:\/\/fmllanura.com\/"},{"@type":"ListItem","position":2,"name":"Desplazaron al m\u00e9dico H\u00e9ctor Salas de la direcci\u00f3n del hospital de Alta Italia y los vecinos salieron a respaldarlo"}]},{"@type":"WebSite","@id":"https:\/\/fmllanura.com\/#website","url":"https:\/\/fmllanura.com\/","name":"RADIO LLANURA","description":"","potentialAction":[{"@type":"SearchAction","target":{"@type":"EntryPoint","urlTemplate":"https:\/\/fmllanura.com\/?s={search_term_string}"},"query-input":"required name=search_term_string"}],"inLanguage":"es"},{"@type":"Person","@id":"https:\/\/fmllanura.com\/#\/schema\/person\/dd4b4843c2293cd8d5995d115dbd5e96","name":"llanura","image":{"@type":"ImageObject","inLanguage":"es","@id":"https:\/\/fmllanura.com\/#\/schema\/person\/image\/","url":"https:\/\/secure.gravatar.com\/avatar\/f6ee1541937ff3e68dac011173779bde?s=96&d=mm&r=g","contentUrl":"https:\/\/secure.gravatar.com\/avatar\/f6ee1541937ff3e68dac011173779bde?s=96&d=mm&r=g","caption":"llanura"},"url":"https:\/\/fmllanura.com\/?author=4"}]}},"_links":{"self":[{"href":"https:\/\/fmllanura.com\/index.php?rest_route=\/wp\/v2\/posts\/3369"}],"collection":[{"href":"https:\/\/fmllanura.com\/index.php?rest_route=\/wp\/v2\/posts"}],"about":[{"href":"https:\/\/fmllanura.com\/index.php?rest_route=\/wp\/v2\/types\/post"}],"author":[{"embeddable":true,"href":"https:\/\/fmllanura.com\/index.php?rest_route=\/wp\/v2\/users\/4"}],"replies":[{"embeddable":true,"href":"https:\/\/fmllanura.com\/index.php?rest_route=%2Fwp%2Fv2%2Fcomments&post=3369"}],"version-history":[{"count":1,"href":"https:\/\/fmllanura.com\/index.php?rest_route=\/wp\/v2\/posts\/3369\/revisions"}],"predecessor-version":[{"id":3377,"href":"https:\/\/fmllanura.com\/index.php?rest_route=\/wp\/v2\/posts\/3369\/revisions\/3377"}],"wp:featuredmedia":[{"embeddable":true,"href":"https:\/\/fmllanura.com\/index.php?rest_route=\/wp\/v2\/media\/3376"}],"wp:attachment":[{"href":"https:\/\/fmllanura.com\/index.php?rest_route=%2Fwp%2Fv2%2Fmedia&parent=3369"}],"wp:term":[{"taxonomy":"category","embeddable":true,"href":"https:\/\/fmllanura.com\/index.php?rest_route=%2Fwp%2Fv2%2Fcategories&post=3369"},{"taxonomy":"post_tag","embeddable":true,"href":"https:\/\/fmllanura.com\/index.php?rest_route=%2Fwp%2Fv2%2Ftags&post=3369"}],"curies":[{"name":"wp","href":"https:\/\/api.w.org\/{rel}","templated":true}]}}