{"id":4856,"date":"2025-04-14T19:42:14","date_gmt":"2025-04-14T19:42:14","guid":{"rendered":"https:\/\/fmllanura.com\/?p=4856"},"modified":"2025-04-14T19:42:15","modified_gmt":"2025-04-14T19:42:15","slug":"reaparecio-en-publico-el-papa-feliz-domingo-de-ramos","status":"publish","type":"post","link":"https:\/\/fmllanura.com\/?p=4856","title":{"rendered":"Reapareci\u00f3 en p\u00fablico el Papa: \u201cFeliz Domingo de Ramos\u201d"},"content":{"rendered":"\n<p>El papa Francisco apareci\u00f3 nuevamente de sorpresa en el Vaticano durante la misa del Domingo de Ramos. El pont\u00edfice, en silla de ruedas, salud\u00f3 a los fieles al t\u00e9rmino de la celebraci\u00f3n que marca el inicio de la Semana Santa.<br>\u201cY feliz Semana Santa\u201d, expres\u00f3 brevemente Francisco desde el altar central de la plaza.<br>\u201cY feliz Semana Santa\u201d, expres\u00f3 brevemente Francisco desde el altar central de la plaza.<\/p>\n\n\n\n<p>El papa Francisco, convaleciente de una grave afecci\u00f3n respiratoria, sorprendi\u00f3 a los fieles al presentarse inesperadamente en la Plaza de San Pedro al t\u00e9rmino de la misa del Domingo de Ramos, marcando una significativa aparici\u00f3n p\u00fablica al inicio de la Semana Santa.<br>El pont\u00edfice de 88 a\u00f1os, quien estuvo hospitalizado durante 38 d\u00edas por una neumon\u00eda bilateral y otros problemas respiratorios, se present\u00f3 en silla de ruedas pero sin las c\u00e1nulas nasales de ox\u00edgeno que hab\u00eda utilizado en ocasiones anteriores durante su recuperaci\u00f3n.<br>\u201cFeliz Domingo de Ramos y feliz Semana Santa\u201d, expres\u00f3 brevemente Francisco desde el altar central de la plaza, donde salud\u00f3 al cardenal argentino Leonardo Sandri, quien presidi\u00f3 la celebraci\u00f3n eucar\u00edstica por delegaci\u00f3n papal.<br>A pesar de las recomendaciones m\u00e9dicas que establec\u00edan al menos dos meses de reposo, esta aparici\u00f3n se suma a otras tres salidas p\u00fablicas que el papa ha realizado desde que abandon\u00f3 el Hospital Gemelli de Roma el pasado 23 de marzo, incluyendo una recepci\u00f3n sorpresa a los reyes Carlos y Camila del Reino Unido.<br>Durante su breve recorrido entre los fieles, Francisco se detuvo para intercambiar palabras con un grupo de religiosas que le transmitieron mensajes de \u00e1nimo. Tambi\u00e9n dedic\u00f3 momentos de cercan\u00eda con varios ni\u00f1os, mostrando gestos de complicidad mientras se escuchaban v\u00edtores de apoyo entre los asistentes.<br>La plaza, engalanada con ramas de olivo y palmas, acogi\u00f3 a m\u00e1s de 20.000 personas que participaron en la solemne celebraci\u00f3n que marca el inicio de la Semana Santa, momento central del calendario lit\u00fargico cat\u00f3lico. La ceremonia comenz\u00f3 con una procesi\u00f3n desde el obelisco central, donde las ramas fueron bendecidas, hasta el interior de la Bas\u00edlica de San Pedro, siguiendo un rito que data del siglo IV y que cont\u00f3 con la participaci\u00f3n de 39 cardenales, 33 obispos y m\u00e1s de 300 sacerdotes.<br>Aunque el Papa no pudo presidir la misa ni pronunciar personalmente su homil\u00eda, su mensaje fue le\u00eddo por el cardenal Sandri, vicedecano del colegio cardenalicio. En el texto, Francisco exhort\u00f3 a los fieles a \u201ctender la mano al que ya no puede m\u00e1s\u201d y a convertirse en \u201ccireneos los unos para los otros\u201d, en referencia a Sim\u00f3n de Cirene, quien ayud\u00f3 a Jes\u00fas a cargar la cruz.<\/p>\n","protected":false},"excerpt":{"rendered":"<p>El papa Francisco apareci\u00f3 nuevamente de sorpresa en el Vaticano durante la misa del Domingo de Ramos. El pont\u00edfice, en silla de ruedas, salud\u00f3 a los fieles al t\u00e9rmino de la celebraci\u00f3n que marca el inicio de la Semana Santa.\u201cY feliz Semana Santa\u201d, expres\u00f3 brevemente Francisco desde el altar central de la plaza.\u201cY feliz Semana &hellip;<\/p>\n","protected":false},"author":4,"featured_media":4857,"comment_status":"open","ping_status":"open","sticky":false,"template":"","format":"standard","meta":{"footnotes":""},"categories":[1],"tags":[],"class_list":["post-4856","post","type-post","status-publish","format-standard","has-post-thumbnail","","category-uncategorized"],"yoast_head":"<!-- This site is optimized with the Yoast SEO plugin v19.9 - https:\/\/yoast.com\/wordpress\/plugins\/seo\/ -->\n<title>Reapareci\u00f3 en p\u00fablico el Papa: \u201cFeliz Domingo de Ramos\u201d - RADIO LLANURA<\/title>\n<meta name=\"robots\" content=\"index, follow, max-snippet:-1, max-image-preview:large, max-video-preview:-1\" \/>\n<link rel=\"canonical\" href=\"https:\/\/fmllanura.com\/?p=4856\" \/>\n<meta property=\"og:locale\" content=\"es_ES\" \/>\n<meta property=\"og:type\" content=\"article\" \/>\n<meta property=\"og:title\" content=\"Reapareci\u00f3 en p\u00fablico el Papa: \u201cFeliz Domingo de Ramos\u201d - RADIO LLANURA\" \/>\n<meta property=\"og:description\" content=\"El papa Francisco apareci\u00f3 nuevamente de sorpresa en el Vaticano durante la misa del Domingo de Ramos. El pont\u00edfice, en silla de ruedas, salud\u00f3 a los fieles al t\u00e9rmino de la celebraci\u00f3n que marca el inicio de la Semana Santa.\u201cY feliz Semana Santa\u201d, expres\u00f3 brevemente Francisco desde el altar central de la plaza.\u201cY feliz Semana &hellip;\" \/>\n<meta property=\"og:url\" content=\"https:\/\/fmllanura.com\/?p=4856\" \/>\n<meta property=\"og:site_name\" content=\"RADIO LLANURA\" \/>\n<meta property=\"article:published_time\" content=\"2025-04-14T19:42:14+00:00\" \/>\n<meta property=\"article:modified_time\" content=\"2025-04-14T19:42:15+00:00\" \/>\n<meta property=\"og:image\" content=\"https:\/\/fmllanura.com\/wp-content\/uploads\/2025\/04\/la-reforma-5.jpg\" \/>\n\t<meta property=\"og:image:width\" content=\"900\" \/>\n\t<meta property=\"og:image:height\" content=\"675\" \/>\n\t<meta property=\"og:image:type\" content=\"image\/jpeg\" \/>\n<meta name=\"author\" content=\"llanura\" \/>\n<meta name=\"twitter:card\" content=\"summary_large_image\" \/>\n<meta name=\"twitter:image\" content=\"https:\/\/fmllanura.com\/wp-content\/uploads\/2025\/04\/la-reforma-5.jpg\" \/>\n<meta name=\"twitter:label1\" content=\"Escrito por\" \/>\n\t<meta name=\"twitter:data1\" content=\"llanura\" \/>\n\t<meta name=\"twitter:label2\" content=\"Tiempo de lectura\" \/>\n\t<meta name=\"twitter:data2\" content=\"2 minutos\" \/>\n<script type=\"application\/ld+json\" class=\"yoast-schema-graph\">{\"@context\":\"https:\/\/schema.org\",\"@graph\":[{\"@type\":\"WebPage\",\"@id\":\"https:\/\/fmllanura.com\/?p=4856\",\"url\":\"https:\/\/fmllanura.com\/?p=4856\",\"name\":\"Reapareci\u00f3 en p\u00fablico el Papa: \u201cFeliz Domingo de Ramos\u201d - RADIO LLANURA\",\"isPartOf\":{\"@id\":\"https:\/\/fmllanura.com\/#website\"},\"datePublished\":\"2025-04-14T19:42:14+00:00\",\"dateModified\":\"2025-04-14T19:42:15+00:00\",\"author\":{\"@id\":\"https:\/\/fmllanura.com\/#\/schema\/person\/dd4b4843c2293cd8d5995d115dbd5e96\"},\"breadcrumb\":{\"@id\":\"https:\/\/fmllanura.com\/?p=4856#breadcrumb\"},\"inLanguage\":\"es\",\"potentialAction\":[{\"@type\":\"ReadAction\",\"target\":[\"https:\/\/fmllanura.com\/?p=4856\"]}]},{\"@type\":\"BreadcrumbList\",\"@id\":\"https:\/\/fmllanura.com\/?p=4856#breadcrumb\",\"itemListElement\":[{\"@type\":\"ListItem\",\"position\":1,\"name\":\"Portada\",\"item\":\"https:\/\/fmllanura.com\/\"},{\"@type\":\"ListItem\",\"position\":2,\"name\":\"Reapareci\u00f3 en p\u00fablico el Papa: \u201cFeliz Domingo de Ramos\u201d\"}]},{\"@type\":\"WebSite\",\"@id\":\"https:\/\/fmllanura.com\/#website\",\"url\":\"https:\/\/fmllanura.com\/\",\"name\":\"RADIO LLANURA\",\"description\":\"\",\"potentialAction\":[{\"@type\":\"SearchAction\",\"target\":{\"@type\":\"EntryPoint\",\"urlTemplate\":\"https:\/\/fmllanura.com\/?s={search_term_string}\"},\"query-input\":\"required name=search_term_string\"}],\"inLanguage\":\"es\"},{\"@type\":\"Person\",\"@id\":\"https:\/\/fmllanura.com\/#\/schema\/person\/dd4b4843c2293cd8d5995d115dbd5e96\",\"name\":\"llanura\",\"image\":{\"@type\":\"ImageObject\",\"inLanguage\":\"es\",\"@id\":\"https:\/\/fmllanura.com\/#\/schema\/person\/image\/\",\"url\":\"https:\/\/secure.gravatar.com\/avatar\/f6ee1541937ff3e68dac011173779bde?s=96&d=mm&r=g\",\"contentUrl\":\"https:\/\/secure.gravatar.com\/avatar\/f6ee1541937ff3e68dac011173779bde?s=96&d=mm&r=g\",\"caption\":\"llanura\"},\"url\":\"https:\/\/fmllanura.com\/?author=4\"}]}<\/script>\n<!-- \/ Yoast SEO plugin. -->","yoast_head_json":{"title":"Reapareci\u00f3 en p\u00fablico el Papa: \u201cFeliz Domingo de Ramos\u201d - RADIO LLANURA","robots":{"index":"index","follow":"follow","max-snippet":"max-snippet:-1","max-image-preview":"max-image-preview:large","max-video-preview":"max-video-preview:-1"},"canonical":"https:\/\/fmllanura.com\/?p=4856","og_locale":"es_ES","og_type":"article","og_title":"Reapareci\u00f3 en p\u00fablico el Papa: \u201cFeliz Domingo de Ramos\u201d - RADIO LLANURA","og_description":"El papa Francisco apareci\u00f3 nuevamente de sorpresa en el Vaticano durante la misa del Domingo de Ramos. El pont\u00edfice, en silla de ruedas, salud\u00f3 a los fieles al t\u00e9rmino de la celebraci\u00f3n que marca el inicio de la Semana Santa.\u201cY feliz Semana Santa\u201d, expres\u00f3 brevemente Francisco desde el altar central de la plaza.\u201cY feliz Semana &hellip;","og_url":"https:\/\/fmllanura.com\/?p=4856","og_site_name":"RADIO LLANURA","article_published_time":"2025-04-14T19:42:14+00:00","article_modified_time":"2025-04-14T19:42:15+00:00","og_image":[{"width":900,"height":675,"url":"https:\/\/fmllanura.com\/wp-content\/uploads\/2025\/04\/la-reforma-5.jpg","type":"image\/jpeg"}],"author":"llanura","twitter_card":"summary_large_image","twitter_image":"https:\/\/fmllanura.com\/wp-content\/uploads\/2025\/04\/la-reforma-5.jpg","twitter_misc":{"Escrito por":"llanura","Tiempo de lectura":"2 minutos"},"schema":{"@context":"https:\/\/schema.org","@graph":[{"@type":"WebPage","@id":"https:\/\/fmllanura.com\/?p=4856","url":"https:\/\/fmllanura.com\/?p=4856","name":"Reapareci\u00f3 en p\u00fablico el Papa: \u201cFeliz Domingo de Ramos\u201d - RADIO LLANURA","isPartOf":{"@id":"https:\/\/fmllanura.com\/#website"},"datePublished":"2025-04-14T19:42:14+00:00","dateModified":"2025-04-14T19:42:15+00:00","author":{"@id":"https:\/\/fmllanura.com\/#\/schema\/person\/dd4b4843c2293cd8d5995d115dbd5e96"},"breadcrumb":{"@id":"https:\/\/fmllanura.com\/?p=4856#breadcrumb"},"inLanguage":"es","potentialAction":[{"@type":"ReadAction","target":["https:\/\/fmllanura.com\/?p=4856"]}]},{"@type":"BreadcrumbList","@id":"https:\/\/fmllanura.com\/?p=4856#breadcrumb","itemListElement":[{"@type":"ListItem","position":1,"name":"Portada","item":"https:\/\/fmllanura.com\/"},{"@type":"ListItem","position":2,"name":"Reapareci\u00f3 en p\u00fablico el Papa: \u201cFeliz Domingo de Ramos\u201d"}]},{"@type":"WebSite","@id":"https:\/\/fmllanura.com\/#website","url":"https:\/\/fmllanura.com\/","name":"RADIO LLANURA","description":"","potentialAction":[{"@type":"SearchAction","target":{"@type":"EntryPoint","urlTemplate":"https:\/\/fmllanura.com\/?s={search_term_string}"},"query-input":"required name=search_term_string"}],"inLanguage":"es"},{"@type":"Person","@id":"https:\/\/fmllanura.com\/#\/schema\/person\/dd4b4843c2293cd8d5995d115dbd5e96","name":"llanura","image":{"@type":"ImageObject","inLanguage":"es","@id":"https:\/\/fmllanura.com\/#\/schema\/person\/image\/","url":"https:\/\/secure.gravatar.com\/avatar\/f6ee1541937ff3e68dac011173779bde?s=96&d=mm&r=g","contentUrl":"https:\/\/secure.gravatar.com\/avatar\/f6ee1541937ff3e68dac011173779bde?s=96&d=mm&r=g","caption":"llanura"},"url":"https:\/\/fmllanura.com\/?author=4"}]}},"_links":{"self":[{"href":"https:\/\/fmllanura.com\/index.php?rest_route=\/wp\/v2\/posts\/4856"}],"collection":[{"href":"https:\/\/fmllanura.com\/index.php?rest_route=\/wp\/v2\/posts"}],"about":[{"href":"https:\/\/fmllanura.com\/index.php?rest_route=\/wp\/v2\/types\/post"}],"author":[{"embeddable":true,"href":"https:\/\/fmllanura.com\/index.php?rest_route=\/wp\/v2\/users\/4"}],"replies":[{"embeddable":true,"href":"https:\/\/fmllanura.com\/index.php?rest_route=%2Fwp%2Fv2%2Fcomments&post=4856"}],"version-history":[{"count":1,"href":"https:\/\/fmllanura.com\/index.php?rest_route=\/wp\/v2\/posts\/4856\/revisions"}],"predecessor-version":[{"id":4858,"href":"https:\/\/fmllanura.com\/index.php?rest_route=\/wp\/v2\/posts\/4856\/revisions\/4858"}],"wp:featuredmedia":[{"embeddable":true,"href":"https:\/\/fmllanura.com\/index.php?rest_route=\/wp\/v2\/media\/4857"}],"wp:attachment":[{"href":"https:\/\/fmllanura.com\/index.php?rest_route=%2Fwp%2Fv2%2Fmedia&parent=4856"}],"wp:term":[{"taxonomy":"category","embeddable":true,"href":"https:\/\/fmllanura.com\/index.php?rest_route=%2Fwp%2Fv2%2Fcategories&post=4856"},{"taxonomy":"post_tag","embeddable":true,"href":"https:\/\/fmllanura.com\/index.php?rest_route=%2Fwp%2Fv2%2Ftags&post=4856"}],"curies":[{"name":"wp","href":"https:\/\/api.w.org\/{rel}","templated":true}]}}