{"id":5121,"date":"2025-05-07T14:43:23","date_gmt":"2025-05-07T14:43:23","guid":{"rendered":"https:\/\/fmllanura.com\/?p=5121"},"modified":"2025-05-07T14:43:24","modified_gmt":"2025-05-07T14:43:24","slug":"unos-133-cardenales-comienzan-el-conclave-para-definir-el-sucesor-de-francisco","status":"publish","type":"post","link":"https:\/\/fmllanura.com\/?p=5121","title":{"rendered":"Unos 133 cardenales comienzan el c\u00f3nclave para definir el sucesor de Francisco"},"content":{"rendered":"\n<figure class=\"wp-block-image size-full\"><img loading=\"lazy\" decoding=\"async\" width=\"588\" height=\"368\" src=\"https:\/\/fmllanura.com\/wp-content\/uploads\/2025\/05\/17466289477367271922393216151184.jpg\" alt=\"\" class=\"wp-image-5128\" srcset=\"https:\/\/fmllanura.com\/wp-content\/uploads\/2025\/05\/17466289477367271922393216151184.jpg 588w, https:\/\/fmllanura.com\/wp-content\/uploads\/2025\/05\/17466289477367271922393216151184-300x188.jpg 300w\" sizes=\"(max-width: 588px) 100vw, 588px\" \/><\/figure>\n\n\n\n<p>Un total de 133 cardenales electores provenientes de 70 pa\u00edses de todos los continentes participan desde este mi\u00e9rcoles de la elecci\u00f3n m\u00e1s numerosa y diversa de la historia de la Iglesia cat\u00f3lica. Comienza oficialmente el c\u00f3nclave en la Capilla Sixtina para elegir al sucesor del papa Francisco. \u00bfCu\u00e1ndo comienza el c\u00f3nclave para elegir al nuevo Papa?A las 11.30 hora argentina de este mi\u00e9rcoles. Seg\u00fan supo Noticias Argentinas, se trata de la elecci\u00f3n papal m\u00e1s internacional hasta el momento, con una fuerte presencia de cardenales provenientes de las periferias del mundo cat\u00f3lico, siguiendo el legado del pontificado de Francisco.\u00bfCu\u00e1ntos votos se necesitan para elegir al Papa?El qu\u00f3rum requerido es de dos tercios de los cardenales presentes, lo que en esta ocasi\u00f3n representa 89 votos. La jornada comenz\u00f3 a las 10 con la misa Pro eligendo Pontifice, presidida por el cardenal Giovanni Battista Re. A las 16.20, los cardenales marcharon en procesi\u00f3n hacia la Capilla Sixtina y realizaron el juramento bajo el tradicional \u201cextra omnes\u201d.\u00bfC\u00f3mo es el proceso de votaci\u00f3n en el c\u00f3nclave?Los cardenales reciben una papeleta en blanco y escriben de pu\u00f1o y letra un solo nombre, bajo la frase \u201celigo in Summum Pontificem\u201d. Depositan su voto en una urna tras jurar: \u201cInvoco a Cristo el Se\u00f1or, que me ha de juzgar, por testigo de que mi voto se da al que, seg\u00fan Dios, creo que debe ser elegido\u201d.Las papeletas se cuentan y, si el n\u00famero no coincide con el de votantes, se destruyen y se repite la votaci\u00f3n. Si hay coincidencia, se leen en voz alta y se queman. El humo negro indica que no hay nuevo Papa, mientras que el humo blanco anuncia que uno de los candidatos fue elegido.\u00bfCu\u00e1ntas votaciones puede haber por d\u00eda?Despu\u00e9s de la primera votaci\u00f3n de esta tarde, habr\u00e1 cuatro votaciones por d\u00eda: dos por la ma\u00f1ana y dos por la tarde, con dos fumatas diarias. Si se alcanza el qu\u00f3rum, se anunciar\u00e1 el nuevo Papa con el tradicional \u201cHabemus Papam\u201d desde la Logia de la Bas\u00edlica de San Pedro.\u00bfDe qu\u00e9 pa\u00edses son los cardenales que eligen al pr\u00f3ximo Papa?Participan cardenales de 70 pa\u00edses. Europa aporta 52, Am\u00e9rica 37 (incluidos 17 de Am\u00e9rica del Sur), Asia 23, \u00c1frica 17 y Ocean\u00eda 4. Italia, con 17 electores, es el pa\u00eds m\u00e1s representado. La edad media de los cardenales es de 70 a\u00f1os, y el m\u00e1s joven es el arzobispo ucraniano Mykola Bychok, de 45 a\u00f1os.Por primera vez, pa\u00edses como Hait\u00ed, Cabo Verde, Malasia, Paraguay y Sud\u00e1n del Sur tienen representantes con derecho a voto.\u00bfQui\u00e9n preside el c\u00f3nclave en 2025?El cardenal secretario de Estado Pietro Parolin preside el c\u00f3nclave en reemplazo de Giovanni Battista Re, quien a sus 91 a\u00f1os ya no participa como elector. Desde este momento, todo queda en manos del Esp\u00edritu Santo y del voto secreto de los cardenales.<\/p>\n","protected":false},"excerpt":{"rendered":"<p>Un total de 133 cardenales electores provenientes de 70 pa\u00edses de todos los continentes participan desde este mi\u00e9rcoles de la elecci\u00f3n m\u00e1s numerosa y diversa de la historia de la Iglesia cat\u00f3lica. Comienza oficialmente el c\u00f3nclave en la Capilla Sixtina para elegir al sucesor del papa Francisco. \u00bfCu\u00e1ndo comienza el c\u00f3nclave para elegir al nuevo &hellip;<\/p>\n","protected":false},"author":4,"featured_media":5128,"comment_status":"open","ping_status":"open","sticky":false,"template":"","format":"standard","meta":{"footnotes":""},"categories":[66],"tags":[],"class_list":["post-5121","post","type-post","status-publish","format-standard","has-post-thumbnail","","category-nacionales"],"yoast_head":"<!-- This site is optimized with the Yoast SEO plugin v19.9 - https:\/\/yoast.com\/wordpress\/plugins\/seo\/ -->\n<title>Unos 133 cardenales comienzan el c\u00f3nclave para definir el sucesor de Francisco - RADIO LLANURA<\/title>\n<meta name=\"robots\" content=\"index, follow, max-snippet:-1, max-image-preview:large, max-video-preview:-1\" \/>\n<link rel=\"canonical\" href=\"https:\/\/fmllanura.com\/?p=5121\" \/>\n<meta property=\"og:locale\" content=\"es_ES\" \/>\n<meta property=\"og:type\" content=\"article\" \/>\n<meta property=\"og:title\" content=\"Unos 133 cardenales comienzan el c\u00f3nclave para definir el sucesor de Francisco - RADIO LLANURA\" \/>\n<meta property=\"og:description\" content=\"Un total de 133 cardenales electores provenientes de 70 pa\u00edses de todos los continentes participan desde este mi\u00e9rcoles de la elecci\u00f3n m\u00e1s numerosa y diversa de la historia de la Iglesia cat\u00f3lica. Comienza oficialmente el c\u00f3nclave en la Capilla Sixtina para elegir al sucesor del papa Francisco. \u00bfCu\u00e1ndo comienza el c\u00f3nclave para elegir al nuevo &hellip;\" \/>\n<meta property=\"og:url\" content=\"https:\/\/fmllanura.com\/?p=5121\" \/>\n<meta property=\"og:site_name\" content=\"RADIO LLANURA\" \/>\n<meta property=\"article:published_time\" content=\"2025-05-07T14:43:23+00:00\" \/>\n<meta property=\"article:modified_time\" content=\"2025-05-07T14:43:24+00:00\" \/>\n<meta property=\"og:image\" content=\"https:\/\/fmllanura.com\/wp-content\/uploads\/2025\/05\/17466289477367271922393216151184.jpg\" \/>\n\t<meta property=\"og:image:width\" content=\"588\" \/>\n\t<meta property=\"og:image:height\" content=\"368\" \/>\n\t<meta property=\"og:image:type\" content=\"image\/jpeg\" \/>\n<meta name=\"author\" content=\"llanura\" \/>\n<meta name=\"twitter:card\" content=\"summary_large_image\" \/>\n<meta name=\"twitter:label1\" content=\"Escrito por\" \/>\n\t<meta name=\"twitter:data1\" content=\"llanura\" \/>\n\t<meta name=\"twitter:label2\" content=\"Tiempo de lectura\" \/>\n\t<meta name=\"twitter:data2\" content=\"3 minutos\" \/>\n<script type=\"application\/ld+json\" class=\"yoast-schema-graph\">{\"@context\":\"https:\/\/schema.org\",\"@graph\":[{\"@type\":\"WebPage\",\"@id\":\"https:\/\/fmllanura.com\/?p=5121\",\"url\":\"https:\/\/fmllanura.com\/?p=5121\",\"name\":\"Unos 133 cardenales comienzan el c\u00f3nclave para definir el sucesor de Francisco - RADIO LLANURA\",\"isPartOf\":{\"@id\":\"https:\/\/fmllanura.com\/#website\"},\"datePublished\":\"2025-05-07T14:43:23+00:00\",\"dateModified\":\"2025-05-07T14:43:24+00:00\",\"author\":{\"@id\":\"https:\/\/fmllanura.com\/#\/schema\/person\/dd4b4843c2293cd8d5995d115dbd5e96\"},\"breadcrumb\":{\"@id\":\"https:\/\/fmllanura.com\/?p=5121#breadcrumb\"},\"inLanguage\":\"es\",\"potentialAction\":[{\"@type\":\"ReadAction\",\"target\":[\"https:\/\/fmllanura.com\/?p=5121\"]}]},{\"@type\":\"BreadcrumbList\",\"@id\":\"https:\/\/fmllanura.com\/?p=5121#breadcrumb\",\"itemListElement\":[{\"@type\":\"ListItem\",\"position\":1,\"name\":\"Portada\",\"item\":\"https:\/\/fmllanura.com\/\"},{\"@type\":\"ListItem\",\"position\":2,\"name\":\"Unos 133 cardenales comienzan el c\u00f3nclave para definir el sucesor de Francisco\"}]},{\"@type\":\"WebSite\",\"@id\":\"https:\/\/fmllanura.com\/#website\",\"url\":\"https:\/\/fmllanura.com\/\",\"name\":\"RADIO LLANURA\",\"description\":\"\",\"potentialAction\":[{\"@type\":\"SearchAction\",\"target\":{\"@type\":\"EntryPoint\",\"urlTemplate\":\"https:\/\/fmllanura.com\/?s={search_term_string}\"},\"query-input\":\"required name=search_term_string\"}],\"inLanguage\":\"es\"},{\"@type\":\"Person\",\"@id\":\"https:\/\/fmllanura.com\/#\/schema\/person\/dd4b4843c2293cd8d5995d115dbd5e96\",\"name\":\"llanura\",\"image\":{\"@type\":\"ImageObject\",\"inLanguage\":\"es\",\"@id\":\"https:\/\/fmllanura.com\/#\/schema\/person\/image\/\",\"url\":\"https:\/\/secure.gravatar.com\/avatar\/f6ee1541937ff3e68dac011173779bde?s=96&d=mm&r=g\",\"contentUrl\":\"https:\/\/secure.gravatar.com\/avatar\/f6ee1541937ff3e68dac011173779bde?s=96&d=mm&r=g\",\"caption\":\"llanura\"},\"url\":\"https:\/\/fmllanura.com\/?author=4\"}]}<\/script>\n<!-- \/ Yoast SEO plugin. -->","yoast_head_json":{"title":"Unos 133 cardenales comienzan el c\u00f3nclave para definir el sucesor de Francisco - RADIO LLANURA","robots":{"index":"index","follow":"follow","max-snippet":"max-snippet:-1","max-image-preview":"max-image-preview:large","max-video-preview":"max-video-preview:-1"},"canonical":"https:\/\/fmllanura.com\/?p=5121","og_locale":"es_ES","og_type":"article","og_title":"Unos 133 cardenales comienzan el c\u00f3nclave para definir el sucesor de Francisco - RADIO LLANURA","og_description":"Un total de 133 cardenales electores provenientes de 70 pa\u00edses de todos los continentes participan desde este mi\u00e9rcoles de la elecci\u00f3n m\u00e1s numerosa y diversa de la historia de la Iglesia cat\u00f3lica. Comienza oficialmente el c\u00f3nclave en la Capilla Sixtina para elegir al sucesor del papa Francisco. \u00bfCu\u00e1ndo comienza el c\u00f3nclave para elegir al nuevo &hellip;","og_url":"https:\/\/fmllanura.com\/?p=5121","og_site_name":"RADIO LLANURA","article_published_time":"2025-05-07T14:43:23+00:00","article_modified_time":"2025-05-07T14:43:24+00:00","og_image":[{"width":588,"height":368,"url":"https:\/\/fmllanura.com\/wp-content\/uploads\/2025\/05\/17466289477367271922393216151184.jpg","type":"image\/jpeg"}],"author":"llanura","twitter_card":"summary_large_image","twitter_misc":{"Escrito por":"llanura","Tiempo de lectura":"3 minutos"},"schema":{"@context":"https:\/\/schema.org","@graph":[{"@type":"WebPage","@id":"https:\/\/fmllanura.com\/?p=5121","url":"https:\/\/fmllanura.com\/?p=5121","name":"Unos 133 cardenales comienzan el c\u00f3nclave para definir el sucesor de Francisco - RADIO LLANURA","isPartOf":{"@id":"https:\/\/fmllanura.com\/#website"},"datePublished":"2025-05-07T14:43:23+00:00","dateModified":"2025-05-07T14:43:24+00:00","author":{"@id":"https:\/\/fmllanura.com\/#\/schema\/person\/dd4b4843c2293cd8d5995d115dbd5e96"},"breadcrumb":{"@id":"https:\/\/fmllanura.com\/?p=5121#breadcrumb"},"inLanguage":"es","potentialAction":[{"@type":"ReadAction","target":["https:\/\/fmllanura.com\/?p=5121"]}]},{"@type":"BreadcrumbList","@id":"https:\/\/fmllanura.com\/?p=5121#breadcrumb","itemListElement":[{"@type":"ListItem","position":1,"name":"Portada","item":"https:\/\/fmllanura.com\/"},{"@type":"ListItem","position":2,"name":"Unos 133 cardenales comienzan el c\u00f3nclave para definir el sucesor de Francisco"}]},{"@type":"WebSite","@id":"https:\/\/fmllanura.com\/#website","url":"https:\/\/fmllanura.com\/","name":"RADIO LLANURA","description":"","potentialAction":[{"@type":"SearchAction","target":{"@type":"EntryPoint","urlTemplate":"https:\/\/fmllanura.com\/?s={search_term_string}"},"query-input":"required name=search_term_string"}],"inLanguage":"es"},{"@type":"Person","@id":"https:\/\/fmllanura.com\/#\/schema\/person\/dd4b4843c2293cd8d5995d115dbd5e96","name":"llanura","image":{"@type":"ImageObject","inLanguage":"es","@id":"https:\/\/fmllanura.com\/#\/schema\/person\/image\/","url":"https:\/\/secure.gravatar.com\/avatar\/f6ee1541937ff3e68dac011173779bde?s=96&d=mm&r=g","contentUrl":"https:\/\/secure.gravatar.com\/avatar\/f6ee1541937ff3e68dac011173779bde?s=96&d=mm&r=g","caption":"llanura"},"url":"https:\/\/fmllanura.com\/?author=4"}]}},"_links":{"self":[{"href":"https:\/\/fmllanura.com\/index.php?rest_route=\/wp\/v2\/posts\/5121"}],"collection":[{"href":"https:\/\/fmllanura.com\/index.php?rest_route=\/wp\/v2\/posts"}],"about":[{"href":"https:\/\/fmllanura.com\/index.php?rest_route=\/wp\/v2\/types\/post"}],"author":[{"embeddable":true,"href":"https:\/\/fmllanura.com\/index.php?rest_route=\/wp\/v2\/users\/4"}],"replies":[{"embeddable":true,"href":"https:\/\/fmllanura.com\/index.php?rest_route=%2Fwp%2Fv2%2Fcomments&post=5121"}],"version-history":[{"count":1,"href":"https:\/\/fmllanura.com\/index.php?rest_route=\/wp\/v2\/posts\/5121\/revisions"}],"predecessor-version":[{"id":5129,"href":"https:\/\/fmllanura.com\/index.php?rest_route=\/wp\/v2\/posts\/5121\/revisions\/5129"}],"wp:featuredmedia":[{"embeddable":true,"href":"https:\/\/fmllanura.com\/index.php?rest_route=\/wp\/v2\/media\/5128"}],"wp:attachment":[{"href":"https:\/\/fmllanura.com\/index.php?rest_route=%2Fwp%2Fv2%2Fmedia&parent=5121"}],"wp:term":[{"taxonomy":"category","embeddable":true,"href":"https:\/\/fmllanura.com\/index.php?rest_route=%2Fwp%2Fv2%2Fcategories&post=5121"},{"taxonomy":"post_tag","embeddable":true,"href":"https:\/\/fmllanura.com\/index.php?rest_route=%2Fwp%2Fv2%2Ftags&post=5121"}],"curies":[{"name":"wp","href":"https:\/\/api.w.org\/{rel}","templated":true}]}}