{"id":5580,"date":"2025-06-10T17:40:09","date_gmt":"2025-06-10T17:40:09","guid":{"rendered":"https:\/\/fmllanura.com\/?p=5580"},"modified":"2025-06-10T17:40:09","modified_gmt":"2025-06-10T17:40:09","slug":"la-mesa-de-enlace-interno-de-acceso-a-la-informacion-publica-se-reune-por-primera-vez","status":"publish","type":"post","link":"https:\/\/fmllanura.com\/?p=5580","title":{"rendered":"La Mesa de Enlace Interno de Acceso a la Informaci\u00f3n P\u00fablica se re\u00fane por primera vez"},"content":{"rendered":"\n<figure class=\"wp-block-image size-full\"><img loading=\"lazy\" decoding=\"async\" width=\"900\" height=\"507\" src=\"https:\/\/fmllanura.com\/wp-content\/uploads\/2025\/06\/17495746706701762526484239648971.jpg\" alt=\"\" class=\"wp-image-5586\" srcset=\"https:\/\/fmllanura.com\/wp-content\/uploads\/2025\/06\/17495746706701762526484239648971.jpg 900w, https:\/\/fmllanura.com\/wp-content\/uploads\/2025\/06\/17495746706701762526484239648971-300x169.jpg 300w, https:\/\/fmllanura.com\/wp-content\/uploads\/2025\/06\/17495746706701762526484239648971-768x433.jpg 768w\" sizes=\"(max-width: 900px) 100vw, 900px\" \/><\/figure>\n\n\n\n<p>Este lunes se reuni\u00f3 por primera vez la Mesa de Enlace Interno de Acceso a la Informaci\u00f3n P\u00fablica del Ministerio de Seguridad y Justicia. Esta iniciativa se enmarca en el fortalecimiento del derecho de acceso a la informaci\u00f3n p\u00fablica y la promoci\u00f3n de una gesti\u00f3n estatal m\u00e1s abierta, transparente y accesible, tarea que lleva adelante el Ministerio de Conectividad y Modernizaci\u00f3n.Participaron del encuentro referentes de distintas \u00e1reas del Ministerio y la Polic\u00eda provincial, junto a responsables designados para el acceso a la informaci\u00f3n p\u00fablica en esa jurisdicci\u00f3n, quienes coordinaron el espacio y compartieron avances respecto a las tareas que llevan adelante: gesti\u00f3n de solicitudes, actualizaci\u00f3n de la informaci\u00f3n institucional, capacitaciones internas sobre la normativa vigente, atenci\u00f3n de reclamos y articulaci\u00f3n con los equipos de trabajo del Ministerio. Por parte del Ministerio de Conectividad y Modernizaci\u00f3n estuvieron presentes la subsecretaria de Modernizaci\u00f3n, Carmen Sierra, y el director general de Acceso a la Informaci\u00f3n P\u00fablica y Gobierno Digital, Dami\u00e1n Aldama, quienes brindaron asistencia t\u00e9cnica y acompa\u00f1amiento para fortalecer el trabajo de los equipos ministeriales.Las Mesas de Enlace Internas permiten consolidar espacios de trabajo conjunto entre referentes de acceso a la informaci\u00f3n p\u00fablica y equipos de cada organismo, garantizando que la ciudadan\u00eda pueda ejercer su derecho a estar informada sobre los actos del Gobierno, los recursos p\u00fablicos y las pol\u00edticas implementadas. En el marco del encuentro, la directora de Coordinaci\u00f3n Institucional, Laura Diab, en representaci\u00f3n del Ministerio de Seguridad y Justicia, destac\u00f3 la importancia del encuentro como un espacio clave para fortalecer la transparencia y la articulaci\u00f3n entre \u00e1reas gubernamentales.\u201cLa reuni\u00f3n fue altamente productiva. Nos permiti\u00f3 avanzar en el trazado de l\u00edneas de acci\u00f3n claras y uniformes en materia de acceso a la informaci\u00f3n p\u00fablica, tanto hacia el interior del Ministerio como en articulaci\u00f3n con la Jefatura de Polic\u00eda. Este proceso lo venimos consolidando desde la puesta en vigencia de la normativa provincial y cada instancia de trabajo conjunto permite profundizar ese camino\u201d, se\u00f1al\u00f3 Diab a la Agencia Provincial de Noticias.Asimismo, la funcionaria remarc\u00f3 que estos espacios de articulaci\u00f3n tienen un impacto directo en la gesti\u00f3n diaria, ya que permiten integrar aspectos administrativos, t\u00e9cnicos y legales bajo una misma mirada estrat\u00e9gica reconociendo que al \u201cdefinir criterios comunes y fortaleciendo estos canales institucionales se mejora el abordaje de cada solicitud de acceso a la informaci\u00f3n, garantizando no solo el cumplimiento normativo, sino tambi\u00e9n el fortalecimiento de la relaci\u00f3n con la ciudadan\u00eda\u201d. Estas iniciativas forman parte de una pol\u00edtica sostenida por el Gobierno de La Pampa, orientada a fortalecer el v\u00ednculo entre el Estado y la sociedad, promoviendo una cultura institucional basada en la transparencia, la participaci\u00f3n y el acceso equitativo a la informaci\u00f3n.<\/p>\n","protected":false},"excerpt":{"rendered":"<p>Este lunes se reuni\u00f3 por primera vez la Mesa de Enlace Interno de Acceso a la Informaci\u00f3n P\u00fablica del Ministerio de Seguridad y Justicia. Esta iniciativa se enmarca en el fortalecimiento del derecho de acceso a la informaci\u00f3n p\u00fablica y la promoci\u00f3n de una gesti\u00f3n estatal m\u00e1s abierta, transparente y accesible, tarea que lleva adelante &hellip;<\/p>\n","protected":false},"author":4,"featured_media":5586,"comment_status":"open","ping_status":"open","sticky":false,"template":"","format":"standard","meta":{"footnotes":""},"categories":[1],"tags":[],"class_list":["post-5580","post","type-post","status-publish","format-standard","has-post-thumbnail","","category-uncategorized"],"yoast_head":"<!-- This site is optimized with the Yoast SEO plugin v19.9 - https:\/\/yoast.com\/wordpress\/plugins\/seo\/ -->\n<title>La Mesa de Enlace Interno de Acceso a la Informaci\u00f3n P\u00fablica se re\u00fane por primera vez - RADIO LLANURA<\/title>\n<meta name=\"robots\" content=\"index, follow, max-snippet:-1, max-image-preview:large, max-video-preview:-1\" \/>\n<link rel=\"canonical\" href=\"https:\/\/fmllanura.com\/?p=5580\" \/>\n<meta property=\"og:locale\" content=\"es_ES\" \/>\n<meta property=\"og:type\" content=\"article\" \/>\n<meta property=\"og:title\" content=\"La Mesa de Enlace Interno de Acceso a la Informaci\u00f3n P\u00fablica se re\u00fane por primera vez - RADIO LLANURA\" \/>\n<meta property=\"og:description\" content=\"Este lunes se reuni\u00f3 por primera vez la Mesa de Enlace Interno de Acceso a la Informaci\u00f3n P\u00fablica del Ministerio de Seguridad y Justicia. Esta iniciativa se enmarca en el fortalecimiento del derecho de acceso a la informaci\u00f3n p\u00fablica y la promoci\u00f3n de una gesti\u00f3n estatal m\u00e1s abierta, transparente y accesible, tarea que lleva adelante &hellip;\" \/>\n<meta property=\"og:url\" content=\"https:\/\/fmllanura.com\/?p=5580\" \/>\n<meta property=\"og:site_name\" content=\"RADIO LLANURA\" \/>\n<meta property=\"article:published_time\" content=\"2025-06-10T17:40:09+00:00\" \/>\n<meta property=\"og:image\" content=\"https:\/\/fmllanura.com\/wp-content\/uploads\/2025\/06\/17495746706701762526484239648971.jpg\" \/>\n<meta name=\"author\" content=\"llanura\" \/>\n<meta name=\"twitter:card\" content=\"summary_large_image\" \/>\n<meta name=\"twitter:label1\" content=\"Escrito por\" \/>\n\t<meta name=\"twitter:data1\" content=\"llanura\" \/>\n\t<meta name=\"twitter:label2\" content=\"Tiempo de lectura\" \/>\n\t<meta name=\"twitter:data2\" content=\"2 minutos\" \/>\n<script type=\"application\/ld+json\" class=\"yoast-schema-graph\">{\"@context\":\"https:\/\/schema.org\",\"@graph\":[{\"@type\":\"WebPage\",\"@id\":\"https:\/\/fmllanura.com\/?p=5580\",\"url\":\"https:\/\/fmllanura.com\/?p=5580\",\"name\":\"La Mesa de Enlace Interno de Acceso a la Informaci\u00f3n P\u00fablica se re\u00fane por primera vez - RADIO LLANURA\",\"isPartOf\":{\"@id\":\"https:\/\/fmllanura.com\/#website\"},\"datePublished\":\"2025-06-10T17:40:09+00:00\",\"dateModified\":\"2025-06-10T17:40:09+00:00\",\"author\":{\"@id\":\"https:\/\/fmllanura.com\/#\/schema\/person\/dd4b4843c2293cd8d5995d115dbd5e96\"},\"breadcrumb\":{\"@id\":\"https:\/\/fmllanura.com\/?p=5580#breadcrumb\"},\"inLanguage\":\"es\",\"potentialAction\":[{\"@type\":\"ReadAction\",\"target\":[\"https:\/\/fmllanura.com\/?p=5580\"]}]},{\"@type\":\"BreadcrumbList\",\"@id\":\"https:\/\/fmllanura.com\/?p=5580#breadcrumb\",\"itemListElement\":[{\"@type\":\"ListItem\",\"position\":1,\"name\":\"Portada\",\"item\":\"https:\/\/fmllanura.com\/\"},{\"@type\":\"ListItem\",\"position\":2,\"name\":\"La Mesa de Enlace Interno de Acceso a la Informaci\u00f3n P\u00fablica se re\u00fane por primera vez\"}]},{\"@type\":\"WebSite\",\"@id\":\"https:\/\/fmllanura.com\/#website\",\"url\":\"https:\/\/fmllanura.com\/\",\"name\":\"RADIO LLANURA\",\"description\":\"\",\"potentialAction\":[{\"@type\":\"SearchAction\",\"target\":{\"@type\":\"EntryPoint\",\"urlTemplate\":\"https:\/\/fmllanura.com\/?s={search_term_string}\"},\"query-input\":\"required name=search_term_string\"}],\"inLanguage\":\"es\"},{\"@type\":\"Person\",\"@id\":\"https:\/\/fmllanura.com\/#\/schema\/person\/dd4b4843c2293cd8d5995d115dbd5e96\",\"name\":\"llanura\",\"image\":{\"@type\":\"ImageObject\",\"inLanguage\":\"es\",\"@id\":\"https:\/\/fmllanura.com\/#\/schema\/person\/image\/\",\"url\":\"https:\/\/secure.gravatar.com\/avatar\/f6ee1541937ff3e68dac011173779bde?s=96&d=mm&r=g\",\"contentUrl\":\"https:\/\/secure.gravatar.com\/avatar\/f6ee1541937ff3e68dac011173779bde?s=96&d=mm&r=g\",\"caption\":\"llanura\"},\"url\":\"https:\/\/fmllanura.com\/?author=4\"}]}<\/script>\n<!-- \/ Yoast SEO plugin. -->","yoast_head_json":{"title":"La Mesa de Enlace Interno de Acceso a la Informaci\u00f3n P\u00fablica se re\u00fane por primera vez - RADIO LLANURA","robots":{"index":"index","follow":"follow","max-snippet":"max-snippet:-1","max-image-preview":"max-image-preview:large","max-video-preview":"max-video-preview:-1"},"canonical":"https:\/\/fmllanura.com\/?p=5580","og_locale":"es_ES","og_type":"article","og_title":"La Mesa de Enlace Interno de Acceso a la Informaci\u00f3n P\u00fablica se re\u00fane por primera vez - RADIO LLANURA","og_description":"Este lunes se reuni\u00f3 por primera vez la Mesa de Enlace Interno de Acceso a la Informaci\u00f3n P\u00fablica del Ministerio de Seguridad y Justicia. Esta iniciativa se enmarca en el fortalecimiento del derecho de acceso a la informaci\u00f3n p\u00fablica y la promoci\u00f3n de una gesti\u00f3n estatal m\u00e1s abierta, transparente y accesible, tarea que lleva adelante &hellip;","og_url":"https:\/\/fmllanura.com\/?p=5580","og_site_name":"RADIO LLANURA","article_published_time":"2025-06-10T17:40:09+00:00","og_image":[{"url":"https:\/\/fmllanura.com\/wp-content\/uploads\/2025\/06\/17495746706701762526484239648971.jpg"}],"author":"llanura","twitter_card":"summary_large_image","twitter_misc":{"Escrito por":"llanura","Tiempo de lectura":"2 minutos"},"schema":{"@context":"https:\/\/schema.org","@graph":[{"@type":"WebPage","@id":"https:\/\/fmllanura.com\/?p=5580","url":"https:\/\/fmllanura.com\/?p=5580","name":"La Mesa de Enlace Interno de Acceso a la Informaci\u00f3n P\u00fablica se re\u00fane por primera vez - RADIO LLANURA","isPartOf":{"@id":"https:\/\/fmllanura.com\/#website"},"datePublished":"2025-06-10T17:40:09+00:00","dateModified":"2025-06-10T17:40:09+00:00","author":{"@id":"https:\/\/fmllanura.com\/#\/schema\/person\/dd4b4843c2293cd8d5995d115dbd5e96"},"breadcrumb":{"@id":"https:\/\/fmllanura.com\/?p=5580#breadcrumb"},"inLanguage":"es","potentialAction":[{"@type":"ReadAction","target":["https:\/\/fmllanura.com\/?p=5580"]}]},{"@type":"BreadcrumbList","@id":"https:\/\/fmllanura.com\/?p=5580#breadcrumb","itemListElement":[{"@type":"ListItem","position":1,"name":"Portada","item":"https:\/\/fmllanura.com\/"},{"@type":"ListItem","position":2,"name":"La Mesa de Enlace Interno de Acceso a la Informaci\u00f3n P\u00fablica se re\u00fane por primera vez"}]},{"@type":"WebSite","@id":"https:\/\/fmllanura.com\/#website","url":"https:\/\/fmllanura.com\/","name":"RADIO LLANURA","description":"","potentialAction":[{"@type":"SearchAction","target":{"@type":"EntryPoint","urlTemplate":"https:\/\/fmllanura.com\/?s={search_term_string}"},"query-input":"required name=search_term_string"}],"inLanguage":"es"},{"@type":"Person","@id":"https:\/\/fmllanura.com\/#\/schema\/person\/dd4b4843c2293cd8d5995d115dbd5e96","name":"llanura","image":{"@type":"ImageObject","inLanguage":"es","@id":"https:\/\/fmllanura.com\/#\/schema\/person\/image\/","url":"https:\/\/secure.gravatar.com\/avatar\/f6ee1541937ff3e68dac011173779bde?s=96&d=mm&r=g","contentUrl":"https:\/\/secure.gravatar.com\/avatar\/f6ee1541937ff3e68dac011173779bde?s=96&d=mm&r=g","caption":"llanura"},"url":"https:\/\/fmllanura.com\/?author=4"}]}},"_links":{"self":[{"href":"https:\/\/fmllanura.com\/index.php?rest_route=\/wp\/v2\/posts\/5580"}],"collection":[{"href":"https:\/\/fmllanura.com\/index.php?rest_route=\/wp\/v2\/posts"}],"about":[{"href":"https:\/\/fmllanura.com\/index.php?rest_route=\/wp\/v2\/types\/post"}],"author":[{"embeddable":true,"href":"https:\/\/fmllanura.com\/index.php?rest_route=\/wp\/v2\/users\/4"}],"replies":[{"embeddable":true,"href":"https:\/\/fmllanura.com\/index.php?rest_route=%2Fwp%2Fv2%2Fcomments&post=5580"}],"version-history":[{"count":1,"href":"https:\/\/fmllanura.com\/index.php?rest_route=\/wp\/v2\/posts\/5580\/revisions"}],"predecessor-version":[{"id":5587,"href":"https:\/\/fmllanura.com\/index.php?rest_route=\/wp\/v2\/posts\/5580\/revisions\/5587"}],"wp:featuredmedia":[{"embeddable":true,"href":"https:\/\/fmllanura.com\/index.php?rest_route=\/wp\/v2\/media\/5586"}],"wp:attachment":[{"href":"https:\/\/fmllanura.com\/index.php?rest_route=%2Fwp%2Fv2%2Fmedia&parent=5580"}],"wp:term":[{"taxonomy":"category","embeddable":true,"href":"https:\/\/fmllanura.com\/index.php?rest_route=%2Fwp%2Fv2%2Fcategories&post=5580"},{"taxonomy":"post_tag","embeddable":true,"href":"https:\/\/fmllanura.com\/index.php?rest_route=%2Fwp%2Fv2%2Ftags&post=5580"}],"curies":[{"name":"wp","href":"https:\/\/api.w.org\/{rel}","templated":true}]}}