{"id":5716,"date":"2025-06-23T17:53:18","date_gmt":"2025-06-23T17:53:18","guid":{"rendered":"https:\/\/fmllanura.com\/?p=5716"},"modified":"2025-06-23T17:53:19","modified_gmt":"2025-06-23T17:53:19","slug":"crece-la-participacion-del-personal-policial-en-nuevas-instancias-de-capacitacion","status":"publish","type":"post","link":"https:\/\/fmllanura.com\/?p=5716","title":{"rendered":"Crece la participaci\u00f3n del personal policial en nuevas instancias de capacitaci\u00f3n"},"content":{"rendered":"\n<figure class=\"wp-block-image size-large\"><img loading=\"lazy\" decoding=\"async\" width=\"1024\" height=\"768\" src=\"https:\/\/fmllanura.com\/wp-content\/uploads\/2025\/06\/17507011539334967792459852972791-1024x768.jpg\" alt=\"\" class=\"wp-image-5720\" srcset=\"https:\/\/fmllanura.com\/wp-content\/uploads\/2025\/06\/17507011539334967792459852972791-1024x768.jpg 1024w, https:\/\/fmllanura.com\/wp-content\/uploads\/2025\/06\/17507011539334967792459852972791-300x225.jpg 300w, https:\/\/fmllanura.com\/wp-content\/uploads\/2025\/06\/17507011539334967792459852972791-768x576.jpg 768w, https:\/\/fmllanura.com\/wp-content\/uploads\/2025\/06\/17507011539334967792459852972791-1536x1152.jpg 1536w, https:\/\/fmllanura.com\/wp-content\/uploads\/2025\/06\/17507011539334967792459852972791.jpg 2048w\" sizes=\"(max-width: 1024px) 100vw, 1024px\" \/><\/figure>\n\n\n\n<p>El Ministerio de Seguridad y Justicia de La Pampa, a trav\u00e9s de la Subsecretar\u00eda de Formaci\u00f3n, la Jefatura de Polic\u00eda y el Instituto Superior Policial (ISP), contin\u00faa avanzando con el desarrollo del Programa de Formaci\u00f3n Continua Policial 2025. En esta etapa, nuevas propuestas de formaci\u00f3n se desarrollan en distintos puntos del territorio provincial, fortaleciendo competencias espec\u00edficas en materia operativa, preventiva y comunitaria.Las actividades se enmarcan en una pol\u00edtica p\u00fablica sostenida que busca garantizar el acceso a la actualizaci\u00f3n profesional para las y los integrantes de la fuerza, atendiendo a las particularidades de cada funci\u00f3n y realidad territorial. El dise\u00f1o del calendario formativo responde a una planificaci\u00f3n realizada de manera articulada entre la Escuela de Especialidades del ISP, las \u00e1reas operativas de la Polic\u00eda de La Pampa y la Subsecretar\u00eda de Formaci\u00f3n, y fue aprobado mediante Resoluci\u00f3n de la Jefatura de Polic\u00eda. El detalle completo de las actividades puede consultarse en el sitio web oficial del programa: www.formacioncontinuapolicial.lapampa.gob.ar. Entre los cursos recientemente finalizados, se destaca el segundo y \u00faltimo grupo del Curso de T\u00e9cnicas de Progresi\u00f3n y Protecci\u00f3n Policial ante Alteraciones del Orden P\u00fablico, que tuvo lugar del 2 al 6 de junio y estuvo destinado a personal de las Unidades Regionales UR III y UR IV, incluyendo a efectivos de la Secci\u00f3n Canes de la UR I. En paralelo, entre el 2 y el 13 de junio, se desarroll\u00f3 el Curso de Escopeta en \u00c1mbito Carcelario, dirigido a personal de alcaid\u00edas. Esta capacitaci\u00f3n se dividi\u00f3 en dos etapas: la primera fue una actualizaci\u00f3n general sobre el uso de escopeta y la segunda, centrada espec\u00edficamente en su aplicaci\u00f3n en contextos penitenciarios, se dict\u00f3 en la Escuela de Tiro por personal especializado. Asimismo, del 9 al 13 de junio se llev\u00f3 a cabo el Curso de Mantenimiento y Conducci\u00f3n de Motocicletas Policiales de 250 cc. destinado a efectivos de dependencias que cuentan con este tipo de veh\u00edculos, se desarroll\u00f3 en el Aut\u00f3dromo Provincia de La Pampa bajo la instrucci\u00f3n del equipo del Escuadr\u00f3n Operativo Motorizado (EOM). Finalmente, este mi\u00e9rcoles se desarroll\u00f3 la Jornada de Seguridad Vial y Se\u00f1alizaci\u00f3n en Rutas en la localidad de Macach\u00edn, dirigida a personal policial y de Bomberos Voluntarios. Tambi\u00e9n se sumaron agentes de Salud P\u00fablica y de Tr\u00e1nsito de localidades vecinas como Miguel Riglos, Rol\u00f3n, Doblas y Alpachiri, por iniciativa propia. La capacitaci\u00f3n est\u00e1 a cargo del suboficial principal Carlos Bustamante y del sargento Cristian L\u00e1rez,, y se enfoca en la se\u00f1alizaci\u00f3n, prevenci\u00f3n y abordaje de siniestros en ruta. La directora de la Escuela de Especialidades, Soledad Seia, realiz\u00f3 un balance positivo sobre el desarrollo del Programa de Formaci\u00f3n Continua Policial, subrayando la importancia que tiene esta pol\u00edtica para el fortalecimiento profesional del personal policial. \u201cEl programa viene cumpliendo con los objetivos propuestos. Hasta el momento, contamos con 505 cursantes que han participado activamente en las distintas propuestas, lo que demuestra el compromiso del personal con su formaci\u00f3n y la mejora constante del servicio que brindan a la comunidad\u201d, expres\u00f3 a la Agencia Provincial de Noticias  Adem\u00e1s, remarc\u00f3 que las capacitaciones responden a demandas reales de las \u00e1reas operativas, y que su dise\u00f1o es fruto de un trabajo colaborativo que apunta a una formaci\u00f3n integral y de calidad.  <\/p>\n","protected":false},"excerpt":{"rendered":"<p>El Ministerio de Seguridad y Justicia de La Pampa, a trav\u00e9s de la Subsecretar\u00eda de Formaci\u00f3n, la Jefatura de Polic\u00eda y el Instituto Superior Policial (ISP), contin\u00faa avanzando con el desarrollo del Programa de Formaci\u00f3n Continua Policial 2025. En esta etapa, nuevas propuestas de formaci\u00f3n se desarrollan en distintos puntos del territorio provincial, fortaleciendo competencias &hellip;<\/p>\n","protected":false},"author":4,"featured_media":5720,"comment_status":"open","ping_status":"open","sticky":false,"template":"","format":"standard","meta":{"footnotes":""},"categories":[1],"tags":[],"class_list":["post-5716","post","type-post","status-publish","format-standard","has-post-thumbnail","","category-uncategorized"],"yoast_head":"<!-- This site is optimized with the Yoast SEO plugin v19.9 - https:\/\/yoast.com\/wordpress\/plugins\/seo\/ -->\n<title>Crece la participaci\u00f3n del personal policial en nuevas instancias de capacitaci\u00f3n - RADIO LLANURA<\/title>\n<meta name=\"robots\" content=\"index, follow, max-snippet:-1, max-image-preview:large, max-video-preview:-1\" \/>\n<link rel=\"canonical\" href=\"https:\/\/fmllanura.com\/?p=5716\" \/>\n<meta property=\"og:locale\" content=\"es_ES\" \/>\n<meta property=\"og:type\" content=\"article\" \/>\n<meta property=\"og:title\" content=\"Crece la participaci\u00f3n del personal policial en nuevas instancias de capacitaci\u00f3n - RADIO LLANURA\" \/>\n<meta property=\"og:description\" content=\"El Ministerio de Seguridad y Justicia de La Pampa, a trav\u00e9s de la Subsecretar\u00eda de Formaci\u00f3n, la Jefatura de Polic\u00eda y el Instituto Superior Policial (ISP), contin\u00faa avanzando con el desarrollo del Programa de Formaci\u00f3n Continua Policial 2025. En esta etapa, nuevas propuestas de formaci\u00f3n se desarrollan en distintos puntos del territorio provincial, fortaleciendo competencias &hellip;\" \/>\n<meta property=\"og:url\" content=\"https:\/\/fmllanura.com\/?p=5716\" \/>\n<meta property=\"og:site_name\" content=\"RADIO LLANURA\" \/>\n<meta property=\"article:published_time\" content=\"2025-06-23T17:53:18+00:00\" \/>\n<meta property=\"article:modified_time\" content=\"2025-06-23T17:53:19+00:00\" \/>\n<meta property=\"og:image\" content=\"https:\/\/fmllanura.com\/wp-content\/uploads\/2025\/06\/17507011539334967792459852972791.jpg\" \/>\n\t<meta property=\"og:image:width\" content=\"2048\" \/>\n\t<meta property=\"og:image:height\" content=\"1536\" \/>\n\t<meta property=\"og:image:type\" content=\"image\/jpeg\" \/>\n<meta name=\"author\" content=\"llanura\" \/>\n<meta name=\"twitter:card\" content=\"summary_large_image\" \/>\n<meta name=\"twitter:label1\" content=\"Escrito por\" \/>\n\t<meta name=\"twitter:data1\" content=\"llanura\" \/>\n\t<meta name=\"twitter:label2\" content=\"Tiempo de lectura\" \/>\n\t<meta name=\"twitter:data2\" content=\"3 minutos\" \/>\n<script type=\"application\/ld+json\" class=\"yoast-schema-graph\">{\"@context\":\"https:\/\/schema.org\",\"@graph\":[{\"@type\":\"WebPage\",\"@id\":\"https:\/\/fmllanura.com\/?p=5716\",\"url\":\"https:\/\/fmllanura.com\/?p=5716\",\"name\":\"Crece la participaci\u00f3n del personal policial en nuevas instancias de capacitaci\u00f3n - RADIO LLANURA\",\"isPartOf\":{\"@id\":\"https:\/\/fmllanura.com\/#website\"},\"datePublished\":\"2025-06-23T17:53:18+00:00\",\"dateModified\":\"2025-06-23T17:53:19+00:00\",\"author\":{\"@id\":\"https:\/\/fmllanura.com\/#\/schema\/person\/dd4b4843c2293cd8d5995d115dbd5e96\"},\"breadcrumb\":{\"@id\":\"https:\/\/fmllanura.com\/?p=5716#breadcrumb\"},\"inLanguage\":\"es\",\"potentialAction\":[{\"@type\":\"ReadAction\",\"target\":[\"https:\/\/fmllanura.com\/?p=5716\"]}]},{\"@type\":\"BreadcrumbList\",\"@id\":\"https:\/\/fmllanura.com\/?p=5716#breadcrumb\",\"itemListElement\":[{\"@type\":\"ListItem\",\"position\":1,\"name\":\"Portada\",\"item\":\"https:\/\/fmllanura.com\/\"},{\"@type\":\"ListItem\",\"position\":2,\"name\":\"Crece la participaci\u00f3n del personal policial en nuevas instancias de capacitaci\u00f3n\"}]},{\"@type\":\"WebSite\",\"@id\":\"https:\/\/fmllanura.com\/#website\",\"url\":\"https:\/\/fmllanura.com\/\",\"name\":\"RADIO LLANURA\",\"description\":\"\",\"potentialAction\":[{\"@type\":\"SearchAction\",\"target\":{\"@type\":\"EntryPoint\",\"urlTemplate\":\"https:\/\/fmllanura.com\/?s={search_term_string}\"},\"query-input\":\"required name=search_term_string\"}],\"inLanguage\":\"es\"},{\"@type\":\"Person\",\"@id\":\"https:\/\/fmllanura.com\/#\/schema\/person\/dd4b4843c2293cd8d5995d115dbd5e96\",\"name\":\"llanura\",\"image\":{\"@type\":\"ImageObject\",\"inLanguage\":\"es\",\"@id\":\"https:\/\/fmllanura.com\/#\/schema\/person\/image\/\",\"url\":\"https:\/\/secure.gravatar.com\/avatar\/f6ee1541937ff3e68dac011173779bde?s=96&d=mm&r=g\",\"contentUrl\":\"https:\/\/secure.gravatar.com\/avatar\/f6ee1541937ff3e68dac011173779bde?s=96&d=mm&r=g\",\"caption\":\"llanura\"},\"url\":\"https:\/\/fmllanura.com\/?author=4\"}]}<\/script>\n<!-- \/ Yoast SEO plugin. -->","yoast_head_json":{"title":"Crece la participaci\u00f3n del personal policial en nuevas instancias de capacitaci\u00f3n - RADIO LLANURA","robots":{"index":"index","follow":"follow","max-snippet":"max-snippet:-1","max-image-preview":"max-image-preview:large","max-video-preview":"max-video-preview:-1"},"canonical":"https:\/\/fmllanura.com\/?p=5716","og_locale":"es_ES","og_type":"article","og_title":"Crece la participaci\u00f3n del personal policial en nuevas instancias de capacitaci\u00f3n - RADIO LLANURA","og_description":"El Ministerio de Seguridad y Justicia de La Pampa, a trav\u00e9s de la Subsecretar\u00eda de Formaci\u00f3n, la Jefatura de Polic\u00eda y el Instituto Superior Policial (ISP), contin\u00faa avanzando con el desarrollo del Programa de Formaci\u00f3n Continua Policial 2025. En esta etapa, nuevas propuestas de formaci\u00f3n se desarrollan en distintos puntos del territorio provincial, fortaleciendo competencias &hellip;","og_url":"https:\/\/fmllanura.com\/?p=5716","og_site_name":"RADIO LLANURA","article_published_time":"2025-06-23T17:53:18+00:00","article_modified_time":"2025-06-23T17:53:19+00:00","og_image":[{"width":2048,"height":1536,"url":"https:\/\/fmllanura.com\/wp-content\/uploads\/2025\/06\/17507011539334967792459852972791.jpg","type":"image\/jpeg"}],"author":"llanura","twitter_card":"summary_large_image","twitter_misc":{"Escrito por":"llanura","Tiempo de lectura":"3 minutos"},"schema":{"@context":"https:\/\/schema.org","@graph":[{"@type":"WebPage","@id":"https:\/\/fmllanura.com\/?p=5716","url":"https:\/\/fmllanura.com\/?p=5716","name":"Crece la participaci\u00f3n del personal policial en nuevas instancias de capacitaci\u00f3n - RADIO LLANURA","isPartOf":{"@id":"https:\/\/fmllanura.com\/#website"},"datePublished":"2025-06-23T17:53:18+00:00","dateModified":"2025-06-23T17:53:19+00:00","author":{"@id":"https:\/\/fmllanura.com\/#\/schema\/person\/dd4b4843c2293cd8d5995d115dbd5e96"},"breadcrumb":{"@id":"https:\/\/fmllanura.com\/?p=5716#breadcrumb"},"inLanguage":"es","potentialAction":[{"@type":"ReadAction","target":["https:\/\/fmllanura.com\/?p=5716"]}]},{"@type":"BreadcrumbList","@id":"https:\/\/fmllanura.com\/?p=5716#breadcrumb","itemListElement":[{"@type":"ListItem","position":1,"name":"Portada","item":"https:\/\/fmllanura.com\/"},{"@type":"ListItem","position":2,"name":"Crece la participaci\u00f3n del personal policial en nuevas instancias de capacitaci\u00f3n"}]},{"@type":"WebSite","@id":"https:\/\/fmllanura.com\/#website","url":"https:\/\/fmllanura.com\/","name":"RADIO LLANURA","description":"","potentialAction":[{"@type":"SearchAction","target":{"@type":"EntryPoint","urlTemplate":"https:\/\/fmllanura.com\/?s={search_term_string}"},"query-input":"required name=search_term_string"}],"inLanguage":"es"},{"@type":"Person","@id":"https:\/\/fmllanura.com\/#\/schema\/person\/dd4b4843c2293cd8d5995d115dbd5e96","name":"llanura","image":{"@type":"ImageObject","inLanguage":"es","@id":"https:\/\/fmllanura.com\/#\/schema\/person\/image\/","url":"https:\/\/secure.gravatar.com\/avatar\/f6ee1541937ff3e68dac011173779bde?s=96&d=mm&r=g","contentUrl":"https:\/\/secure.gravatar.com\/avatar\/f6ee1541937ff3e68dac011173779bde?s=96&d=mm&r=g","caption":"llanura"},"url":"https:\/\/fmllanura.com\/?author=4"}]}},"_links":{"self":[{"href":"https:\/\/fmllanura.com\/index.php?rest_route=\/wp\/v2\/posts\/5716"}],"collection":[{"href":"https:\/\/fmllanura.com\/index.php?rest_route=\/wp\/v2\/posts"}],"about":[{"href":"https:\/\/fmllanura.com\/index.php?rest_route=\/wp\/v2\/types\/post"}],"author":[{"embeddable":true,"href":"https:\/\/fmllanura.com\/index.php?rest_route=\/wp\/v2\/users\/4"}],"replies":[{"embeddable":true,"href":"https:\/\/fmllanura.com\/index.php?rest_route=%2Fwp%2Fv2%2Fcomments&post=5716"}],"version-history":[{"count":1,"href":"https:\/\/fmllanura.com\/index.php?rest_route=\/wp\/v2\/posts\/5716\/revisions"}],"predecessor-version":[{"id":5721,"href":"https:\/\/fmllanura.com\/index.php?rest_route=\/wp\/v2\/posts\/5716\/revisions\/5721"}],"wp:featuredmedia":[{"embeddable":true,"href":"https:\/\/fmllanura.com\/index.php?rest_route=\/wp\/v2\/media\/5720"}],"wp:attachment":[{"href":"https:\/\/fmllanura.com\/index.php?rest_route=%2Fwp%2Fv2%2Fmedia&parent=5716"}],"wp:term":[{"taxonomy":"category","embeddable":true,"href":"https:\/\/fmllanura.com\/index.php?rest_route=%2Fwp%2Fv2%2Fcategories&post=5716"},{"taxonomy":"post_tag","embeddable":true,"href":"https:\/\/fmllanura.com\/index.php?rest_route=%2Fwp%2Fv2%2Ftags&post=5716"}],"curies":[{"name":"wp","href":"https:\/\/api.w.org\/{rel}","templated":true}]}}