{"id":5879,"date":"2025-07-04T14:25:50","date_gmt":"2025-07-04T14:25:50","guid":{"rendered":"https:\/\/fmllanura.com\/?p=5879"},"modified":"2025-07-04T14:25:51","modified_gmt":"2025-07-04T14:25:51","slug":"la-pampa-presento-una-guia-para-la-intervencion-en-urgencias-de-salud-mental","status":"publish","type":"post","link":"https:\/\/fmllanura.com\/?p=5879","title":{"rendered":"La Pampa present\u00f3 una gu\u00eda para la intervenci\u00f3n en urgencias de salud mental"},"content":{"rendered":"\n<figure class=\"wp-block-image size-full\"><img loading=\"lazy\" decoding=\"async\" width=\"752\" height=\"440\" src=\"https:\/\/fmllanura.com\/wp-content\/uploads\/2025\/07\/17516391024271840708206255729229.jpg\" alt=\"\" class=\"wp-image-5887\" srcset=\"https:\/\/fmllanura.com\/wp-content\/uploads\/2025\/07\/17516391024271840708206255729229.jpg 752w, https:\/\/fmllanura.com\/wp-content\/uploads\/2025\/07\/17516391024271840708206255729229-300x176.jpg 300w\" sizes=\"(max-width: 752px) 100vw, 752px\" \/><\/figure>\n\n\n\n<p>En el Auditorio de Vialidad Provincial se present\u00f3 hoy de manera oficial la \u201cGu\u00eda sobre Actuaci\u00f3n en Situaciones de Urgencia en Salud Mental para las Fuerzas de Seguridad y Equipos de Salud\u201d, un documento normativo elaborado de manera conjunta por el Ministerio de Seguridad y Justicia y el Ministerio de Salud.La gu\u00eda fue aprobada mediante Resoluci\u00f3n Conjunta N\u00b0 947\/24. El acto cont\u00f3 con la presencia de autoridades provinciales, equipos t\u00e9cnicos, profesionales de salud mental y personal policial de toda la Provincia.La gu\u00eda establece criterios de intervenci\u00f3n claros, respetuosos y basados en derechos, orientados a mejorar la calidad de las respuestas institucionales en situaciones cr\u00edticas vinculadas a la salud mental.Se trata de un instrumento que, acompa\u00f1ado por un trayecto formativo semipresencial a cargo de la Subsecretar\u00eda de Formaci\u00f3n, el EDAIC, la Subsecretar\u00eda de Salud Mental y la Coordinaci\u00f3n de Desastres y Emergencias Sanitarias (CODES) busca fortalecer la articulaci\u00f3n entre equipos de Salud y fuerzas de Seguridad, especialmente en intervenciones domiciliarias y en v\u00eda p\u00fablica en toda la Provincia.<\/p>\n","protected":false},"excerpt":{"rendered":"<p>En el Auditorio de Vialidad Provincial se present\u00f3 hoy de manera oficial la \u201cGu\u00eda sobre Actuaci\u00f3n en Situaciones de Urgencia en Salud Mental para las Fuerzas de Seguridad y Equipos de Salud\u201d, un documento normativo elaborado de manera conjunta por el Ministerio de Seguridad y Justicia y el Ministerio de Salud.La gu\u00eda fue aprobada mediante &hellip;<\/p>\n","protected":false},"author":4,"featured_media":5887,"comment_status":"open","ping_status":"open","sticky":false,"template":"","format":"standard","meta":{"footnotes":""},"categories":[1],"tags":[],"class_list":["post-5879","post","type-post","status-publish","format-standard","has-post-thumbnail","","category-uncategorized"],"yoast_head":"<!-- This site is optimized with the Yoast SEO plugin v19.9 - https:\/\/yoast.com\/wordpress\/plugins\/seo\/ -->\n<title>La Pampa present\u00f3 una gu\u00eda para la intervenci\u00f3n en urgencias de salud mental - RADIO LLANURA<\/title>\n<meta name=\"robots\" content=\"index, follow, max-snippet:-1, max-image-preview:large, max-video-preview:-1\" \/>\n<link rel=\"canonical\" href=\"https:\/\/fmllanura.com\/?p=5879\" \/>\n<meta property=\"og:locale\" content=\"es_ES\" \/>\n<meta property=\"og:type\" content=\"article\" \/>\n<meta property=\"og:title\" content=\"La Pampa present\u00f3 una gu\u00eda para la intervenci\u00f3n en urgencias de salud mental - RADIO LLANURA\" \/>\n<meta property=\"og:description\" content=\"En el Auditorio de Vialidad Provincial se present\u00f3 hoy de manera oficial la \u201cGu\u00eda sobre Actuaci\u00f3n en Situaciones de Urgencia en Salud Mental para las Fuerzas de Seguridad y Equipos de Salud\u201d, un documento normativo elaborado de manera conjunta por el Ministerio de Seguridad y Justicia y el Ministerio de Salud.La gu\u00eda fue aprobada mediante &hellip;\" \/>\n<meta property=\"og:url\" content=\"https:\/\/fmllanura.com\/?p=5879\" \/>\n<meta property=\"og:site_name\" content=\"RADIO LLANURA\" \/>\n<meta property=\"article:published_time\" content=\"2025-07-04T14:25:50+00:00\" \/>\n<meta property=\"article:modified_time\" content=\"2025-07-04T14:25:51+00:00\" \/>\n<meta property=\"og:image\" content=\"https:\/\/fmllanura.com\/wp-content\/uploads\/2025\/07\/17516391024271840708206255729229.jpg\" \/>\n\t<meta property=\"og:image:width\" content=\"752\" \/>\n\t<meta property=\"og:image:height\" content=\"440\" \/>\n\t<meta property=\"og:image:type\" content=\"image\/jpeg\" \/>\n<meta name=\"author\" content=\"llanura\" \/>\n<meta name=\"twitter:card\" content=\"summary_large_image\" \/>\n<meta name=\"twitter:label1\" content=\"Escrito por\" \/>\n\t<meta name=\"twitter:data1\" content=\"llanura\" \/>\n\t<meta name=\"twitter:label2\" content=\"Tiempo de lectura\" \/>\n\t<meta name=\"twitter:data2\" content=\"1 minuto\" \/>\n<script type=\"application\/ld+json\" class=\"yoast-schema-graph\">{\"@context\":\"https:\/\/schema.org\",\"@graph\":[{\"@type\":\"WebPage\",\"@id\":\"https:\/\/fmllanura.com\/?p=5879\",\"url\":\"https:\/\/fmllanura.com\/?p=5879\",\"name\":\"La Pampa present\u00f3 una gu\u00eda para la intervenci\u00f3n en urgencias de salud mental - RADIO LLANURA\",\"isPartOf\":{\"@id\":\"https:\/\/fmllanura.com\/#website\"},\"datePublished\":\"2025-07-04T14:25:50+00:00\",\"dateModified\":\"2025-07-04T14:25:51+00:00\",\"author\":{\"@id\":\"https:\/\/fmllanura.com\/#\/schema\/person\/dd4b4843c2293cd8d5995d115dbd5e96\"},\"breadcrumb\":{\"@id\":\"https:\/\/fmllanura.com\/?p=5879#breadcrumb\"},\"inLanguage\":\"es\",\"potentialAction\":[{\"@type\":\"ReadAction\",\"target\":[\"https:\/\/fmllanura.com\/?p=5879\"]}]},{\"@type\":\"BreadcrumbList\",\"@id\":\"https:\/\/fmllanura.com\/?p=5879#breadcrumb\",\"itemListElement\":[{\"@type\":\"ListItem\",\"position\":1,\"name\":\"Portada\",\"item\":\"https:\/\/fmllanura.com\/\"},{\"@type\":\"ListItem\",\"position\":2,\"name\":\"La Pampa present\u00f3 una gu\u00eda para la intervenci\u00f3n en urgencias de salud mental\"}]},{\"@type\":\"WebSite\",\"@id\":\"https:\/\/fmllanura.com\/#website\",\"url\":\"https:\/\/fmllanura.com\/\",\"name\":\"RADIO LLANURA\",\"description\":\"\",\"potentialAction\":[{\"@type\":\"SearchAction\",\"target\":{\"@type\":\"EntryPoint\",\"urlTemplate\":\"https:\/\/fmllanura.com\/?s={search_term_string}\"},\"query-input\":\"required name=search_term_string\"}],\"inLanguage\":\"es\"},{\"@type\":\"Person\",\"@id\":\"https:\/\/fmllanura.com\/#\/schema\/person\/dd4b4843c2293cd8d5995d115dbd5e96\",\"name\":\"llanura\",\"image\":{\"@type\":\"ImageObject\",\"inLanguage\":\"es\",\"@id\":\"https:\/\/fmllanura.com\/#\/schema\/person\/image\/\",\"url\":\"https:\/\/secure.gravatar.com\/avatar\/f6ee1541937ff3e68dac011173779bde?s=96&d=mm&r=g\",\"contentUrl\":\"https:\/\/secure.gravatar.com\/avatar\/f6ee1541937ff3e68dac011173779bde?s=96&d=mm&r=g\",\"caption\":\"llanura\"},\"url\":\"https:\/\/fmllanura.com\/?author=4\"}]}<\/script>\n<!-- \/ Yoast SEO plugin. -->","yoast_head_json":{"title":"La Pampa present\u00f3 una gu\u00eda para la intervenci\u00f3n en urgencias de salud mental - RADIO LLANURA","robots":{"index":"index","follow":"follow","max-snippet":"max-snippet:-1","max-image-preview":"max-image-preview:large","max-video-preview":"max-video-preview:-1"},"canonical":"https:\/\/fmllanura.com\/?p=5879","og_locale":"es_ES","og_type":"article","og_title":"La Pampa present\u00f3 una gu\u00eda para la intervenci\u00f3n en urgencias de salud mental - RADIO LLANURA","og_description":"En el Auditorio de Vialidad Provincial se present\u00f3 hoy de manera oficial la \u201cGu\u00eda sobre Actuaci\u00f3n en Situaciones de Urgencia en Salud Mental para las Fuerzas de Seguridad y Equipos de Salud\u201d, un documento normativo elaborado de manera conjunta por el Ministerio de Seguridad y Justicia y el Ministerio de Salud.La gu\u00eda fue aprobada mediante &hellip;","og_url":"https:\/\/fmllanura.com\/?p=5879","og_site_name":"RADIO LLANURA","article_published_time":"2025-07-04T14:25:50+00:00","article_modified_time":"2025-07-04T14:25:51+00:00","og_image":[{"width":752,"height":440,"url":"https:\/\/fmllanura.com\/wp-content\/uploads\/2025\/07\/17516391024271840708206255729229.jpg","type":"image\/jpeg"}],"author":"llanura","twitter_card":"summary_large_image","twitter_misc":{"Escrito por":"llanura","Tiempo de lectura":"1 minuto"},"schema":{"@context":"https:\/\/schema.org","@graph":[{"@type":"WebPage","@id":"https:\/\/fmllanura.com\/?p=5879","url":"https:\/\/fmllanura.com\/?p=5879","name":"La Pampa present\u00f3 una gu\u00eda para la intervenci\u00f3n en urgencias de salud mental - RADIO LLANURA","isPartOf":{"@id":"https:\/\/fmllanura.com\/#website"},"datePublished":"2025-07-04T14:25:50+00:00","dateModified":"2025-07-04T14:25:51+00:00","author":{"@id":"https:\/\/fmllanura.com\/#\/schema\/person\/dd4b4843c2293cd8d5995d115dbd5e96"},"breadcrumb":{"@id":"https:\/\/fmllanura.com\/?p=5879#breadcrumb"},"inLanguage":"es","potentialAction":[{"@type":"ReadAction","target":["https:\/\/fmllanura.com\/?p=5879"]}]},{"@type":"BreadcrumbList","@id":"https:\/\/fmllanura.com\/?p=5879#breadcrumb","itemListElement":[{"@type":"ListItem","position":1,"name":"Portada","item":"https:\/\/fmllanura.com\/"},{"@type":"ListItem","position":2,"name":"La Pampa present\u00f3 una gu\u00eda para la intervenci\u00f3n en urgencias de salud mental"}]},{"@type":"WebSite","@id":"https:\/\/fmllanura.com\/#website","url":"https:\/\/fmllanura.com\/","name":"RADIO LLANURA","description":"","potentialAction":[{"@type":"SearchAction","target":{"@type":"EntryPoint","urlTemplate":"https:\/\/fmllanura.com\/?s={search_term_string}"},"query-input":"required name=search_term_string"}],"inLanguage":"es"},{"@type":"Person","@id":"https:\/\/fmllanura.com\/#\/schema\/person\/dd4b4843c2293cd8d5995d115dbd5e96","name":"llanura","image":{"@type":"ImageObject","inLanguage":"es","@id":"https:\/\/fmllanura.com\/#\/schema\/person\/image\/","url":"https:\/\/secure.gravatar.com\/avatar\/f6ee1541937ff3e68dac011173779bde?s=96&d=mm&r=g","contentUrl":"https:\/\/secure.gravatar.com\/avatar\/f6ee1541937ff3e68dac011173779bde?s=96&d=mm&r=g","caption":"llanura"},"url":"https:\/\/fmllanura.com\/?author=4"}]}},"_links":{"self":[{"href":"https:\/\/fmllanura.com\/index.php?rest_route=\/wp\/v2\/posts\/5879"}],"collection":[{"href":"https:\/\/fmllanura.com\/index.php?rest_route=\/wp\/v2\/posts"}],"about":[{"href":"https:\/\/fmllanura.com\/index.php?rest_route=\/wp\/v2\/types\/post"}],"author":[{"embeddable":true,"href":"https:\/\/fmllanura.com\/index.php?rest_route=\/wp\/v2\/users\/4"}],"replies":[{"embeddable":true,"href":"https:\/\/fmllanura.com\/index.php?rest_route=%2Fwp%2Fv2%2Fcomments&post=5879"}],"version-history":[{"count":1,"href":"https:\/\/fmllanura.com\/index.php?rest_route=\/wp\/v2\/posts\/5879\/revisions"}],"predecessor-version":[{"id":5888,"href":"https:\/\/fmllanura.com\/index.php?rest_route=\/wp\/v2\/posts\/5879\/revisions\/5888"}],"wp:featuredmedia":[{"embeddable":true,"href":"https:\/\/fmllanura.com\/index.php?rest_route=\/wp\/v2\/media\/5887"}],"wp:attachment":[{"href":"https:\/\/fmllanura.com\/index.php?rest_route=%2Fwp%2Fv2%2Fmedia&parent=5879"}],"wp:term":[{"taxonomy":"category","embeddable":true,"href":"https:\/\/fmllanura.com\/index.php?rest_route=%2Fwp%2Fv2%2Fcategories&post=5879"},{"taxonomy":"post_tag","embeddable":true,"href":"https:\/\/fmllanura.com\/index.php?rest_route=%2Fwp%2Fv2%2Ftags&post=5879"}],"curies":[{"name":"wp","href":"https:\/\/api.w.org\/{rel}","templated":true}]}}