{"id":5880,"date":"2025-07-04T14:26:46","date_gmt":"2025-07-04T14:26:46","guid":{"rendered":"https:\/\/fmllanura.com\/?p=5880"},"modified":"2025-07-04T14:26:47","modified_gmt":"2025-07-04T14:26:47","slug":"capacitacion-en-general-pico-un-abordaje-integral-de-la-violencia-de-genero","status":"publish","type":"post","link":"https:\/\/fmllanura.com\/?p=5880","title":{"rendered":"Capacitaci\u00f3n en General Pico: un abordaje integral de la violencia de g\u00e9nero"},"content":{"rendered":"\n<figure class=\"wp-block-image size-large\"><img loading=\"lazy\" decoding=\"async\" width=\"1024\" height=\"682\" src=\"https:\/\/fmllanura.com\/wp-content\/uploads\/2025\/07\/17516391525587340719550104317868-1024x682.jpg\" alt=\"\" class=\"wp-image-5889\" srcset=\"https:\/\/fmllanura.com\/wp-content\/uploads\/2025\/07\/17516391525587340719550104317868-1024x682.jpg 1024w, https:\/\/fmllanura.com\/wp-content\/uploads\/2025\/07\/17516391525587340719550104317868-300x200.jpg 300w, https:\/\/fmllanura.com\/wp-content\/uploads\/2025\/07\/17516391525587340719550104317868-768x512.jpg 768w, https:\/\/fmllanura.com\/wp-content\/uploads\/2025\/07\/17516391525587340719550104317868-1536x1023.jpg 1536w, https:\/\/fmllanura.com\/wp-content\/uploads\/2025\/07\/17516391525587340719550104317868-310x205.jpg 310w, https:\/\/fmllanura.com\/wp-content\/uploads\/2025\/07\/17516391525587340719550104317868.jpg 1600w\" sizes=\"(max-width: 1024px) 100vw, 1024px\" \/><\/figure>\n\n\n\n<p>La Municipalidad de General Pico desarroll\u00f3, en el CIC de barrio Rucci, la capacitaci\u00f3n denominada \u201cAbordaje de Masculinidades y G\u00e9nero\u201d, con el objetivo de realizar \u201cAportes a la atenci\u00f3n a varones que ejercen violencia de g\u00e9nero\u201d. La misma estuvo enmarcada dentro de las actividades que se llevaron adelante durante el mes de junio. Organizada por la Direcci\u00f3n de Pol\u00edticas de G\u00e9nero, fue brindada por la Mg. Mar\u00eda Eva Sanz, licenciada en Trabajo Social, especialista en Violencia Familiar de la UBA.La iniciativa, que cont\u00f3 con una amplia convocatoria, estuvo orientada al p\u00fablico en general, participando diferentes instituciones del medio junto a representantes de Salud, Justicia, de localidades vecinas y de la Unidad de Abordaje Orientaci\u00f3n y Supervisi\u00f3n de Personas en Conflicto con la Ley Penal. Previamente, se concret\u00f3 una similar destinada a los equipos t\u00e9cnicos de la Secretar\u00eda de Desarrollo Social. Se otorgaron herramientas para interactuar no solo con la v\u00edctima sino tambi\u00e9n con el victimario, de esta manera, se busca interactuar con quienes se encuentren con condena firme, libertad condicional o quienes hayan recuperado recientemente la libertad.Asistieron la intendenta Fernanda Alonso, la secretaria de Desarrollo Social, Gabriela Luna Echegaray; la directora de Pol\u00edticas de G\u00e9nero, Carina Garrido, dem\u00e1s funcionarias y funcionarios. Previo al comienzo, la jefa comunal piquense, Fernanda Alonso, se dirigi\u00f3 a las y los presentes: \u201cQuiero agradecer a quienes conforman nuestro ente de pol\u00edticas socializadoras, proyecto en el que oportunamente tuve la posibilidad de trabajar cuando fui legisladora provincial y que hoy se encuentra operativo\u201d.\u201cEs la oportunidad de contar con dispositivos que aborden la inserci\u00f3n de las personas en conflicto con la ley penal. Esto requiere que todos los d\u00edas podamos decodificar qu\u00e9 est\u00e1 pasando en la sociedad reviendo nuestras pr\u00e1cticas profesionales con una capacitaci\u00f3n permanente\u201d, se\u00f1al\u00f3. A\u00f1adi\u00f3 que \u201chay que desarrollar acciones de forma conjunta para lograr rearmar un plan de vida con alguien, algo que se dice muy f\u00e1cil pero que en la pr\u00e1ctica es complejo\u201d.\u201cEl contexto actual nos condiciona y mucho, nos deja cada vez m\u00e1s solos en este territorio ya que hay una gran indiferencia en torno a ello. No nos debe paralizar, al contrario, desde el municipio creemos que debemos seguir fortaleci\u00e9ndonos porque desde aqu\u00ed se generan los verdaderos cambios\u201d, concluy\u00f3.Por su parte, Carina Garrido asegur\u00f3: \u201cLa idea es que a trav\u00e9s de esta propuesta podamos obtener herramientas para trabajar con las masculinidades. Estamos convencidas y convencidos que la mejor manera de cortar con c\u00edrculos violentos es abordar ambas partes de la situaci\u00f3n\u201d. \u201cIniciamos formaciones en este mes para los equipos t\u00e9cnicos y la idea es poder seguir con la Unidad de Abordaje en esta tem\u00e1tica. Es un camino que nos llevar\u00e1 un tiempo pero entendemos va a ser fruct\u00edfero\u201d, ampli\u00f3.Por \u00faltimo, asever\u00f3 que \u201ces una pol\u00edtica p\u00fablica que est\u00e1 llevando adelante nuestro municipio, que se preocupa y ocupa por la igualdad de g\u00e9nero, mientras hay un Estado nacional que rompe y desarma. En tanto, Mar\u00eda Eva Sanz dijo: \u201cTen\u00edamos la necesidad de poner en primer plano a quienes ejercen la violencia porque not\u00e1bamos que tal vez salv\u00e1bamos a una v\u00edctima pero \u00e9se hombre ten\u00eda nuevas relaciones afectivas. Pusimos el foco en ello y los resultados son notables\u201d.<\/p>\n","protected":false},"excerpt":{"rendered":"<p>La Municipalidad de General Pico desarroll\u00f3, en el CIC de barrio Rucci, la capacitaci\u00f3n denominada \u201cAbordaje de Masculinidades y G\u00e9nero\u201d, con el objetivo de realizar \u201cAportes a la atenci\u00f3n a varones que ejercen violencia de g\u00e9nero\u201d. La misma estuvo enmarcada dentro de las actividades que se llevaron adelante durante el mes de junio. Organizada por &hellip;<\/p>\n","protected":false},"author":4,"featured_media":5889,"comment_status":"open","ping_status":"open","sticky":false,"template":"","format":"standard","meta":{"footnotes":""},"categories":[1],"tags":[],"class_list":["post-5880","post","type-post","status-publish","format-standard","has-post-thumbnail","","category-uncategorized"],"yoast_head":"<!-- This site is optimized with the Yoast SEO plugin v19.9 - https:\/\/yoast.com\/wordpress\/plugins\/seo\/ -->\n<title>Capacitaci\u00f3n en General Pico: un abordaje integral de la violencia de g\u00e9nero - RADIO LLANURA<\/title>\n<meta name=\"robots\" content=\"index, follow, max-snippet:-1, max-image-preview:large, max-video-preview:-1\" \/>\n<link rel=\"canonical\" href=\"https:\/\/fmllanura.com\/?p=5880\" \/>\n<meta property=\"og:locale\" content=\"es_ES\" \/>\n<meta property=\"og:type\" content=\"article\" \/>\n<meta property=\"og:title\" content=\"Capacitaci\u00f3n en General Pico: un abordaje integral de la violencia de g\u00e9nero - RADIO LLANURA\" \/>\n<meta property=\"og:description\" content=\"La Municipalidad de General Pico desarroll\u00f3, en el CIC de barrio Rucci, la capacitaci\u00f3n denominada \u201cAbordaje de Masculinidades y G\u00e9nero\u201d, con el objetivo de realizar \u201cAportes a la atenci\u00f3n a varones que ejercen violencia de g\u00e9nero\u201d. La misma estuvo enmarcada dentro de las actividades que se llevaron adelante durante el mes de junio. Organizada por &hellip;\" \/>\n<meta property=\"og:url\" content=\"https:\/\/fmllanura.com\/?p=5880\" \/>\n<meta property=\"og:site_name\" content=\"RADIO LLANURA\" \/>\n<meta property=\"article:published_time\" content=\"2025-07-04T14:26:46+00:00\" \/>\n<meta property=\"article:modified_time\" content=\"2025-07-04T14:26:47+00:00\" \/>\n<meta property=\"og:image\" content=\"https:\/\/fmllanura.com\/wp-content\/uploads\/2025\/07\/17516391525587340719550104317868.jpg\" \/>\n\t<meta property=\"og:image:width\" content=\"1600\" \/>\n\t<meta property=\"og:image:height\" content=\"1066\" \/>\n\t<meta property=\"og:image:type\" content=\"image\/jpeg\" \/>\n<meta name=\"author\" content=\"llanura\" \/>\n<meta name=\"twitter:card\" content=\"summary_large_image\" \/>\n<meta name=\"twitter:label1\" content=\"Escrito por\" \/>\n\t<meta name=\"twitter:data1\" content=\"llanura\" \/>\n\t<meta name=\"twitter:label2\" content=\"Tiempo de lectura\" \/>\n\t<meta name=\"twitter:data2\" content=\"3 minutos\" \/>\n<script type=\"application\/ld+json\" class=\"yoast-schema-graph\">{\"@context\":\"https:\/\/schema.org\",\"@graph\":[{\"@type\":\"WebPage\",\"@id\":\"https:\/\/fmllanura.com\/?p=5880\",\"url\":\"https:\/\/fmllanura.com\/?p=5880\",\"name\":\"Capacitaci\u00f3n en General Pico: un abordaje integral de la violencia de g\u00e9nero - RADIO LLANURA\",\"isPartOf\":{\"@id\":\"https:\/\/fmllanura.com\/#website\"},\"datePublished\":\"2025-07-04T14:26:46+00:00\",\"dateModified\":\"2025-07-04T14:26:47+00:00\",\"author\":{\"@id\":\"https:\/\/fmllanura.com\/#\/schema\/person\/dd4b4843c2293cd8d5995d115dbd5e96\"},\"breadcrumb\":{\"@id\":\"https:\/\/fmllanura.com\/?p=5880#breadcrumb\"},\"inLanguage\":\"es\",\"potentialAction\":[{\"@type\":\"ReadAction\",\"target\":[\"https:\/\/fmllanura.com\/?p=5880\"]}]},{\"@type\":\"BreadcrumbList\",\"@id\":\"https:\/\/fmllanura.com\/?p=5880#breadcrumb\",\"itemListElement\":[{\"@type\":\"ListItem\",\"position\":1,\"name\":\"Portada\",\"item\":\"https:\/\/fmllanura.com\/\"},{\"@type\":\"ListItem\",\"position\":2,\"name\":\"Capacitaci\u00f3n en General Pico: un abordaje integral de la violencia de g\u00e9nero\"}]},{\"@type\":\"WebSite\",\"@id\":\"https:\/\/fmllanura.com\/#website\",\"url\":\"https:\/\/fmllanura.com\/\",\"name\":\"RADIO LLANURA\",\"description\":\"\",\"potentialAction\":[{\"@type\":\"SearchAction\",\"target\":{\"@type\":\"EntryPoint\",\"urlTemplate\":\"https:\/\/fmllanura.com\/?s={search_term_string}\"},\"query-input\":\"required name=search_term_string\"}],\"inLanguage\":\"es\"},{\"@type\":\"Person\",\"@id\":\"https:\/\/fmllanura.com\/#\/schema\/person\/dd4b4843c2293cd8d5995d115dbd5e96\",\"name\":\"llanura\",\"image\":{\"@type\":\"ImageObject\",\"inLanguage\":\"es\",\"@id\":\"https:\/\/fmllanura.com\/#\/schema\/person\/image\/\",\"url\":\"https:\/\/secure.gravatar.com\/avatar\/f6ee1541937ff3e68dac011173779bde?s=96&d=mm&r=g\",\"contentUrl\":\"https:\/\/secure.gravatar.com\/avatar\/f6ee1541937ff3e68dac011173779bde?s=96&d=mm&r=g\",\"caption\":\"llanura\"},\"url\":\"https:\/\/fmllanura.com\/?author=4\"}]}<\/script>\n<!-- \/ Yoast SEO plugin. -->","yoast_head_json":{"title":"Capacitaci\u00f3n en General Pico: un abordaje integral de la violencia de g\u00e9nero - RADIO LLANURA","robots":{"index":"index","follow":"follow","max-snippet":"max-snippet:-1","max-image-preview":"max-image-preview:large","max-video-preview":"max-video-preview:-1"},"canonical":"https:\/\/fmllanura.com\/?p=5880","og_locale":"es_ES","og_type":"article","og_title":"Capacitaci\u00f3n en General Pico: un abordaje integral de la violencia de g\u00e9nero - RADIO LLANURA","og_description":"La Municipalidad de General Pico desarroll\u00f3, en el CIC de barrio Rucci, la capacitaci\u00f3n denominada \u201cAbordaje de Masculinidades y G\u00e9nero\u201d, con el objetivo de realizar \u201cAportes a la atenci\u00f3n a varones que ejercen violencia de g\u00e9nero\u201d. La misma estuvo enmarcada dentro de las actividades que se llevaron adelante durante el mes de junio. Organizada por &hellip;","og_url":"https:\/\/fmllanura.com\/?p=5880","og_site_name":"RADIO LLANURA","article_published_time":"2025-07-04T14:26:46+00:00","article_modified_time":"2025-07-04T14:26:47+00:00","og_image":[{"width":1600,"height":1066,"url":"https:\/\/fmllanura.com\/wp-content\/uploads\/2025\/07\/17516391525587340719550104317868.jpg","type":"image\/jpeg"}],"author":"llanura","twitter_card":"summary_large_image","twitter_misc":{"Escrito por":"llanura","Tiempo de lectura":"3 minutos"},"schema":{"@context":"https:\/\/schema.org","@graph":[{"@type":"WebPage","@id":"https:\/\/fmllanura.com\/?p=5880","url":"https:\/\/fmllanura.com\/?p=5880","name":"Capacitaci\u00f3n en General Pico: un abordaje integral de la violencia de g\u00e9nero - RADIO LLANURA","isPartOf":{"@id":"https:\/\/fmllanura.com\/#website"},"datePublished":"2025-07-04T14:26:46+00:00","dateModified":"2025-07-04T14:26:47+00:00","author":{"@id":"https:\/\/fmllanura.com\/#\/schema\/person\/dd4b4843c2293cd8d5995d115dbd5e96"},"breadcrumb":{"@id":"https:\/\/fmllanura.com\/?p=5880#breadcrumb"},"inLanguage":"es","potentialAction":[{"@type":"ReadAction","target":["https:\/\/fmllanura.com\/?p=5880"]}]},{"@type":"BreadcrumbList","@id":"https:\/\/fmllanura.com\/?p=5880#breadcrumb","itemListElement":[{"@type":"ListItem","position":1,"name":"Portada","item":"https:\/\/fmllanura.com\/"},{"@type":"ListItem","position":2,"name":"Capacitaci\u00f3n en General Pico: un abordaje integral de la violencia de g\u00e9nero"}]},{"@type":"WebSite","@id":"https:\/\/fmllanura.com\/#website","url":"https:\/\/fmllanura.com\/","name":"RADIO LLANURA","description":"","potentialAction":[{"@type":"SearchAction","target":{"@type":"EntryPoint","urlTemplate":"https:\/\/fmllanura.com\/?s={search_term_string}"},"query-input":"required name=search_term_string"}],"inLanguage":"es"},{"@type":"Person","@id":"https:\/\/fmllanura.com\/#\/schema\/person\/dd4b4843c2293cd8d5995d115dbd5e96","name":"llanura","image":{"@type":"ImageObject","inLanguage":"es","@id":"https:\/\/fmllanura.com\/#\/schema\/person\/image\/","url":"https:\/\/secure.gravatar.com\/avatar\/f6ee1541937ff3e68dac011173779bde?s=96&d=mm&r=g","contentUrl":"https:\/\/secure.gravatar.com\/avatar\/f6ee1541937ff3e68dac011173779bde?s=96&d=mm&r=g","caption":"llanura"},"url":"https:\/\/fmllanura.com\/?author=4"}]}},"_links":{"self":[{"href":"https:\/\/fmllanura.com\/index.php?rest_route=\/wp\/v2\/posts\/5880"}],"collection":[{"href":"https:\/\/fmllanura.com\/index.php?rest_route=\/wp\/v2\/posts"}],"about":[{"href":"https:\/\/fmllanura.com\/index.php?rest_route=\/wp\/v2\/types\/post"}],"author":[{"embeddable":true,"href":"https:\/\/fmllanura.com\/index.php?rest_route=\/wp\/v2\/users\/4"}],"replies":[{"embeddable":true,"href":"https:\/\/fmllanura.com\/index.php?rest_route=%2Fwp%2Fv2%2Fcomments&post=5880"}],"version-history":[{"count":1,"href":"https:\/\/fmllanura.com\/index.php?rest_route=\/wp\/v2\/posts\/5880\/revisions"}],"predecessor-version":[{"id":5890,"href":"https:\/\/fmllanura.com\/index.php?rest_route=\/wp\/v2\/posts\/5880\/revisions\/5890"}],"wp:featuredmedia":[{"embeddable":true,"href":"https:\/\/fmllanura.com\/index.php?rest_route=\/wp\/v2\/media\/5889"}],"wp:attachment":[{"href":"https:\/\/fmllanura.com\/index.php?rest_route=%2Fwp%2Fv2%2Fmedia&parent=5880"}],"wp:term":[{"taxonomy":"category","embeddable":true,"href":"https:\/\/fmllanura.com\/index.php?rest_route=%2Fwp%2Fv2%2Fcategories&post=5880"},{"taxonomy":"post_tag","embeddable":true,"href":"https:\/\/fmllanura.com\/index.php?rest_route=%2Fwp%2Fv2%2Ftags&post=5880"}],"curies":[{"name":"wp","href":"https:\/\/api.w.org\/{rel}","templated":true}]}}