{"id":5881,"date":"2025-07-04T14:27:26","date_gmt":"2025-07-04T14:27:26","guid":{"rendered":"https:\/\/fmllanura.com\/?p=5881"},"modified":"2025-07-04T14:27:27","modified_gmt":"2025-07-04T14:27:27","slug":"lanzan-diplomatura-en-gestion-de-las-artes-populares-en-general-pico","status":"publish","type":"post","link":"https:\/\/fmllanura.com\/?p=5881","title":{"rendered":"Lanzan Diplomatura en Gesti\u00f3n de las Artes Populares en General Pico"},"content":{"rendered":"\n<figure class=\"wp-block-image size-large\"><img loading=\"lazy\" decoding=\"async\" width=\"1024\" height=\"682\" src=\"https:\/\/fmllanura.com\/wp-content\/uploads\/2025\/07\/17516392085368740009085929621209-1024x682.jpg\" alt=\"\" class=\"wp-image-5891\" srcset=\"https:\/\/fmllanura.com\/wp-content\/uploads\/2025\/07\/17516392085368740009085929621209-1024x682.jpg 1024w, https:\/\/fmllanura.com\/wp-content\/uploads\/2025\/07\/17516392085368740009085929621209-300x200.jpg 300w, https:\/\/fmllanura.com\/wp-content\/uploads\/2025\/07\/17516392085368740009085929621209-768x512.jpg 768w, https:\/\/fmllanura.com\/wp-content\/uploads\/2025\/07\/17516392085368740009085929621209-1536x1023.jpg 1536w, https:\/\/fmllanura.com\/wp-content\/uploads\/2025\/07\/17516392085368740009085929621209-310x205.jpg 310w, https:\/\/fmllanura.com\/wp-content\/uploads\/2025\/07\/17516392085368740009085929621209.jpg 1600w\" sizes=\"(max-width: 1024px) 100vw, 1024px\" \/><\/figure>\n\n\n\n<p>La Municipalidad de General Pico y el Departamento de Folklore de la UNA invitan a la comunidad a inscribirse, hasta este viernes 4 de julio, a la Diplomatura en Gesti\u00f3n de las Artes Populares desde la Barriada. El inicio de la cursada tendr\u00e1 lugar a mediados de agosto. El \u00fanico requisito para participar es ser mayor de 16 a\u00f1os.Las y los interesados deber\u00e1n inscribirse a trav\u00e9s del siguiente formulario: https:\/\/g3-autogestion.una.edu.ar\/una\/alta_usuario_cursos. Por consultas e informaci\u00f3n podr\u00e1n enviar un mail a folklore.generalpico@una.edu.ar.La modalidad ser\u00e1 mixta y se cursar\u00e1 los martes y jueves, de 14:00 a 16:00, de manera virtual-sincr\u00f3nica y los mi\u00e9rcoles, en el mismo horario, de modo presencial y en un espacio a disponer por el municipio.La propuesta de esta carrera de Diplomatura de Extensi\u00f3n Universitaria permite formar profesionales a trav\u00e9s de una educaci\u00f3n hol\u00edstica, que contempla una s\u00f3lida formaci\u00f3n te\u00f3rico-pr\u00e1ctica y que promueve una manera responsable de la gesti\u00f3n de las artes populares en los diversos espacios de las barriadas. Responde adem\u00e1s al creciente nivel de demanda de formaci\u00f3n espec\u00edfica del campo en territorio, sumado a la necesidad de aportar a la construcci\u00f3n t\u00e1cticas para el reconocimiento y visibilizaci\u00f3n de lo propio en los diversos sectores de las barriadas.Estos trayectos tienen un especial \u00e9nfasis en la formaci\u00f3n pr\u00e1ctica y en la adquisici\u00f3n de contenidos te\u00f3ricos integradores que permiten desarrollar capacidades estrat\u00e9gicas. El dise\u00f1o curricular de esta carrera est\u00e1 formado por 6 seminarios y un proyecto final integrador.<\/p>\n","protected":false},"excerpt":{"rendered":"<p>La Municipalidad de General Pico y el Departamento de Folklore de la UNA invitan a la comunidad a inscribirse, hasta este viernes 4 de julio, a la Diplomatura en Gesti\u00f3n de las Artes Populares desde la Barriada. El inicio de la cursada tendr\u00e1 lugar a mediados de agosto. El \u00fanico requisito para participar es ser &hellip;<\/p>\n","protected":false},"author":4,"featured_media":5891,"comment_status":"open","ping_status":"open","sticky":false,"template":"","format":"standard","meta":{"footnotes":""},"categories":[1],"tags":[],"class_list":["post-5881","post","type-post","status-publish","format-standard","has-post-thumbnail","","category-uncategorized"],"yoast_head":"<!-- This site is optimized with the Yoast SEO plugin v19.9 - https:\/\/yoast.com\/wordpress\/plugins\/seo\/ -->\n<title>Lanzan Diplomatura en Gesti\u00f3n de las Artes Populares en General Pico - RADIO LLANURA<\/title>\n<meta name=\"robots\" content=\"index, follow, max-snippet:-1, max-image-preview:large, max-video-preview:-1\" \/>\n<link rel=\"canonical\" href=\"https:\/\/fmllanura.com\/?p=5881\" \/>\n<meta property=\"og:locale\" content=\"es_ES\" \/>\n<meta property=\"og:type\" content=\"article\" \/>\n<meta property=\"og:title\" content=\"Lanzan Diplomatura en Gesti\u00f3n de las Artes Populares en General Pico - RADIO LLANURA\" \/>\n<meta property=\"og:description\" content=\"La Municipalidad de General Pico y el Departamento de Folklore de la UNA invitan a la comunidad a inscribirse, hasta este viernes 4 de julio, a la Diplomatura en Gesti\u00f3n de las Artes Populares desde la Barriada. El inicio de la cursada tendr\u00e1 lugar a mediados de agosto. El \u00fanico requisito para participar es ser &hellip;\" \/>\n<meta property=\"og:url\" content=\"https:\/\/fmllanura.com\/?p=5881\" \/>\n<meta property=\"og:site_name\" content=\"RADIO LLANURA\" \/>\n<meta property=\"article:published_time\" content=\"2025-07-04T14:27:26+00:00\" \/>\n<meta property=\"article:modified_time\" content=\"2025-07-04T14:27:27+00:00\" \/>\n<meta property=\"og:image\" content=\"https:\/\/fmllanura.com\/wp-content\/uploads\/2025\/07\/17516392085368740009085929621209.jpg\" \/>\n\t<meta property=\"og:image:width\" content=\"1600\" \/>\n\t<meta property=\"og:image:height\" content=\"1066\" \/>\n\t<meta property=\"og:image:type\" content=\"image\/jpeg\" \/>\n<meta name=\"author\" content=\"llanura\" \/>\n<meta name=\"twitter:card\" content=\"summary_large_image\" \/>\n<meta name=\"twitter:label1\" content=\"Escrito por\" \/>\n\t<meta name=\"twitter:data1\" content=\"llanura\" \/>\n\t<meta name=\"twitter:label2\" content=\"Tiempo de lectura\" \/>\n\t<meta name=\"twitter:data2\" content=\"2 minutos\" \/>\n<script type=\"application\/ld+json\" class=\"yoast-schema-graph\">{\"@context\":\"https:\/\/schema.org\",\"@graph\":[{\"@type\":\"WebPage\",\"@id\":\"https:\/\/fmllanura.com\/?p=5881\",\"url\":\"https:\/\/fmllanura.com\/?p=5881\",\"name\":\"Lanzan Diplomatura en Gesti\u00f3n de las Artes Populares en General Pico - RADIO LLANURA\",\"isPartOf\":{\"@id\":\"https:\/\/fmllanura.com\/#website\"},\"datePublished\":\"2025-07-04T14:27:26+00:00\",\"dateModified\":\"2025-07-04T14:27:27+00:00\",\"author\":{\"@id\":\"https:\/\/fmllanura.com\/#\/schema\/person\/dd4b4843c2293cd8d5995d115dbd5e96\"},\"breadcrumb\":{\"@id\":\"https:\/\/fmllanura.com\/?p=5881#breadcrumb\"},\"inLanguage\":\"es\",\"potentialAction\":[{\"@type\":\"ReadAction\",\"target\":[\"https:\/\/fmllanura.com\/?p=5881\"]}]},{\"@type\":\"BreadcrumbList\",\"@id\":\"https:\/\/fmllanura.com\/?p=5881#breadcrumb\",\"itemListElement\":[{\"@type\":\"ListItem\",\"position\":1,\"name\":\"Portada\",\"item\":\"https:\/\/fmllanura.com\/\"},{\"@type\":\"ListItem\",\"position\":2,\"name\":\"Lanzan Diplomatura en Gesti\u00f3n de las Artes Populares en General Pico\"}]},{\"@type\":\"WebSite\",\"@id\":\"https:\/\/fmllanura.com\/#website\",\"url\":\"https:\/\/fmllanura.com\/\",\"name\":\"RADIO LLANURA\",\"description\":\"\",\"potentialAction\":[{\"@type\":\"SearchAction\",\"target\":{\"@type\":\"EntryPoint\",\"urlTemplate\":\"https:\/\/fmllanura.com\/?s={search_term_string}\"},\"query-input\":\"required name=search_term_string\"}],\"inLanguage\":\"es\"},{\"@type\":\"Person\",\"@id\":\"https:\/\/fmllanura.com\/#\/schema\/person\/dd4b4843c2293cd8d5995d115dbd5e96\",\"name\":\"llanura\",\"image\":{\"@type\":\"ImageObject\",\"inLanguage\":\"es\",\"@id\":\"https:\/\/fmllanura.com\/#\/schema\/person\/image\/\",\"url\":\"https:\/\/secure.gravatar.com\/avatar\/f6ee1541937ff3e68dac011173779bde?s=96&d=mm&r=g\",\"contentUrl\":\"https:\/\/secure.gravatar.com\/avatar\/f6ee1541937ff3e68dac011173779bde?s=96&d=mm&r=g\",\"caption\":\"llanura\"},\"url\":\"https:\/\/fmllanura.com\/?author=4\"}]}<\/script>\n<!-- \/ Yoast SEO plugin. -->","yoast_head_json":{"title":"Lanzan Diplomatura en Gesti\u00f3n de las Artes Populares en General Pico - RADIO LLANURA","robots":{"index":"index","follow":"follow","max-snippet":"max-snippet:-1","max-image-preview":"max-image-preview:large","max-video-preview":"max-video-preview:-1"},"canonical":"https:\/\/fmllanura.com\/?p=5881","og_locale":"es_ES","og_type":"article","og_title":"Lanzan Diplomatura en Gesti\u00f3n de las Artes Populares en General Pico - RADIO LLANURA","og_description":"La Municipalidad de General Pico y el Departamento de Folklore de la UNA invitan a la comunidad a inscribirse, hasta este viernes 4 de julio, a la Diplomatura en Gesti\u00f3n de las Artes Populares desde la Barriada. El inicio de la cursada tendr\u00e1 lugar a mediados de agosto. El \u00fanico requisito para participar es ser &hellip;","og_url":"https:\/\/fmllanura.com\/?p=5881","og_site_name":"RADIO LLANURA","article_published_time":"2025-07-04T14:27:26+00:00","article_modified_time":"2025-07-04T14:27:27+00:00","og_image":[{"width":1600,"height":1066,"url":"https:\/\/fmllanura.com\/wp-content\/uploads\/2025\/07\/17516392085368740009085929621209.jpg","type":"image\/jpeg"}],"author":"llanura","twitter_card":"summary_large_image","twitter_misc":{"Escrito por":"llanura","Tiempo de lectura":"2 minutos"},"schema":{"@context":"https:\/\/schema.org","@graph":[{"@type":"WebPage","@id":"https:\/\/fmllanura.com\/?p=5881","url":"https:\/\/fmllanura.com\/?p=5881","name":"Lanzan Diplomatura en Gesti\u00f3n de las Artes Populares en General Pico - RADIO LLANURA","isPartOf":{"@id":"https:\/\/fmllanura.com\/#website"},"datePublished":"2025-07-04T14:27:26+00:00","dateModified":"2025-07-04T14:27:27+00:00","author":{"@id":"https:\/\/fmllanura.com\/#\/schema\/person\/dd4b4843c2293cd8d5995d115dbd5e96"},"breadcrumb":{"@id":"https:\/\/fmllanura.com\/?p=5881#breadcrumb"},"inLanguage":"es","potentialAction":[{"@type":"ReadAction","target":["https:\/\/fmllanura.com\/?p=5881"]}]},{"@type":"BreadcrumbList","@id":"https:\/\/fmllanura.com\/?p=5881#breadcrumb","itemListElement":[{"@type":"ListItem","position":1,"name":"Portada","item":"https:\/\/fmllanura.com\/"},{"@type":"ListItem","position":2,"name":"Lanzan Diplomatura en Gesti\u00f3n de las Artes Populares en General Pico"}]},{"@type":"WebSite","@id":"https:\/\/fmllanura.com\/#website","url":"https:\/\/fmllanura.com\/","name":"RADIO LLANURA","description":"","potentialAction":[{"@type":"SearchAction","target":{"@type":"EntryPoint","urlTemplate":"https:\/\/fmllanura.com\/?s={search_term_string}"},"query-input":"required name=search_term_string"}],"inLanguage":"es"},{"@type":"Person","@id":"https:\/\/fmllanura.com\/#\/schema\/person\/dd4b4843c2293cd8d5995d115dbd5e96","name":"llanura","image":{"@type":"ImageObject","inLanguage":"es","@id":"https:\/\/fmllanura.com\/#\/schema\/person\/image\/","url":"https:\/\/secure.gravatar.com\/avatar\/f6ee1541937ff3e68dac011173779bde?s=96&d=mm&r=g","contentUrl":"https:\/\/secure.gravatar.com\/avatar\/f6ee1541937ff3e68dac011173779bde?s=96&d=mm&r=g","caption":"llanura"},"url":"https:\/\/fmllanura.com\/?author=4"}]}},"_links":{"self":[{"href":"https:\/\/fmllanura.com\/index.php?rest_route=\/wp\/v2\/posts\/5881"}],"collection":[{"href":"https:\/\/fmllanura.com\/index.php?rest_route=\/wp\/v2\/posts"}],"about":[{"href":"https:\/\/fmllanura.com\/index.php?rest_route=\/wp\/v2\/types\/post"}],"author":[{"embeddable":true,"href":"https:\/\/fmllanura.com\/index.php?rest_route=\/wp\/v2\/users\/4"}],"replies":[{"embeddable":true,"href":"https:\/\/fmllanura.com\/index.php?rest_route=%2Fwp%2Fv2%2Fcomments&post=5881"}],"version-history":[{"count":1,"href":"https:\/\/fmllanura.com\/index.php?rest_route=\/wp\/v2\/posts\/5881\/revisions"}],"predecessor-version":[{"id":5892,"href":"https:\/\/fmllanura.com\/index.php?rest_route=\/wp\/v2\/posts\/5881\/revisions\/5892"}],"wp:featuredmedia":[{"embeddable":true,"href":"https:\/\/fmllanura.com\/index.php?rest_route=\/wp\/v2\/media\/5891"}],"wp:attachment":[{"href":"https:\/\/fmllanura.com\/index.php?rest_route=%2Fwp%2Fv2%2Fmedia&parent=5881"}],"wp:term":[{"taxonomy":"category","embeddable":true,"href":"https:\/\/fmllanura.com\/index.php?rest_route=%2Fwp%2Fv2%2Fcategories&post=5881"},{"taxonomy":"post_tag","embeddable":true,"href":"https:\/\/fmllanura.com\/index.php?rest_route=%2Fwp%2Fv2%2Ftags&post=5881"}],"curies":[{"name":"wp","href":"https:\/\/api.w.org\/{rel}","templated":true}]}}