{"id":5882,"date":"2025-07-04T14:28:23","date_gmt":"2025-07-04T14:28:23","guid":{"rendered":"https:\/\/fmllanura.com\/?p=5882"},"modified":"2025-07-04T14:28:24","modified_gmt":"2025-07-04T14:28:24","slug":"violencia-en-aulas-el-gremio-docente-utelpa-promueve-trabajo-confidencial-y-evita-cimbronazo-mediatico","status":"publish","type":"post","link":"https:\/\/fmllanura.com\/?p=5882","title":{"rendered":"Violencia en aulas: el gremio docente UTELPa promueve trabajo confidencial y evita \u201ccimbronazo\u201d medi\u00e1tico"},"content":{"rendered":"\n<figure class=\"wp-block-image size-full\"><img loading=\"lazy\" decoding=\"async\" width=\"1024\" height=\"682\" src=\"https:\/\/fmllanura.com\/wp-content\/uploads\/2025\/07\/17516392490261277362664958979472.jpg\" alt=\"\" class=\"wp-image-5893\" srcset=\"https:\/\/fmllanura.com\/wp-content\/uploads\/2025\/07\/17516392490261277362664958979472.jpg 1024w, https:\/\/fmllanura.com\/wp-content\/uploads\/2025\/07\/17516392490261277362664958979472-300x200.jpg 300w, https:\/\/fmllanura.com\/wp-content\/uploads\/2025\/07\/17516392490261277362664958979472-768x512.jpg 768w, https:\/\/fmllanura.com\/wp-content\/uploads\/2025\/07\/17516392490261277362664958979472-310x205.jpg 310w\" sizes=\"(max-width: 1024px) 100vw, 1024px\" \/><\/figure>\n\n\n\n<p>Consultada sobre el reclamo de docentes de la escuela Rep\u00fablica del Salvador de esta ciudad, Calder\u00f3n confirm\u00f3 que el gremio est\u00e1 al tanto y ha intervenido. Sin embargo, aclar\u00f3 la pol\u00edtica del sindicato de no exponer p\u00fablicamente los detalles de casos particulares. \u201cPuntualmente, nunca salimos a hablar del colegio y de las situaciones con nombre y apellido, porque justamente estamos reclam\u00e1ndole tanto al ministerio como a todos los que forman parte del proceso, que no se den los nombres\u201d, afirm\u00f3.Seg\u00fan Calder\u00f3n, el objetivo es evitar que la exposici\u00f3n medi\u00e1tica y en redes sociales genere un \u201ccimbronazo\u201d que derive en m\u00e1s violencia. \u201cObservamos que es mucho m\u00e1s positivo preservar y trabajar internamente para que quien tiene que dar respuesta, las d\u00e9 de manera inmediata\u201d, se\u00f1al\u00f3, refiri\u00e9ndose a las carteras ministeriales y delegaciones zonales.La dirigente gremial reconoci\u00f3 que existe una tendencia preocupante. \u201cObservamos que en este momento hay un importante n\u00famero en ascenso de casos\u201d, sostuvo. Para UTELPa, este incremento est\u00e1 directamente relacionado con la compleja situaci\u00f3n socioecon\u00f3mica que atraviesa el pa\u00eds.\u201cEl an\u00e1lisis que nosotros hacemos tiene que ver con que el trabajo estructura la vida de las personas. Aquel que se qued\u00f3 sin trabajo o no puede llegar a fin de mes, entra en un c\u00edrculo que termina siendo violento\u201d, explic\u00f3 Calder\u00f3n. Sostuvo que estas problem\u00e1ticas sociales, econ\u00f3micas y comunitarias \u201cdesbordan en la escuela\u201d, as\u00ed como en otros organismos del Estado.En este sentido, enfatiz\u00f3 que la responsabilidad no es exclusiva del Ministerio de Educaci\u00f3n. \u201cHay toda una estructura del Estado que tiene que estar dando respuesta. A la escuela m\u00e1s que a nadie, porque es el \u00e1mbito donde las familias depositan a los chicos\u201d, manifest\u00f3, mencionando la necesidad de una intervenci\u00f3n coordinada en \u00e1reas como salud mental y consumos problem\u00e1ticos.Ampliaci\u00f3n de paritarias y protecci\u00f3n para los docentesUTELPa no solo trabaja en la contenci\u00f3n de las crisis inmediatas, sino tambi\u00e9n en el fortalecimiento de los marcos legales que protegen a los educadores. Calder\u00f3n adelant\u00f3 que est\u00e1n trabajando junto a los abogados del sindicato en un proyecto para ampliar el acuerdo paritario de \u201cresguardo y preparaci\u00f3n\u201d.Esta iniciativa busca definir, entre otras cosas, c\u00f3mo se reincorpora a un docente al aula cuando se comprueba su inocencia tras una acusaci\u00f3n y por qu\u00e9 se inician sumarios administrativos \u201cante el menor incidente\u201d. \u201cSon situaciones muy complejas. Entendemos que la prioridad son los trabajadores, los estudiantes y las familias\u201d, agreg\u00f3.Finalmente, Calder\u00f3n reiter\u00f3 que el gremio ofrece un acompa\u00f1amiento confidencial y personalizado a los docentes afiliados que sufren agresiones, un trabajo que no siempre es visible pero que resulta fundamental para la contenci\u00f3n de los trabajadores. \u201cEl docente se siente muy angustiado cuando ha sido agredido y su nombre aparece en todas las redes sociales. Es muy dif\u00edcil salir de esa situaci\u00f3n\u201d, concluy\u00f3.<\/p>\n","protected":false},"excerpt":{"rendered":"<p>Consultada sobre el reclamo de docentes de la escuela Rep\u00fablica del Salvador de esta ciudad, Calder\u00f3n confirm\u00f3 que el gremio est\u00e1 al tanto y ha intervenido. Sin embargo, aclar\u00f3 la pol\u00edtica del sindicato de no exponer p\u00fablicamente los detalles de casos particulares. \u201cPuntualmente, nunca salimos a hablar del colegio y de las situaciones con nombre &hellip;<\/p>\n","protected":false},"author":4,"featured_media":5893,"comment_status":"open","ping_status":"open","sticky":false,"template":"","format":"standard","meta":{"footnotes":""},"categories":[1],"tags":[],"class_list":["post-5882","post","type-post","status-publish","format-standard","has-post-thumbnail","","category-uncategorized"],"yoast_head":"<!-- This site is optimized with the Yoast SEO plugin v19.9 - https:\/\/yoast.com\/wordpress\/plugins\/seo\/ -->\n<title>Violencia en aulas: el gremio docente UTELPa promueve trabajo confidencial y evita \u201ccimbronazo\u201d medi\u00e1tico - RADIO LLANURA<\/title>\n<meta name=\"robots\" content=\"index, follow, max-snippet:-1, max-image-preview:large, max-video-preview:-1\" \/>\n<link rel=\"canonical\" href=\"https:\/\/fmllanura.com\/?p=5882\" \/>\n<meta property=\"og:locale\" content=\"es_ES\" \/>\n<meta property=\"og:type\" content=\"article\" \/>\n<meta property=\"og:title\" content=\"Violencia en aulas: el gremio docente UTELPa promueve trabajo confidencial y evita \u201ccimbronazo\u201d medi\u00e1tico - RADIO LLANURA\" \/>\n<meta property=\"og:description\" content=\"Consultada sobre el reclamo de docentes de la escuela Rep\u00fablica del Salvador de esta ciudad, Calder\u00f3n confirm\u00f3 que el gremio est\u00e1 al tanto y ha intervenido. Sin embargo, aclar\u00f3 la pol\u00edtica del sindicato de no exponer p\u00fablicamente los detalles de casos particulares. \u201cPuntualmente, nunca salimos a hablar del colegio y de las situaciones con nombre &hellip;\" \/>\n<meta property=\"og:url\" content=\"https:\/\/fmllanura.com\/?p=5882\" \/>\n<meta property=\"og:site_name\" content=\"RADIO LLANURA\" \/>\n<meta property=\"article:published_time\" content=\"2025-07-04T14:28:23+00:00\" \/>\n<meta property=\"article:modified_time\" content=\"2025-07-04T14:28:24+00:00\" \/>\n<meta property=\"og:image\" content=\"https:\/\/fmllanura.com\/wp-content\/uploads\/2025\/07\/17516392490261277362664958979472.jpg\" \/>\n\t<meta property=\"og:image:width\" content=\"1024\" \/>\n\t<meta property=\"og:image:height\" content=\"682\" \/>\n\t<meta property=\"og:image:type\" content=\"image\/jpeg\" \/>\n<meta name=\"author\" content=\"llanura\" \/>\n<meta name=\"twitter:card\" content=\"summary_large_image\" \/>\n<meta name=\"twitter:label1\" content=\"Escrito por\" \/>\n\t<meta name=\"twitter:data1\" content=\"llanura\" \/>\n\t<meta name=\"twitter:label2\" content=\"Tiempo de lectura\" \/>\n\t<meta name=\"twitter:data2\" content=\"3 minutos\" \/>\n<script type=\"application\/ld+json\" class=\"yoast-schema-graph\">{\"@context\":\"https:\/\/schema.org\",\"@graph\":[{\"@type\":\"WebPage\",\"@id\":\"https:\/\/fmllanura.com\/?p=5882\",\"url\":\"https:\/\/fmllanura.com\/?p=5882\",\"name\":\"Violencia en aulas: el gremio docente UTELPa promueve trabajo confidencial y evita \u201ccimbronazo\u201d medi\u00e1tico - RADIO LLANURA\",\"isPartOf\":{\"@id\":\"https:\/\/fmllanura.com\/#website\"},\"datePublished\":\"2025-07-04T14:28:23+00:00\",\"dateModified\":\"2025-07-04T14:28:24+00:00\",\"author\":{\"@id\":\"https:\/\/fmllanura.com\/#\/schema\/person\/dd4b4843c2293cd8d5995d115dbd5e96\"},\"breadcrumb\":{\"@id\":\"https:\/\/fmllanura.com\/?p=5882#breadcrumb\"},\"inLanguage\":\"es\",\"potentialAction\":[{\"@type\":\"ReadAction\",\"target\":[\"https:\/\/fmllanura.com\/?p=5882\"]}]},{\"@type\":\"BreadcrumbList\",\"@id\":\"https:\/\/fmllanura.com\/?p=5882#breadcrumb\",\"itemListElement\":[{\"@type\":\"ListItem\",\"position\":1,\"name\":\"Portada\",\"item\":\"https:\/\/fmllanura.com\/\"},{\"@type\":\"ListItem\",\"position\":2,\"name\":\"Violencia en aulas: el gremio docente UTELPa promueve trabajo confidencial y evita \u201ccimbronazo\u201d medi\u00e1tico\"}]},{\"@type\":\"WebSite\",\"@id\":\"https:\/\/fmllanura.com\/#website\",\"url\":\"https:\/\/fmllanura.com\/\",\"name\":\"RADIO LLANURA\",\"description\":\"\",\"potentialAction\":[{\"@type\":\"SearchAction\",\"target\":{\"@type\":\"EntryPoint\",\"urlTemplate\":\"https:\/\/fmllanura.com\/?s={search_term_string}\"},\"query-input\":\"required name=search_term_string\"}],\"inLanguage\":\"es\"},{\"@type\":\"Person\",\"@id\":\"https:\/\/fmllanura.com\/#\/schema\/person\/dd4b4843c2293cd8d5995d115dbd5e96\",\"name\":\"llanura\",\"image\":{\"@type\":\"ImageObject\",\"inLanguage\":\"es\",\"@id\":\"https:\/\/fmllanura.com\/#\/schema\/person\/image\/\",\"url\":\"https:\/\/secure.gravatar.com\/avatar\/f6ee1541937ff3e68dac011173779bde?s=96&d=mm&r=g\",\"contentUrl\":\"https:\/\/secure.gravatar.com\/avatar\/f6ee1541937ff3e68dac011173779bde?s=96&d=mm&r=g\",\"caption\":\"llanura\"},\"url\":\"https:\/\/fmllanura.com\/?author=4\"}]}<\/script>\n<!-- \/ Yoast SEO plugin. -->","yoast_head_json":{"title":"Violencia en aulas: el gremio docente UTELPa promueve trabajo confidencial y evita \u201ccimbronazo\u201d medi\u00e1tico - RADIO LLANURA","robots":{"index":"index","follow":"follow","max-snippet":"max-snippet:-1","max-image-preview":"max-image-preview:large","max-video-preview":"max-video-preview:-1"},"canonical":"https:\/\/fmllanura.com\/?p=5882","og_locale":"es_ES","og_type":"article","og_title":"Violencia en aulas: el gremio docente UTELPa promueve trabajo confidencial y evita \u201ccimbronazo\u201d medi\u00e1tico - RADIO LLANURA","og_description":"Consultada sobre el reclamo de docentes de la escuela Rep\u00fablica del Salvador de esta ciudad, Calder\u00f3n confirm\u00f3 que el gremio est\u00e1 al tanto y ha intervenido. Sin embargo, aclar\u00f3 la pol\u00edtica del sindicato de no exponer p\u00fablicamente los detalles de casos particulares. \u201cPuntualmente, nunca salimos a hablar del colegio y de las situaciones con nombre &hellip;","og_url":"https:\/\/fmllanura.com\/?p=5882","og_site_name":"RADIO LLANURA","article_published_time":"2025-07-04T14:28:23+00:00","article_modified_time":"2025-07-04T14:28:24+00:00","og_image":[{"width":1024,"height":682,"url":"https:\/\/fmllanura.com\/wp-content\/uploads\/2025\/07\/17516392490261277362664958979472.jpg","type":"image\/jpeg"}],"author":"llanura","twitter_card":"summary_large_image","twitter_misc":{"Escrito por":"llanura","Tiempo de lectura":"3 minutos"},"schema":{"@context":"https:\/\/schema.org","@graph":[{"@type":"WebPage","@id":"https:\/\/fmllanura.com\/?p=5882","url":"https:\/\/fmllanura.com\/?p=5882","name":"Violencia en aulas: el gremio docente UTELPa promueve trabajo confidencial y evita \u201ccimbronazo\u201d medi\u00e1tico - RADIO LLANURA","isPartOf":{"@id":"https:\/\/fmllanura.com\/#website"},"datePublished":"2025-07-04T14:28:23+00:00","dateModified":"2025-07-04T14:28:24+00:00","author":{"@id":"https:\/\/fmllanura.com\/#\/schema\/person\/dd4b4843c2293cd8d5995d115dbd5e96"},"breadcrumb":{"@id":"https:\/\/fmllanura.com\/?p=5882#breadcrumb"},"inLanguage":"es","potentialAction":[{"@type":"ReadAction","target":["https:\/\/fmllanura.com\/?p=5882"]}]},{"@type":"BreadcrumbList","@id":"https:\/\/fmllanura.com\/?p=5882#breadcrumb","itemListElement":[{"@type":"ListItem","position":1,"name":"Portada","item":"https:\/\/fmllanura.com\/"},{"@type":"ListItem","position":2,"name":"Violencia en aulas: el gremio docente UTELPa promueve trabajo confidencial y evita \u201ccimbronazo\u201d medi\u00e1tico"}]},{"@type":"WebSite","@id":"https:\/\/fmllanura.com\/#website","url":"https:\/\/fmllanura.com\/","name":"RADIO LLANURA","description":"","potentialAction":[{"@type":"SearchAction","target":{"@type":"EntryPoint","urlTemplate":"https:\/\/fmllanura.com\/?s={search_term_string}"},"query-input":"required name=search_term_string"}],"inLanguage":"es"},{"@type":"Person","@id":"https:\/\/fmllanura.com\/#\/schema\/person\/dd4b4843c2293cd8d5995d115dbd5e96","name":"llanura","image":{"@type":"ImageObject","inLanguage":"es","@id":"https:\/\/fmllanura.com\/#\/schema\/person\/image\/","url":"https:\/\/secure.gravatar.com\/avatar\/f6ee1541937ff3e68dac011173779bde?s=96&d=mm&r=g","contentUrl":"https:\/\/secure.gravatar.com\/avatar\/f6ee1541937ff3e68dac011173779bde?s=96&d=mm&r=g","caption":"llanura"},"url":"https:\/\/fmllanura.com\/?author=4"}]}},"_links":{"self":[{"href":"https:\/\/fmllanura.com\/index.php?rest_route=\/wp\/v2\/posts\/5882"}],"collection":[{"href":"https:\/\/fmllanura.com\/index.php?rest_route=\/wp\/v2\/posts"}],"about":[{"href":"https:\/\/fmllanura.com\/index.php?rest_route=\/wp\/v2\/types\/post"}],"author":[{"embeddable":true,"href":"https:\/\/fmllanura.com\/index.php?rest_route=\/wp\/v2\/users\/4"}],"replies":[{"embeddable":true,"href":"https:\/\/fmllanura.com\/index.php?rest_route=%2Fwp%2Fv2%2Fcomments&post=5882"}],"version-history":[{"count":1,"href":"https:\/\/fmllanura.com\/index.php?rest_route=\/wp\/v2\/posts\/5882\/revisions"}],"predecessor-version":[{"id":5894,"href":"https:\/\/fmllanura.com\/index.php?rest_route=\/wp\/v2\/posts\/5882\/revisions\/5894"}],"wp:featuredmedia":[{"embeddable":true,"href":"https:\/\/fmllanura.com\/index.php?rest_route=\/wp\/v2\/media\/5893"}],"wp:attachment":[{"href":"https:\/\/fmllanura.com\/index.php?rest_route=%2Fwp%2Fv2%2Fmedia&parent=5882"}],"wp:term":[{"taxonomy":"category","embeddable":true,"href":"https:\/\/fmllanura.com\/index.php?rest_route=%2Fwp%2Fv2%2Fcategories&post=5882"},{"taxonomy":"post_tag","embeddable":true,"href":"https:\/\/fmllanura.com\/index.php?rest_route=%2Fwp%2Fv2%2Ftags&post=5882"}],"curies":[{"name":"wp","href":"https:\/\/api.w.org\/{rel}","templated":true}]}}