{"id":6704,"date":"2025-09-30T18:19:43","date_gmt":"2025-09-30T18:19:43","guid":{"rendered":"https:\/\/fmllanura.com\/?p=6704"},"modified":"2025-09-30T18:19:46","modified_gmt":"2025-09-30T18:19:46","slug":"roman-ramonda-en-alta-italia-la-pampa-en-el-corazon-y-un-show-renovado","status":"publish","type":"post","link":"https:\/\/fmllanura.com\/?p=6704","title":{"rendered":"Rom\u00e1n Ramonda en Alta Italia: La Pampa en el Coraz\u00f3n y un Show Renovado"},"content":{"rendered":"\n<figure class=\"wp-block-image size-large\"><img loading=\"lazy\" decoding=\"async\" width=\"833\" height=\"1024\" src=\"https:\/\/fmllanura.com\/wp-content\/uploads\/2025\/09\/1000240521-833x1024.png\" alt=\"\" class=\"wp-image-6705\" srcset=\"https:\/\/fmllanura.com\/wp-content\/uploads\/2025\/09\/1000240521-833x1024.png 833w, https:\/\/fmllanura.com\/wp-content\/uploads\/2025\/09\/1000240521-244x300.png 244w, https:\/\/fmllanura.com\/wp-content\/uploads\/2025\/09\/1000240521-768x944.png 768w, https:\/\/fmllanura.com\/wp-content\/uploads\/2025\/09\/1000240521.png 1080w\" sizes=\"(max-width: 833px) 100vw, 833px\" \/><\/figure>\n\n\n\n<p>El talentoso artista, Rom\u00e1n Ramonda, fue uno de los grandes protagonistas en el festejo por el 115\u00ba Aniversario de Alta Italia. Aunque actualmente reside en C\u00f3rdoba por las demandas de su carrera, Rom\u00e1n no pierde oportunidad de volver a su tierra, La Pampa, y as\u00ed lo manifest\u00f3 en nuestra radio.<\/p>\n\n\n\n<p>Un Cari\u00f1o Mutuo y 15 A\u00f1os de Carrera Solista<\/p>\n\n\n\n<p>La Fiesta de Alta Italia se extendi\u00f3 por tres d\u00edas con variadas propuestas, toc\u00e1ndole a Ramonda presentarse el jueves. Al ser consultado sobre lo que siente al ser invitado a estos eventos, Rom\u00e1n expres\u00f3 que recibe \u00abun cari\u00f1o muy grande\u00bb por parte de quienes lo convocan, una felicidad que lo enorgullece especialmente al celebrar sus 15 a\u00f1os de trabajo como solista.<\/p>\n\n\n\n<p>\u00abEvolution Tango\u00bb: La Nueva Propuesta que Conquista<\/p>\n\n\n\n<p>En la celebraci\u00f3n, Rom\u00e1n present\u00f3 su show \u00abEvolution Tango\u00bb. Esta nueva propuesta demuestra su capacidad de reinventarse y fusionar g\u00e9neros, describi\u00e9ndola como una combinaci\u00f3n de performance, baile y m\u00fasica.<\/p>\n\n\n\n<p>De La Pampa a Cosqu\u00edn<\/p>\n\n\n\n<p>Las novedades de Rom\u00e1n no terminan en La Pampa. El artista ya tiene una cita ineludible en la gran vidriera del folclore nacional: estar\u00e1 present\u00e1ndose en el Festival de Cosqu\u00edn el pr\u00f3ximo 30 de enero.\u00a1Sin duda, un gran momento para disfrutar del arte de Rom\u00e1n Ramonda!<\/p>\n\n\n\n<figure class=\"wp-block-image size-large\"><img loading=\"lazy\" decoding=\"async\" width=\"446\" height=\"1024\" src=\"https:\/\/fmllanura.com\/wp-content\/uploads\/2025\/09\/1000240013-446x1024.jpg\" alt=\"\" class=\"wp-image-6706\" srcset=\"https:\/\/fmllanura.com\/wp-content\/uploads\/2025\/09\/1000240013-446x1024.jpg 446w, https:\/\/fmllanura.com\/wp-content\/uploads\/2025\/09\/1000240013-131x300.jpg 131w, https:\/\/fmllanura.com\/wp-content\/uploads\/2025\/09\/1000240013.jpg 558w\" sizes=\"(max-width: 446px) 100vw, 446px\" \/><\/figure>\n","protected":false},"excerpt":{"rendered":"<p>El talentoso artista, Rom\u00e1n Ramonda, fue uno de los grandes protagonistas en el festejo por el 115\u00ba Aniversario de Alta Italia. Aunque actualmente reside en C\u00f3rdoba por las demandas de su carrera, Rom\u00e1n no pierde oportunidad de volver a su tierra, La Pampa, y as\u00ed lo manifest\u00f3 en nuestra radio. Un Cari\u00f1o Mutuo y 15 &hellip;<\/p>\n","protected":false},"author":4,"featured_media":6705,"comment_status":"open","ping_status":"open","sticky":false,"template":"","format":"standard","meta":{"footnotes":""},"categories":[1],"tags":[],"class_list":["post-6704","post","type-post","status-publish","format-standard","has-post-thumbnail","","category-uncategorized"],"yoast_head":"<!-- This site is optimized with the Yoast SEO plugin v19.9 - https:\/\/yoast.com\/wordpress\/plugins\/seo\/ -->\n<title>Rom\u00e1n Ramonda en Alta Italia: La Pampa en el Coraz\u00f3n y un Show Renovado - RADIO LLANURA<\/title>\n<meta name=\"robots\" content=\"index, follow, max-snippet:-1, max-image-preview:large, max-video-preview:-1\" \/>\n<link rel=\"canonical\" href=\"https:\/\/fmllanura.com\/?p=6704\" \/>\n<meta property=\"og:locale\" content=\"es_ES\" \/>\n<meta property=\"og:type\" content=\"article\" \/>\n<meta property=\"og:title\" content=\"Rom\u00e1n Ramonda en Alta Italia: La Pampa en el Coraz\u00f3n y un Show Renovado - RADIO LLANURA\" \/>\n<meta property=\"og:description\" content=\"El talentoso artista, Rom\u00e1n Ramonda, fue uno de los grandes protagonistas en el festejo por el 115\u00ba Aniversario de Alta Italia. Aunque actualmente reside en C\u00f3rdoba por las demandas de su carrera, Rom\u00e1n no pierde oportunidad de volver a su tierra, La Pampa, y as\u00ed lo manifest\u00f3 en nuestra radio. Un Cari\u00f1o Mutuo y 15 &hellip;\" \/>\n<meta property=\"og:url\" content=\"https:\/\/fmllanura.com\/?p=6704\" \/>\n<meta property=\"og:site_name\" content=\"RADIO LLANURA\" \/>\n<meta property=\"article:published_time\" content=\"2025-09-30T18:19:43+00:00\" \/>\n<meta property=\"article:modified_time\" content=\"2025-09-30T18:19:46+00:00\" \/>\n<meta property=\"og:image\" content=\"https:\/\/fmllanura.com\/wp-content\/uploads\/2025\/09\/1000240521-833x1024.png\" \/>\n\t<meta property=\"og:image:width\" content=\"833\" \/>\n\t<meta property=\"og:image:height\" content=\"1024\" \/>\n\t<meta property=\"og:image:type\" content=\"image\/png\" \/>\n<meta name=\"author\" content=\"llanura\" \/>\n<meta name=\"twitter:card\" content=\"summary_large_image\" \/>\n<meta name=\"twitter:label1\" content=\"Escrito por\" \/>\n\t<meta name=\"twitter:data1\" content=\"llanura\" \/>\n\t<meta name=\"twitter:label2\" content=\"Tiempo de lectura\" \/>\n\t<meta name=\"twitter:data2\" content=\"2 minutos\" \/>\n<script type=\"application\/ld+json\" class=\"yoast-schema-graph\">{\"@context\":\"https:\/\/schema.org\",\"@graph\":[{\"@type\":\"WebPage\",\"@id\":\"https:\/\/fmllanura.com\/?p=6704\",\"url\":\"https:\/\/fmllanura.com\/?p=6704\",\"name\":\"Rom\u00e1n Ramonda en Alta Italia: La Pampa en el Coraz\u00f3n y un Show Renovado - RADIO LLANURA\",\"isPartOf\":{\"@id\":\"https:\/\/fmllanura.com\/#website\"},\"datePublished\":\"2025-09-30T18:19:43+00:00\",\"dateModified\":\"2025-09-30T18:19:46+00:00\",\"author\":{\"@id\":\"https:\/\/fmllanura.com\/#\/schema\/person\/dd4b4843c2293cd8d5995d115dbd5e96\"},\"breadcrumb\":{\"@id\":\"https:\/\/fmllanura.com\/?p=6704#breadcrumb\"},\"inLanguage\":\"es\",\"potentialAction\":[{\"@type\":\"ReadAction\",\"target\":[\"https:\/\/fmllanura.com\/?p=6704\"]}]},{\"@type\":\"BreadcrumbList\",\"@id\":\"https:\/\/fmllanura.com\/?p=6704#breadcrumb\",\"itemListElement\":[{\"@type\":\"ListItem\",\"position\":1,\"name\":\"Portada\",\"item\":\"https:\/\/fmllanura.com\/\"},{\"@type\":\"ListItem\",\"position\":2,\"name\":\"Rom\u00e1n Ramonda en Alta Italia: La Pampa en el Coraz\u00f3n y un Show Renovado\"}]},{\"@type\":\"WebSite\",\"@id\":\"https:\/\/fmllanura.com\/#website\",\"url\":\"https:\/\/fmllanura.com\/\",\"name\":\"RADIO LLANURA\",\"description\":\"\",\"potentialAction\":[{\"@type\":\"SearchAction\",\"target\":{\"@type\":\"EntryPoint\",\"urlTemplate\":\"https:\/\/fmllanura.com\/?s={search_term_string}\"},\"query-input\":\"required name=search_term_string\"}],\"inLanguage\":\"es\"},{\"@type\":\"Person\",\"@id\":\"https:\/\/fmllanura.com\/#\/schema\/person\/dd4b4843c2293cd8d5995d115dbd5e96\",\"name\":\"llanura\",\"image\":{\"@type\":\"ImageObject\",\"inLanguage\":\"es\",\"@id\":\"https:\/\/fmllanura.com\/#\/schema\/person\/image\/\",\"url\":\"https:\/\/secure.gravatar.com\/avatar\/f6ee1541937ff3e68dac011173779bde?s=96&d=mm&r=g\",\"contentUrl\":\"https:\/\/secure.gravatar.com\/avatar\/f6ee1541937ff3e68dac011173779bde?s=96&d=mm&r=g\",\"caption\":\"llanura\"},\"url\":\"https:\/\/fmllanura.com\/?author=4\"}]}<\/script>\n<!-- \/ Yoast SEO plugin. -->","yoast_head_json":{"title":"Rom\u00e1n Ramonda en Alta Italia: La Pampa en el Coraz\u00f3n y un Show Renovado - RADIO LLANURA","robots":{"index":"index","follow":"follow","max-snippet":"max-snippet:-1","max-image-preview":"max-image-preview:large","max-video-preview":"max-video-preview:-1"},"canonical":"https:\/\/fmllanura.com\/?p=6704","og_locale":"es_ES","og_type":"article","og_title":"Rom\u00e1n Ramonda en Alta Italia: La Pampa en el Coraz\u00f3n y un Show Renovado - RADIO LLANURA","og_description":"El talentoso artista, Rom\u00e1n Ramonda, fue uno de los grandes protagonistas en el festejo por el 115\u00ba Aniversario de Alta Italia. Aunque actualmente reside en C\u00f3rdoba por las demandas de su carrera, Rom\u00e1n no pierde oportunidad de volver a su tierra, La Pampa, y as\u00ed lo manifest\u00f3 en nuestra radio. Un Cari\u00f1o Mutuo y 15 &hellip;","og_url":"https:\/\/fmllanura.com\/?p=6704","og_site_name":"RADIO LLANURA","article_published_time":"2025-09-30T18:19:43+00:00","article_modified_time":"2025-09-30T18:19:46+00:00","og_image":[{"width":833,"height":1024,"url":"https:\/\/fmllanura.com\/wp-content\/uploads\/2025\/09\/1000240521-833x1024.png","type":"image\/png"}],"author":"llanura","twitter_card":"summary_large_image","twitter_misc":{"Escrito por":"llanura","Tiempo de lectura":"2 minutos"},"schema":{"@context":"https:\/\/schema.org","@graph":[{"@type":"WebPage","@id":"https:\/\/fmllanura.com\/?p=6704","url":"https:\/\/fmllanura.com\/?p=6704","name":"Rom\u00e1n Ramonda en Alta Italia: La Pampa en el Coraz\u00f3n y un Show Renovado - RADIO LLANURA","isPartOf":{"@id":"https:\/\/fmllanura.com\/#website"},"datePublished":"2025-09-30T18:19:43+00:00","dateModified":"2025-09-30T18:19:46+00:00","author":{"@id":"https:\/\/fmllanura.com\/#\/schema\/person\/dd4b4843c2293cd8d5995d115dbd5e96"},"breadcrumb":{"@id":"https:\/\/fmllanura.com\/?p=6704#breadcrumb"},"inLanguage":"es","potentialAction":[{"@type":"ReadAction","target":["https:\/\/fmllanura.com\/?p=6704"]}]},{"@type":"BreadcrumbList","@id":"https:\/\/fmllanura.com\/?p=6704#breadcrumb","itemListElement":[{"@type":"ListItem","position":1,"name":"Portada","item":"https:\/\/fmllanura.com\/"},{"@type":"ListItem","position":2,"name":"Rom\u00e1n Ramonda en Alta Italia: La Pampa en el Coraz\u00f3n y un Show Renovado"}]},{"@type":"WebSite","@id":"https:\/\/fmllanura.com\/#website","url":"https:\/\/fmllanura.com\/","name":"RADIO LLANURA","description":"","potentialAction":[{"@type":"SearchAction","target":{"@type":"EntryPoint","urlTemplate":"https:\/\/fmllanura.com\/?s={search_term_string}"},"query-input":"required name=search_term_string"}],"inLanguage":"es"},{"@type":"Person","@id":"https:\/\/fmllanura.com\/#\/schema\/person\/dd4b4843c2293cd8d5995d115dbd5e96","name":"llanura","image":{"@type":"ImageObject","inLanguage":"es","@id":"https:\/\/fmllanura.com\/#\/schema\/person\/image\/","url":"https:\/\/secure.gravatar.com\/avatar\/f6ee1541937ff3e68dac011173779bde?s=96&d=mm&r=g","contentUrl":"https:\/\/secure.gravatar.com\/avatar\/f6ee1541937ff3e68dac011173779bde?s=96&d=mm&r=g","caption":"llanura"},"url":"https:\/\/fmllanura.com\/?author=4"}]}},"_links":{"self":[{"href":"https:\/\/fmllanura.com\/index.php?rest_route=\/wp\/v2\/posts\/6704"}],"collection":[{"href":"https:\/\/fmllanura.com\/index.php?rest_route=\/wp\/v2\/posts"}],"about":[{"href":"https:\/\/fmllanura.com\/index.php?rest_route=\/wp\/v2\/types\/post"}],"author":[{"embeddable":true,"href":"https:\/\/fmllanura.com\/index.php?rest_route=\/wp\/v2\/users\/4"}],"replies":[{"embeddable":true,"href":"https:\/\/fmllanura.com\/index.php?rest_route=%2Fwp%2Fv2%2Fcomments&post=6704"}],"version-history":[{"count":1,"href":"https:\/\/fmllanura.com\/index.php?rest_route=\/wp\/v2\/posts\/6704\/revisions"}],"predecessor-version":[{"id":6707,"href":"https:\/\/fmllanura.com\/index.php?rest_route=\/wp\/v2\/posts\/6704\/revisions\/6707"}],"wp:featuredmedia":[{"embeddable":true,"href":"https:\/\/fmllanura.com\/index.php?rest_route=\/wp\/v2\/media\/6705"}],"wp:attachment":[{"href":"https:\/\/fmllanura.com\/index.php?rest_route=%2Fwp%2Fv2%2Fmedia&parent=6704"}],"wp:term":[{"taxonomy":"category","embeddable":true,"href":"https:\/\/fmllanura.com\/index.php?rest_route=%2Fwp%2Fv2%2Fcategories&post=6704"},{"taxonomy":"post_tag","embeddable":true,"href":"https:\/\/fmllanura.com\/index.php?rest_route=%2Fwp%2Fv2%2Ftags&post=6704"}],"curies":[{"name":"wp","href":"https:\/\/api.w.org\/{rel}","templated":true}]}}