{"id":6713,"date":"2025-10-01T21:00:18","date_gmt":"2025-10-01T21:00:18","guid":{"rendered":"https:\/\/fmllanura.com\/?p=6713"},"modified":"2025-10-01T21:00:20","modified_gmt":"2025-10-01T21:00:20","slug":"ronda-de-negocios-empresarios-de-buenos-aires-y-la-pampa-buscan-fortalecer-lazos-comerciales-y-productivos","status":"publish","type":"post","link":"https:\/\/fmllanura.com\/?p=6713","title":{"rendered":"Ronda de Negocios: Empresarios de Buenos Aires y La Pampa buscan fortalecer lazos comerciales y productivos"},"content":{"rendered":"\n<figure class=\"wp-block-image size-large\"><img loading=\"lazy\" decoding=\"async\" width=\"1024\" height=\"683\" src=\"https:\/\/fmllanura.com\/wp-content\/uploads\/2025\/10\/17593523656815168637969643903742-1024x683.jpg\" alt=\"\" class=\"wp-image-6721\" srcset=\"https:\/\/fmllanura.com\/wp-content\/uploads\/2025\/10\/17593523656815168637969643903742-1024x683.jpg 1024w, https:\/\/fmllanura.com\/wp-content\/uploads\/2025\/10\/17593523656815168637969643903742-300x200.jpg 300w, https:\/\/fmllanura.com\/wp-content\/uploads\/2025\/10\/17593523656815168637969643903742-768x512.jpg 768w, https:\/\/fmllanura.com\/wp-content\/uploads\/2025\/10\/17593523656815168637969643903742-1536x1024.jpg 1536w, https:\/\/fmllanura.com\/wp-content\/uploads\/2025\/10\/17593523656815168637969643903742.jpg 2048w\" sizes=\"(max-width: 1024px) 100vw, 1024px\" \/><\/figure>\n\n\n\n<p>En la apertura de la Ronda de Negocios entre Buenos Aires y La Pampa, el gobernador Sergio Ziliotto destac\u00f3 que \u201cestamos dando muestras de que hay otra Argentina posible, una Argentina de la producci\u00f3n, del trabajo, inclusiva y humana\u201d. Este evento, que se desarroll\u00f3 con el objetivo de fortalecer los lazos comerciales a lo largo del corredor de la Ruta Nacional N\u00ba 5, cont\u00f3 con la presencia de importantes autoridades y empresarios de ambas provincias.La apertura de las actividades fue encabezada por Ziliotto, acompa\u00f1ado por el Ministro de Producci\u00f3n, Ciencias e Innovaci\u00f3n Tecnol\u00f3gica de Buenos Aires, Augusto Costa; el Ministro de Gobierno de la Provincia de Buenos Aires, Carlos Bianco; la ministra de la Producci\u00f3n, Fernanda Gonz\u00e1lez y el titular de I-COMEX, Sebasti\u00e1n Lastiri. Tambi\u00e9n estuvieron presentes intendentes de La Pampa y Buenos Aires, autoridades del Banco de La Pampa, del Fondo de Garant\u00edas Pampeana y empresarios de ambos distritos.Ziliotto subray\u00f3 que el encuentro \u201cva mucho m\u00e1s all\u00e1 de una ronda de negocios\u201d y enfatiz\u00f3 la necesidad de construir \u201ccausas colectivas\u201d para evitar el individualismo que, seg\u00fan indic\u00f3, perjudica a todos. \u201cLa \u00fanica manera es el trabajo conjunto\u201d, afirm\u00f3, instando a las fuerzas productivas de ambas provincias a colaborar en un modelo de desarrollo inclusivo.El gobernador tambi\u00e9n destac\u00f3 que \u201cel Estado tiene la obligaci\u00f3n de intervenir virtuosamente en la econom\u00eda\u201d para facilitar la vida de los ciudadanos, especialmente en un contexto marcado por aspectos negativos de la macroeconom\u00eda. \u201cCelebramos que optan por invertir y no por la timba financiera\u201d, se\u00f1al\u00f3, y destac\u00f3 la importancia de contar con herramientas como bancos p\u00fablicos y fondos de garant\u00edas para potenciar la producci\u00f3n.Por su parte, Augusto Costa mencion\u00f3 que \u201clas rondas de negocios son una de las herramientas que venimos trabajando\u201d y destac\u00f3 que esta es la primera interjurisdiccional. Inform\u00f3 que han tenido experiencias exitosas con importadores de otros pa\u00edses y que las pymes bonaerenses han podido abastecer a grandes cadenas de supermercados gracias a estas iniciativas.El Ministro de Gobierno de Buenos Aires, Carlos Bianco, hizo hincapi\u00e9 en las adversidades que enfrentan las provincias por las pol\u00edticas del Gobierno nacional. \u201cHoy todos los pa\u00edses del mundo est\u00e1n en otra sinton\u00eda\u201d, dijo, refiri\u00e9ndose a la necesidad de pol\u00edticas que protejan la producci\u00f3n nacional. Manifest\u00f3 que la pol\u00edtica cambiaria y la falta de acci\u00f3n gubernamental est\u00e1n perjudicando el empleo y la producci\u00f3n.La ronda de negocios fue organizada por el Ministerio de la Producci\u00f3n de La Pampa y el Ministerio de Producci\u00f3n, Ciencia e Innovaci\u00f3n Tecnol\u00f3gica bonaerense, con el apoyo de la Agencia I-COMEX La Pampa. Con la participaci\u00f3n de 147 empresas, 62 de ellas bonaerenses y 85 pampeanas, el encuentro busc\u00f3 promover condiciones que favorezcan la inversi\u00f3n y el trabajo en un contexto de pol\u00edticas nacionales que actualmente no benefician a la producci\u00f3n y el empleo argentino.<\/p>\n","protected":false},"excerpt":{"rendered":"<p>En la apertura de la Ronda de Negocios entre Buenos Aires y La Pampa, el gobernador Sergio Ziliotto destac\u00f3 que \u201cestamos dando muestras de que hay otra Argentina posible, una Argentina de la producci\u00f3n, del trabajo, inclusiva y humana\u201d. Este evento, que se desarroll\u00f3 con el objetivo de fortalecer los lazos comerciales a lo largo &hellip;<\/p>\n","protected":false},"author":4,"featured_media":6721,"comment_status":"open","ping_status":"open","sticky":false,"template":"","format":"standard","meta":{"footnotes":""},"categories":[1],"tags":[],"class_list":["post-6713","post","type-post","status-publish","format-standard","has-post-thumbnail","","category-uncategorized"],"yoast_head":"<!-- This site is optimized with the Yoast SEO plugin v19.9 - https:\/\/yoast.com\/wordpress\/plugins\/seo\/ -->\n<title>Ronda de Negocios: Empresarios de Buenos Aires y La Pampa buscan fortalecer lazos comerciales y productivos - RADIO LLANURA<\/title>\n<meta name=\"robots\" content=\"index, follow, max-snippet:-1, max-image-preview:large, max-video-preview:-1\" \/>\n<link rel=\"canonical\" href=\"https:\/\/fmllanura.com\/?p=6713\" \/>\n<meta property=\"og:locale\" content=\"es_ES\" \/>\n<meta property=\"og:type\" content=\"article\" \/>\n<meta property=\"og:title\" content=\"Ronda de Negocios: Empresarios de Buenos Aires y La Pampa buscan fortalecer lazos comerciales y productivos - RADIO LLANURA\" \/>\n<meta property=\"og:description\" content=\"En la apertura de la Ronda de Negocios entre Buenos Aires y La Pampa, el gobernador Sergio Ziliotto destac\u00f3 que \u201cestamos dando muestras de que hay otra Argentina posible, una Argentina de la producci\u00f3n, del trabajo, inclusiva y humana\u201d. Este evento, que se desarroll\u00f3 con el objetivo de fortalecer los lazos comerciales a lo largo &hellip;\" \/>\n<meta property=\"og:url\" content=\"https:\/\/fmllanura.com\/?p=6713\" \/>\n<meta property=\"og:site_name\" content=\"RADIO LLANURA\" \/>\n<meta property=\"article:published_time\" content=\"2025-10-01T21:00:18+00:00\" \/>\n<meta property=\"article:modified_time\" content=\"2025-10-01T21:00:20+00:00\" \/>\n<meta property=\"og:image\" content=\"https:\/\/fmllanura.com\/wp-content\/uploads\/2025\/10\/17593523656815168637969643903742.jpg\" \/>\n\t<meta property=\"og:image:width\" content=\"2048\" \/>\n\t<meta property=\"og:image:height\" content=\"1365\" \/>\n\t<meta property=\"og:image:type\" content=\"image\/jpeg\" \/>\n<meta name=\"author\" content=\"llanura\" \/>\n<meta name=\"twitter:card\" content=\"summary_large_image\" \/>\n<meta name=\"twitter:label1\" content=\"Escrito por\" \/>\n\t<meta name=\"twitter:data1\" content=\"llanura\" \/>\n\t<meta name=\"twitter:label2\" content=\"Tiempo de lectura\" \/>\n\t<meta name=\"twitter:data2\" content=\"3 minutos\" \/>\n<script type=\"application\/ld+json\" class=\"yoast-schema-graph\">{\"@context\":\"https:\/\/schema.org\",\"@graph\":[{\"@type\":\"WebPage\",\"@id\":\"https:\/\/fmllanura.com\/?p=6713\",\"url\":\"https:\/\/fmllanura.com\/?p=6713\",\"name\":\"Ronda de Negocios: Empresarios de Buenos Aires y La Pampa buscan fortalecer lazos comerciales y productivos - RADIO LLANURA\",\"isPartOf\":{\"@id\":\"https:\/\/fmllanura.com\/#website\"},\"datePublished\":\"2025-10-01T21:00:18+00:00\",\"dateModified\":\"2025-10-01T21:00:20+00:00\",\"author\":{\"@id\":\"https:\/\/fmllanura.com\/#\/schema\/person\/dd4b4843c2293cd8d5995d115dbd5e96\"},\"breadcrumb\":{\"@id\":\"https:\/\/fmllanura.com\/?p=6713#breadcrumb\"},\"inLanguage\":\"es\",\"potentialAction\":[{\"@type\":\"ReadAction\",\"target\":[\"https:\/\/fmllanura.com\/?p=6713\"]}]},{\"@type\":\"BreadcrumbList\",\"@id\":\"https:\/\/fmllanura.com\/?p=6713#breadcrumb\",\"itemListElement\":[{\"@type\":\"ListItem\",\"position\":1,\"name\":\"Portada\",\"item\":\"https:\/\/fmllanura.com\/\"},{\"@type\":\"ListItem\",\"position\":2,\"name\":\"Ronda de Negocios: Empresarios de Buenos Aires y La Pampa buscan fortalecer lazos comerciales y productivos\"}]},{\"@type\":\"WebSite\",\"@id\":\"https:\/\/fmllanura.com\/#website\",\"url\":\"https:\/\/fmllanura.com\/\",\"name\":\"RADIO LLANURA\",\"description\":\"\",\"potentialAction\":[{\"@type\":\"SearchAction\",\"target\":{\"@type\":\"EntryPoint\",\"urlTemplate\":\"https:\/\/fmllanura.com\/?s={search_term_string}\"},\"query-input\":\"required name=search_term_string\"}],\"inLanguage\":\"es\"},{\"@type\":\"Person\",\"@id\":\"https:\/\/fmllanura.com\/#\/schema\/person\/dd4b4843c2293cd8d5995d115dbd5e96\",\"name\":\"llanura\",\"image\":{\"@type\":\"ImageObject\",\"inLanguage\":\"es\",\"@id\":\"https:\/\/fmllanura.com\/#\/schema\/person\/image\/\",\"url\":\"https:\/\/secure.gravatar.com\/avatar\/f6ee1541937ff3e68dac011173779bde?s=96&d=mm&r=g\",\"contentUrl\":\"https:\/\/secure.gravatar.com\/avatar\/f6ee1541937ff3e68dac011173779bde?s=96&d=mm&r=g\",\"caption\":\"llanura\"},\"url\":\"https:\/\/fmllanura.com\/?author=4\"}]}<\/script>\n<!-- \/ Yoast SEO plugin. -->","yoast_head_json":{"title":"Ronda de Negocios: Empresarios de Buenos Aires y La Pampa buscan fortalecer lazos comerciales y productivos - RADIO LLANURA","robots":{"index":"index","follow":"follow","max-snippet":"max-snippet:-1","max-image-preview":"max-image-preview:large","max-video-preview":"max-video-preview:-1"},"canonical":"https:\/\/fmllanura.com\/?p=6713","og_locale":"es_ES","og_type":"article","og_title":"Ronda de Negocios: Empresarios de Buenos Aires y La Pampa buscan fortalecer lazos comerciales y productivos - RADIO LLANURA","og_description":"En la apertura de la Ronda de Negocios entre Buenos Aires y La Pampa, el gobernador Sergio Ziliotto destac\u00f3 que \u201cestamos dando muestras de que hay otra Argentina posible, una Argentina de la producci\u00f3n, del trabajo, inclusiva y humana\u201d. Este evento, que se desarroll\u00f3 con el objetivo de fortalecer los lazos comerciales a lo largo &hellip;","og_url":"https:\/\/fmllanura.com\/?p=6713","og_site_name":"RADIO LLANURA","article_published_time":"2025-10-01T21:00:18+00:00","article_modified_time":"2025-10-01T21:00:20+00:00","og_image":[{"width":2048,"height":1365,"url":"https:\/\/fmllanura.com\/wp-content\/uploads\/2025\/10\/17593523656815168637969643903742.jpg","type":"image\/jpeg"}],"author":"llanura","twitter_card":"summary_large_image","twitter_misc":{"Escrito por":"llanura","Tiempo de lectura":"3 minutos"},"schema":{"@context":"https:\/\/schema.org","@graph":[{"@type":"WebPage","@id":"https:\/\/fmllanura.com\/?p=6713","url":"https:\/\/fmllanura.com\/?p=6713","name":"Ronda de Negocios: Empresarios de Buenos Aires y La Pampa buscan fortalecer lazos comerciales y productivos - RADIO LLANURA","isPartOf":{"@id":"https:\/\/fmllanura.com\/#website"},"datePublished":"2025-10-01T21:00:18+00:00","dateModified":"2025-10-01T21:00:20+00:00","author":{"@id":"https:\/\/fmllanura.com\/#\/schema\/person\/dd4b4843c2293cd8d5995d115dbd5e96"},"breadcrumb":{"@id":"https:\/\/fmllanura.com\/?p=6713#breadcrumb"},"inLanguage":"es","potentialAction":[{"@type":"ReadAction","target":["https:\/\/fmllanura.com\/?p=6713"]}]},{"@type":"BreadcrumbList","@id":"https:\/\/fmllanura.com\/?p=6713#breadcrumb","itemListElement":[{"@type":"ListItem","position":1,"name":"Portada","item":"https:\/\/fmllanura.com\/"},{"@type":"ListItem","position":2,"name":"Ronda de Negocios: Empresarios de Buenos Aires y La Pampa buscan fortalecer lazos comerciales y productivos"}]},{"@type":"WebSite","@id":"https:\/\/fmllanura.com\/#website","url":"https:\/\/fmllanura.com\/","name":"RADIO LLANURA","description":"","potentialAction":[{"@type":"SearchAction","target":{"@type":"EntryPoint","urlTemplate":"https:\/\/fmllanura.com\/?s={search_term_string}"},"query-input":"required name=search_term_string"}],"inLanguage":"es"},{"@type":"Person","@id":"https:\/\/fmllanura.com\/#\/schema\/person\/dd4b4843c2293cd8d5995d115dbd5e96","name":"llanura","image":{"@type":"ImageObject","inLanguage":"es","@id":"https:\/\/fmllanura.com\/#\/schema\/person\/image\/","url":"https:\/\/secure.gravatar.com\/avatar\/f6ee1541937ff3e68dac011173779bde?s=96&d=mm&r=g","contentUrl":"https:\/\/secure.gravatar.com\/avatar\/f6ee1541937ff3e68dac011173779bde?s=96&d=mm&r=g","caption":"llanura"},"url":"https:\/\/fmllanura.com\/?author=4"}]}},"_links":{"self":[{"href":"https:\/\/fmllanura.com\/index.php?rest_route=\/wp\/v2\/posts\/6713"}],"collection":[{"href":"https:\/\/fmllanura.com\/index.php?rest_route=\/wp\/v2\/posts"}],"about":[{"href":"https:\/\/fmllanura.com\/index.php?rest_route=\/wp\/v2\/types\/post"}],"author":[{"embeddable":true,"href":"https:\/\/fmllanura.com\/index.php?rest_route=\/wp\/v2\/users\/4"}],"replies":[{"embeddable":true,"href":"https:\/\/fmllanura.com\/index.php?rest_route=%2Fwp%2Fv2%2Fcomments&post=6713"}],"version-history":[{"count":1,"href":"https:\/\/fmllanura.com\/index.php?rest_route=\/wp\/v2\/posts\/6713\/revisions"}],"predecessor-version":[{"id":6722,"href":"https:\/\/fmllanura.com\/index.php?rest_route=\/wp\/v2\/posts\/6713\/revisions\/6722"}],"wp:featuredmedia":[{"embeddable":true,"href":"https:\/\/fmllanura.com\/index.php?rest_route=\/wp\/v2\/media\/6721"}],"wp:attachment":[{"href":"https:\/\/fmllanura.com\/index.php?rest_route=%2Fwp%2Fv2%2Fmedia&parent=6713"}],"wp:term":[{"taxonomy":"category","embeddable":true,"href":"https:\/\/fmllanura.com\/index.php?rest_route=%2Fwp%2Fv2%2Fcategories&post=6713"},{"taxonomy":"post_tag","embeddable":true,"href":"https:\/\/fmllanura.com\/index.php?rest_route=%2Fwp%2Fv2%2Ftags&post=6713"}],"curies":[{"name":"wp","href":"https:\/\/api.w.org\/{rel}","templated":true}]}}