{"id":6748,"date":"2025-10-04T18:07:10","date_gmt":"2025-10-04T18:07:10","guid":{"rendered":"https:\/\/fmllanura.com\/?p=6748"},"modified":"2025-10-04T18:07:11","modified_gmt":"2025-10-04T18:07:11","slug":"aparecio-el-hombre-de-32-anos-que-era-buscado","status":"publish","type":"post","link":"https:\/\/fmllanura.com\/?p=6748","title":{"rendered":"Apareci\u00f3 el hombre de 32 a\u00f1os que era buscado"},"content":{"rendered":"\n<figure class=\"wp-block-image size-full\"><img loading=\"lazy\" decoding=\"async\" width=\"585\" height=\"385\" src=\"https:\/\/fmllanura.com\/wp-content\/uploads\/2025\/10\/17596011588541242527230534151726.jpg\" alt=\"\" class=\"wp-image-6754\" srcset=\"https:\/\/fmllanura.com\/wp-content\/uploads\/2025\/10\/17596011588541242527230534151726.jpg 585w, https:\/\/fmllanura.com\/wp-content\/uploads\/2025\/10\/17596011588541242527230534151726-300x197.jpg 300w, https:\/\/fmllanura.com\/wp-content\/uploads\/2025\/10\/17596011588541242527230534151726-310x205.jpg 310w\" sizes=\"(max-width: 585px) 100vw, 585px\" \/><\/figure>\n\n\n\n<p>La Polic\u00eda inform\u00f3 que este viernes apareci\u00f3 sano y salvo el hombre de 32 a\u00f1os que era buscado desde el 29 de septiembre pasado, cuando lo vieron por \u00faltima vez en la terminal de \u00f3mnibus de Santa Rosa.Su desaparici\u00f3n hab\u00eda sido denunciada por su pareja y la investigaci\u00f3n estuvo a cargo de la Fiscal\u00eda de Delitos contra las Personas y la Polic\u00eda.Seg\u00fan cont\u00f3 esta persona a los efectivos policiales, el 29 dej\u00f3 a su esposa, su hijo y su suegra en la terminal para que tomaran un micro y \u00e9l emprendi\u00f3 viaje en su auto a Guatrach\u00e9, donde reside. De acuerdo a su versi\u00f3n, en el acceso sur a Santa Rosa se le rompi\u00f3 el coche y no puedo llevarlo hasta un taller para que lo reparen. Finalmente, decidi\u00f3 venderlo a una persona del barrio Santa Mar\u00eda de La Pampa y sali\u00f3 a hacer changas porque se qued\u00f3 sin dinero.Este viernes, seg\u00fan indic\u00f3 Diario Textual, ante la divulgaci\u00f3n de su b\u00fasqueda por parte del Ministerio P\u00fablico Fiscal, fue a una despensa a comprar y una persona lo reconoci\u00f3 y le avis\u00f3 que lo estaba buscando la Polic\u00eda. As\u00ed fue que decidi\u00f3 ir a la comisar\u00eda Primera a explicar lo sucedido y all\u00ed se desactiv\u00f3 su b\u00fasqueda.<\/p>\n","protected":false},"excerpt":{"rendered":"<p>La Polic\u00eda inform\u00f3 que este viernes apareci\u00f3 sano y salvo el hombre de 32 a\u00f1os que era buscado desde el 29 de septiembre pasado, cuando lo vieron por \u00faltima vez en la terminal de \u00f3mnibus de Santa Rosa.Su desaparici\u00f3n hab\u00eda sido denunciada por su pareja y la investigaci\u00f3n estuvo a cargo de la Fiscal\u00eda de &hellip;<\/p>\n","protected":false},"author":4,"featured_media":6754,"comment_status":"open","ping_status":"open","sticky":false,"template":"","format":"standard","meta":{"footnotes":""},"categories":[69],"tags":[],"class_list":["post-6748","post","type-post","status-publish","format-standard","has-post-thumbnail","","category-localidades"],"yoast_head":"<!-- This site is optimized with the Yoast SEO plugin v19.9 - https:\/\/yoast.com\/wordpress\/plugins\/seo\/ -->\n<title>Apareci\u00f3 el hombre de 32 a\u00f1os que era buscado - RADIO LLANURA<\/title>\n<meta name=\"robots\" content=\"index, follow, max-snippet:-1, max-image-preview:large, max-video-preview:-1\" \/>\n<link rel=\"canonical\" href=\"https:\/\/fmllanura.com\/?p=6748\" \/>\n<meta property=\"og:locale\" content=\"es_ES\" \/>\n<meta property=\"og:type\" content=\"article\" \/>\n<meta property=\"og:title\" content=\"Apareci\u00f3 el hombre de 32 a\u00f1os que era buscado - RADIO LLANURA\" \/>\n<meta property=\"og:description\" content=\"La Polic\u00eda inform\u00f3 que este viernes apareci\u00f3 sano y salvo el hombre de 32 a\u00f1os que era buscado desde el 29 de septiembre pasado, cuando lo vieron por \u00faltima vez en la terminal de \u00f3mnibus de Santa Rosa.Su desaparici\u00f3n hab\u00eda sido denunciada por su pareja y la investigaci\u00f3n estuvo a cargo de la Fiscal\u00eda de &hellip;\" \/>\n<meta property=\"og:url\" content=\"https:\/\/fmllanura.com\/?p=6748\" \/>\n<meta property=\"og:site_name\" content=\"RADIO LLANURA\" \/>\n<meta property=\"article:published_time\" content=\"2025-10-04T18:07:10+00:00\" \/>\n<meta property=\"article:modified_time\" content=\"2025-10-04T18:07:11+00:00\" \/>\n<meta property=\"og:image\" content=\"https:\/\/fmllanura.com\/wp-content\/uploads\/2025\/10\/17596011588541242527230534151726.jpg\" \/>\n\t<meta property=\"og:image:width\" content=\"585\" \/>\n\t<meta property=\"og:image:height\" content=\"385\" \/>\n\t<meta property=\"og:image:type\" content=\"image\/jpeg\" \/>\n<meta name=\"author\" content=\"llanura\" \/>\n<meta name=\"twitter:card\" content=\"summary_large_image\" \/>\n<meta name=\"twitter:label1\" content=\"Escrito por\" \/>\n\t<meta name=\"twitter:data1\" content=\"llanura\" \/>\n\t<meta name=\"twitter:label2\" content=\"Tiempo de lectura\" \/>\n\t<meta name=\"twitter:data2\" content=\"2 minutos\" \/>\n<script type=\"application\/ld+json\" class=\"yoast-schema-graph\">{\"@context\":\"https:\/\/schema.org\",\"@graph\":[{\"@type\":\"WebPage\",\"@id\":\"https:\/\/fmllanura.com\/?p=6748\",\"url\":\"https:\/\/fmllanura.com\/?p=6748\",\"name\":\"Apareci\u00f3 el hombre de 32 a\u00f1os que era buscado - RADIO LLANURA\",\"isPartOf\":{\"@id\":\"https:\/\/fmllanura.com\/#website\"},\"datePublished\":\"2025-10-04T18:07:10+00:00\",\"dateModified\":\"2025-10-04T18:07:11+00:00\",\"author\":{\"@id\":\"https:\/\/fmllanura.com\/#\/schema\/person\/dd4b4843c2293cd8d5995d115dbd5e96\"},\"breadcrumb\":{\"@id\":\"https:\/\/fmllanura.com\/?p=6748#breadcrumb\"},\"inLanguage\":\"es\",\"potentialAction\":[{\"@type\":\"ReadAction\",\"target\":[\"https:\/\/fmllanura.com\/?p=6748\"]}]},{\"@type\":\"BreadcrumbList\",\"@id\":\"https:\/\/fmllanura.com\/?p=6748#breadcrumb\",\"itemListElement\":[{\"@type\":\"ListItem\",\"position\":1,\"name\":\"Portada\",\"item\":\"https:\/\/fmllanura.com\/\"},{\"@type\":\"ListItem\",\"position\":2,\"name\":\"Apareci\u00f3 el hombre de 32 a\u00f1os que era buscado\"}]},{\"@type\":\"WebSite\",\"@id\":\"https:\/\/fmllanura.com\/#website\",\"url\":\"https:\/\/fmllanura.com\/\",\"name\":\"RADIO LLANURA\",\"description\":\"\",\"potentialAction\":[{\"@type\":\"SearchAction\",\"target\":{\"@type\":\"EntryPoint\",\"urlTemplate\":\"https:\/\/fmllanura.com\/?s={search_term_string}\"},\"query-input\":\"required name=search_term_string\"}],\"inLanguage\":\"es\"},{\"@type\":\"Person\",\"@id\":\"https:\/\/fmllanura.com\/#\/schema\/person\/dd4b4843c2293cd8d5995d115dbd5e96\",\"name\":\"llanura\",\"image\":{\"@type\":\"ImageObject\",\"inLanguage\":\"es\",\"@id\":\"https:\/\/fmllanura.com\/#\/schema\/person\/image\/\",\"url\":\"https:\/\/secure.gravatar.com\/avatar\/f6ee1541937ff3e68dac011173779bde?s=96&d=mm&r=g\",\"contentUrl\":\"https:\/\/secure.gravatar.com\/avatar\/f6ee1541937ff3e68dac011173779bde?s=96&d=mm&r=g\",\"caption\":\"llanura\"},\"url\":\"https:\/\/fmllanura.com\/?author=4\"}]}<\/script>\n<!-- \/ Yoast SEO plugin. -->","yoast_head_json":{"title":"Apareci\u00f3 el hombre de 32 a\u00f1os que era buscado - RADIO LLANURA","robots":{"index":"index","follow":"follow","max-snippet":"max-snippet:-1","max-image-preview":"max-image-preview:large","max-video-preview":"max-video-preview:-1"},"canonical":"https:\/\/fmllanura.com\/?p=6748","og_locale":"es_ES","og_type":"article","og_title":"Apareci\u00f3 el hombre de 32 a\u00f1os que era buscado - RADIO LLANURA","og_description":"La Polic\u00eda inform\u00f3 que este viernes apareci\u00f3 sano y salvo el hombre de 32 a\u00f1os que era buscado desde el 29 de septiembre pasado, cuando lo vieron por \u00faltima vez en la terminal de \u00f3mnibus de Santa Rosa.Su desaparici\u00f3n hab\u00eda sido denunciada por su pareja y la investigaci\u00f3n estuvo a cargo de la Fiscal\u00eda de &hellip;","og_url":"https:\/\/fmllanura.com\/?p=6748","og_site_name":"RADIO LLANURA","article_published_time":"2025-10-04T18:07:10+00:00","article_modified_time":"2025-10-04T18:07:11+00:00","og_image":[{"width":585,"height":385,"url":"https:\/\/fmllanura.com\/wp-content\/uploads\/2025\/10\/17596011588541242527230534151726.jpg","type":"image\/jpeg"}],"author":"llanura","twitter_card":"summary_large_image","twitter_misc":{"Escrito por":"llanura","Tiempo de lectura":"2 minutos"},"schema":{"@context":"https:\/\/schema.org","@graph":[{"@type":"WebPage","@id":"https:\/\/fmllanura.com\/?p=6748","url":"https:\/\/fmllanura.com\/?p=6748","name":"Apareci\u00f3 el hombre de 32 a\u00f1os que era buscado - RADIO LLANURA","isPartOf":{"@id":"https:\/\/fmllanura.com\/#website"},"datePublished":"2025-10-04T18:07:10+00:00","dateModified":"2025-10-04T18:07:11+00:00","author":{"@id":"https:\/\/fmllanura.com\/#\/schema\/person\/dd4b4843c2293cd8d5995d115dbd5e96"},"breadcrumb":{"@id":"https:\/\/fmllanura.com\/?p=6748#breadcrumb"},"inLanguage":"es","potentialAction":[{"@type":"ReadAction","target":["https:\/\/fmllanura.com\/?p=6748"]}]},{"@type":"BreadcrumbList","@id":"https:\/\/fmllanura.com\/?p=6748#breadcrumb","itemListElement":[{"@type":"ListItem","position":1,"name":"Portada","item":"https:\/\/fmllanura.com\/"},{"@type":"ListItem","position":2,"name":"Apareci\u00f3 el hombre de 32 a\u00f1os que era buscado"}]},{"@type":"WebSite","@id":"https:\/\/fmllanura.com\/#website","url":"https:\/\/fmllanura.com\/","name":"RADIO LLANURA","description":"","potentialAction":[{"@type":"SearchAction","target":{"@type":"EntryPoint","urlTemplate":"https:\/\/fmllanura.com\/?s={search_term_string}"},"query-input":"required name=search_term_string"}],"inLanguage":"es"},{"@type":"Person","@id":"https:\/\/fmllanura.com\/#\/schema\/person\/dd4b4843c2293cd8d5995d115dbd5e96","name":"llanura","image":{"@type":"ImageObject","inLanguage":"es","@id":"https:\/\/fmllanura.com\/#\/schema\/person\/image\/","url":"https:\/\/secure.gravatar.com\/avatar\/f6ee1541937ff3e68dac011173779bde?s=96&d=mm&r=g","contentUrl":"https:\/\/secure.gravatar.com\/avatar\/f6ee1541937ff3e68dac011173779bde?s=96&d=mm&r=g","caption":"llanura"},"url":"https:\/\/fmllanura.com\/?author=4"}]}},"_links":{"self":[{"href":"https:\/\/fmllanura.com\/index.php?rest_route=\/wp\/v2\/posts\/6748"}],"collection":[{"href":"https:\/\/fmllanura.com\/index.php?rest_route=\/wp\/v2\/posts"}],"about":[{"href":"https:\/\/fmllanura.com\/index.php?rest_route=\/wp\/v2\/types\/post"}],"author":[{"embeddable":true,"href":"https:\/\/fmllanura.com\/index.php?rest_route=\/wp\/v2\/users\/4"}],"replies":[{"embeddable":true,"href":"https:\/\/fmllanura.com\/index.php?rest_route=%2Fwp%2Fv2%2Fcomments&post=6748"}],"version-history":[{"count":1,"href":"https:\/\/fmllanura.com\/index.php?rest_route=\/wp\/v2\/posts\/6748\/revisions"}],"predecessor-version":[{"id":6755,"href":"https:\/\/fmllanura.com\/index.php?rest_route=\/wp\/v2\/posts\/6748\/revisions\/6755"}],"wp:featuredmedia":[{"embeddable":true,"href":"https:\/\/fmllanura.com\/index.php?rest_route=\/wp\/v2\/media\/6754"}],"wp:attachment":[{"href":"https:\/\/fmllanura.com\/index.php?rest_route=%2Fwp%2Fv2%2Fmedia&parent=6748"}],"wp:term":[{"taxonomy":"category","embeddable":true,"href":"https:\/\/fmllanura.com\/index.php?rest_route=%2Fwp%2Fv2%2Fcategories&post=6748"},{"taxonomy":"post_tag","embeddable":true,"href":"https:\/\/fmllanura.com\/index.php?rest_route=%2Fwp%2Fv2%2Ftags&post=6748"}],"curies":[{"name":"wp","href":"https:\/\/api.w.org\/{rel}","templated":true}]}}