{"id":6782,"date":"2025-10-07T19:45:53","date_gmt":"2025-10-07T19:45:53","guid":{"rendered":"https:\/\/fmllanura.com\/?p=6782"},"modified":"2025-10-07T19:45:53","modified_gmt":"2025-10-07T19:45:53","slug":"ziliotto-el-gobierno-nacional-se-desconecto-de-la-realidad-de-la-gente","status":"publish","type":"post","link":"https:\/\/fmllanura.com\/?p=6782","title":{"rendered":"Ziliotto: \u201cEl Gobierno Nacional se desconect\u00f3 de la realidad de la gente\u201d"},"content":{"rendered":"\n<p>El gobernador Sergio Ziliotto brind\u00f3 una conferencia de prensa en General Pico luego de inaugurar la ampliaci\u00f3n del edificio de la Escuela N\u00b064. Cuestion\u00f3 las pol\u00edticas del Gobierno Nacional y advirti\u00f3 que \u201cpretende gobernar sin las provincias\u201d. Ratific\u00f3 la decisi\u00f3n de La Pampa de sostener la inversi\u00f3n en educaci\u00f3n y obra p\u00fablica, confirm\u00f3 la pr\u00f3xima inauguraci\u00f3n del hospital del Barrio Federal y reiter\u00f3 el reclamo por la deuda previsional que Naci\u00f3n mantiene con la Provincia. &nbsp;<br>Luego de inaugurar la ampliaci\u00f3n del edificio de la Escuela N\u00b064, el gobernador Sergio Ziliotto brind\u00f3 una conferencia de prensa en General Pico en la que abord\u00f3 distintos temas de la actualidad provincial y nacional. Habl\u00f3 sobre la inversi\u00f3n educativa, las becas \u201cImpulsar Futuro\u201d, la deuda que Naci\u00f3n mantiene con La Pampa, la obra p\u00fablica, la coyuntura pol\u00edtica nacional y la pr\u00f3xima inauguraci\u00f3n del nuevo hospital del Barrio Federal.<\/p>\n\n\n\n<p>\u2013 La inversi\u00f3n en educaci\u00f3n en la provincia, a diferencia de lo que sucede con el Gobierno Nacional, no se discute.<br>\u2013 S\u00ed, a pesar de todos los contratiempos, a pesar del retiro del Gobierno Nacional en cuestiones tan importantes y tan estrat\u00e9gicas como la educaci\u00f3n y la obra p\u00fablica, en la provincia de La Pampa vamos a seguir sosteniendo ese principio que est\u00e1 en nuestra ideolog\u00eda, en nuestra convicci\u00f3n, no est\u00e1 en ninguna ley, que es invertir el 25% del presupuesto en educaci\u00f3n.<br>Aqu\u00ed en General Pico es necesario seguir invirtiendo en educaci\u00f3n para que la infraestructura est\u00e9 acorde a las necesidades del sistema. En el pr\u00f3ximo presupuesto estaremos interviniendo 7 u 8 edificios educativos, algunos con ampliaciones, otros con refacciones totales. La provincia tiene 1.500 edificios p\u00fablicos entre hospitales, escuelas y comisar\u00edas, por lo que debemos hacer una fuerte inversi\u00f3n en mantenimiento.<\/p>\n\n\n\n<p>\u2013 Se conoci\u00f3 que m\u00e1s de 400 personas ya se inscribieron en las becas \u201cImpulsar Futuro\u201d. \u00bfQu\u00e9 lectura hace?<br>\u2013 Esta coyuntura ha potenciado c\u00f3mo nosotros hacemos m\u00e1s f\u00e1cil el paso de la finalizaci\u00f3n del secundario al ingreso a la universidad. La principal causa de deserci\u00f3n es econ\u00f3mica: chicos que terminan el secundario y quisieran seguir una carrera, pero el poder adquisitivo de sus familias no lo permite. Por eso creamos un sistema de becas que garantice el acceso y tambi\u00e9n forme recurso humano para el Estado y para el sector privado. Apostamos a la producci\u00f3n y al conocimiento como motores de la econom\u00eda.<\/p>\n\n\n\n<p>\u2013 \u00bfCu\u00e1nto se proyecta invertir en infraestructura educativa en General Pico?<br>\u2013 Estamos proyectando alrededor de 20.000 millones de pesos. Por supuesto que los n\u00fameros var\u00edan d\u00eda a d\u00eda: hay inflaci\u00f3n en la Argentina, aunque pareciera que no.<\/p>\n\n\n\n<p>\u2013 \u00bfC\u00f3mo sigue el reclamo por la deuda que Naci\u00f3n mantiene con La Pampa?<br>\u2013 Fuimos la primera provincia en aceptar el desaf\u00edo del Gobierno Nacional de revisar deudas rec\u00edprocas. Al hacerlo, qued\u00f3 claro que La Pampa no le debe un solo peso a Naci\u00f3n, y que Naci\u00f3n nos debe m\u00e1s de 400.000 millones. Desde entonces se terminaron las tratativas.<br>Estamos muy firmes en el reclamo, especialmente por la deuda del d\u00e9ficit previsional. Este a\u00f1o el d\u00e9ficit ser\u00e1 de 150.000 millones, que hoy estamos cubriendo con recursos propios. Ning\u00fan gobierno anterior, de ning\u00fan signo pol\u00edtico, dej\u00f3 de transferir esos fondos.<br>Vemos que se firman convenios con otras provincias, estamos esperando que nos llamen. La documentaci\u00f3n la hemos aportado, por supuesto que estaremos abiertos a cualquier sistema que signifique establecer plazos para el financiamiento, sabemos de la situaci\u00f3n financiera del gobierno nacional, pero necesitamos una respuesta urgente.<br>Tambi\u00e9n hemos asumido con recursos provinciales la finalizaci\u00f3n de obras que deb\u00eda financiar Naci\u00f3n, porque eran necesarias para la comunidad. No defendemos una postura personal, defendemos los intereses de cada pampeano.<\/p>\n\n\n\n<p>\u2013 \u00bfQu\u00e9 opini\u00f3n le merece el recital que encabez\u00f3 anoche el presidente Milei?<br>\u2013 Creo que es un hecho que no debe analizarse por s\u00ed mismo, sino en un contexto en el cual vemos claramente una desconexi\u00f3n del modelo del gobierno nacional con la necesidad de la gente. El gobierno nacional tiene otras prioridades, pretende gobernar sin las provincias, como que las provincias no tenemos nada que ver o que s\u00f3lo se ocupan de la macroeconom\u00eda y de la microeconom\u00eda, que son dar respuestas a las necesidades de la gente, las necesidades diarias.<br>Nos dejan a las provincias y a los municipios solos, sin recursos. No es s\u00f3lo nos han transferido responsabilidades de facto, que tenemos que hacernos cargo de la educaci\u00f3n, de la seguridad, de la salud, de la protecci\u00f3n social, de la obra p\u00fablica, sino tambi\u00e9n se han quedado con recursos que corresponden a las provincias.<br>No caigamos en analizar el evento en s\u00ed, miremos toda la pel\u00edcula, no la foto. Esto marca la desconexi\u00f3n que tiene el gobierno nacional con la Argentina real.<\/p>\n\n\n\n<p>\u2013 En ese contexto, tambi\u00e9n hubo reclamos de otros gobernadores. \u00bfNo hay una banalizaci\u00f3n de la pol\u00edtica?<br>\u2013Nosotros no compartimos este tipo de actitudes, porque cuando vos ve\u00edas a un presidente en la campa\u00f1a electoral que dec\u00eda que iba a fundir a las provincias, \u00bfqu\u00e9 esperabas? Si hay algo que hemos hecho es defender a los pampeanos y estamos en el mismo camino, seguros y muy tranquilos de que estamos haciendo lo que nos corresponde.<br>Lo que han hecho otros gobernadores es darle gobernabilidad al presidente, es an\u00e1lisis de ellos, yo respeto todas las decisiones, no las comparto. Pero aqu\u00ed est\u00e1n las consecuencias. \u00bfC\u00f3mo pensaban que iba a terminar este modelo? Modelo de ajuste, de represi\u00f3n, de crueldad. \u00bfC\u00f3mo iba a impactar en el ciudadano de a pie? Un aumento de pobreza, de indigencia, de exclusi\u00f3n, de p\u00e9rdidas de puestos de trabajo.<\/p>\n\n\n\n<p>\u2013 Todo esto se mezcla con sospechas de coimas y narcotr\u00e1fico en el Gobierno Nacional.<br>\u2013 Tambi\u00e9n perdieron el activo que vinieron a vender, el de la transparencia. Hoy vemos narcotr\u00e1fico, coimas y corrupci\u00f3n.<\/p>\n\n\n\n<p>\u2013 \u00bfCree que eso puede tener un impacto electoral?<br>\u2013 Es&nbsp; muy triste porque hace descreer de la pol\u00edtica. No podemos festejar estas cosas porque le pasa al opositor, pero s\u00ed castigarlas. Tambi\u00e9n impacta de sobremanera en la pol\u00edtica. En la buena pol\u00edtica impacta dur\u00edsimo y la gente vuelve a desesperanzarse, por eso deja de creer en la pol\u00edtica y entra a tener fragilidad ante ese intento que baja de los grandes centros de poder, a nivel nacional, pero tambi\u00e9n a nivel mundial, de fomentar el individualismo, el s\u00e1lvese quien pueda, a partir de la desvalorizaci\u00f3n de la pol\u00edtica como la principal herramienta.<br>Por eso vemos cada vez menos participaci\u00f3n en las urnas, cuando eso es lo m\u00e1ximo que puede tener un pueblo, que es elegir. La gente no quiere participar. Entonces ese mensaje que est\u00e1n bajando, el de la mala pol\u00edtica. Nosotros seguiremos defendiendo la buena pol\u00edtica con acci\u00f3n y estando cada vez m\u00e1s cerca de la gente, m\u00e1s cuando sufre.<\/p>\n\n\n\n<p>\u2013 Algunos dirigentes de Libertad Avanza dejaron de apoyar a Espert, mientras otros lo respaldan. \u00bfQu\u00e9 lectura hace?<br>\u2013 Eso marca qu\u00e9 valores defiende cada uno.<\/p>\n\n\n\n<p>\u2013 \u00bfYa hay fecha para la inauguraci\u00f3n del nuevo hospital de General Pico?<br>\u2013 S\u00ed, el martes 14 a las 18 horas estaremos inaugurando el hospital del Barrio Federal. Anoche fue iluminado y realmente es imponente. Vamos a poner en marcha varios servicios, con una habilitaci\u00f3n progresiva, como hicimos con el Favaloro en Santa Rosa. En seis meses estar\u00e1 funcionando a pleno.<\/p>\n\n\n\n<p>\u2013 \u00bfCu\u00e1l fue la inversi\u00f3n total en ese hospital?<br>\u2013 Con equipamiento incluido, la inversi\u00f3n supera los 50.000 millones de pesos.<\/p>\n","protected":false},"excerpt":{"rendered":"<p>El gobernador Sergio Ziliotto brind\u00f3 una conferencia de prensa en General Pico luego de inaugurar la ampliaci\u00f3n del edificio de la Escuela N\u00b064. Cuestion\u00f3 las pol\u00edticas del Gobierno Nacional y advirti\u00f3 que \u201cpretende gobernar sin las provincias\u201d. Ratific\u00f3 la decisi\u00f3n de La Pampa de sostener la inversi\u00f3n en educaci\u00f3n y obra p\u00fablica, confirm\u00f3 la pr\u00f3xima &hellip;<\/p>\n","protected":false},"author":4,"featured_media":6783,"comment_status":"open","ping_status":"open","sticky":false,"template":"","format":"standard","meta":{"footnotes":""},"categories":[1],"tags":[],"class_list":["post-6782","post","type-post","status-publish","format-standard","has-post-thumbnail","","category-uncategorized"],"yoast_head":"<!-- This site is optimized with the Yoast SEO plugin v19.9 - https:\/\/yoast.com\/wordpress\/plugins\/seo\/ -->\n<title>Ziliotto: \u201cEl Gobierno Nacional se desconect\u00f3 de la realidad de la gente\u201d - RADIO LLANURA<\/title>\n<meta name=\"robots\" content=\"index, follow, max-snippet:-1, max-image-preview:large, max-video-preview:-1\" \/>\n<link rel=\"canonical\" href=\"https:\/\/fmllanura.com\/?p=6782\" \/>\n<meta property=\"og:locale\" content=\"es_ES\" \/>\n<meta property=\"og:type\" content=\"article\" \/>\n<meta property=\"og:title\" content=\"Ziliotto: \u201cEl Gobierno Nacional se desconect\u00f3 de la realidad de la gente\u201d - RADIO LLANURA\" \/>\n<meta property=\"og:description\" content=\"El gobernador Sergio Ziliotto brind\u00f3 una conferencia de prensa en General Pico luego de inaugurar la ampliaci\u00f3n del edificio de la Escuela N\u00b064. Cuestion\u00f3 las pol\u00edticas del Gobierno Nacional y advirti\u00f3 que \u201cpretende gobernar sin las provincias\u201d. Ratific\u00f3 la decisi\u00f3n de La Pampa de sostener la inversi\u00f3n en educaci\u00f3n y obra p\u00fablica, confirm\u00f3 la pr\u00f3xima &hellip;\" \/>\n<meta property=\"og:url\" content=\"https:\/\/fmllanura.com\/?p=6782\" \/>\n<meta property=\"og:site_name\" content=\"RADIO LLANURA\" \/>\n<meta property=\"article:published_time\" content=\"2025-10-07T19:45:53+00:00\" \/>\n<meta property=\"og:image\" content=\"https:\/\/fmllanura.com\/wp-content\/uploads\/2025\/10\/Gobierno-Nacional-se-desconecto-de-la-realidad-scaled.jpg\" \/>\n\t<meta property=\"og:image:width\" content=\"2560\" \/>\n\t<meta property=\"og:image:height\" content=\"1703\" \/>\n\t<meta property=\"og:image:type\" content=\"image\/jpeg\" \/>\n<meta name=\"author\" content=\"llanura\" \/>\n<meta name=\"twitter:card\" content=\"summary_large_image\" \/>\n<meta name=\"twitter:image\" content=\"https:\/\/fmllanura.com\/wp-content\/uploads\/2025\/10\/Gobierno-Nacional-se-desconecto-de-la-realidad-scaled.jpg\" \/>\n<meta name=\"twitter:label1\" content=\"Escrito por\" \/>\n\t<meta name=\"twitter:data1\" content=\"llanura\" \/>\n\t<meta name=\"twitter:label2\" content=\"Tiempo de lectura\" \/>\n\t<meta name=\"twitter:data2\" content=\"6 minutos\" \/>\n<script type=\"application\/ld+json\" class=\"yoast-schema-graph\">{\"@context\":\"https:\/\/schema.org\",\"@graph\":[{\"@type\":\"WebPage\",\"@id\":\"https:\/\/fmllanura.com\/?p=6782\",\"url\":\"https:\/\/fmllanura.com\/?p=6782\",\"name\":\"Ziliotto: \u201cEl Gobierno Nacional se desconect\u00f3 de la realidad de la gente\u201d - RADIO LLANURA\",\"isPartOf\":{\"@id\":\"https:\/\/fmllanura.com\/#website\"},\"datePublished\":\"2025-10-07T19:45:53+00:00\",\"dateModified\":\"2025-10-07T19:45:53+00:00\",\"author\":{\"@id\":\"https:\/\/fmllanura.com\/#\/schema\/person\/dd4b4843c2293cd8d5995d115dbd5e96\"},\"breadcrumb\":{\"@id\":\"https:\/\/fmllanura.com\/?p=6782#breadcrumb\"},\"inLanguage\":\"es\",\"potentialAction\":[{\"@type\":\"ReadAction\",\"target\":[\"https:\/\/fmllanura.com\/?p=6782\"]}]},{\"@type\":\"BreadcrumbList\",\"@id\":\"https:\/\/fmllanura.com\/?p=6782#breadcrumb\",\"itemListElement\":[{\"@type\":\"ListItem\",\"position\":1,\"name\":\"Portada\",\"item\":\"https:\/\/fmllanura.com\/\"},{\"@type\":\"ListItem\",\"position\":2,\"name\":\"Ziliotto: \u201cEl Gobierno Nacional se desconect\u00f3 de la realidad de la gente\u201d\"}]},{\"@type\":\"WebSite\",\"@id\":\"https:\/\/fmllanura.com\/#website\",\"url\":\"https:\/\/fmllanura.com\/\",\"name\":\"RADIO LLANURA\",\"description\":\"\",\"potentialAction\":[{\"@type\":\"SearchAction\",\"target\":{\"@type\":\"EntryPoint\",\"urlTemplate\":\"https:\/\/fmllanura.com\/?s={search_term_string}\"},\"query-input\":\"required name=search_term_string\"}],\"inLanguage\":\"es\"},{\"@type\":\"Person\",\"@id\":\"https:\/\/fmllanura.com\/#\/schema\/person\/dd4b4843c2293cd8d5995d115dbd5e96\",\"name\":\"llanura\",\"image\":{\"@type\":\"ImageObject\",\"inLanguage\":\"es\",\"@id\":\"https:\/\/fmllanura.com\/#\/schema\/person\/image\/\",\"url\":\"https:\/\/secure.gravatar.com\/avatar\/f6ee1541937ff3e68dac011173779bde?s=96&d=mm&r=g\",\"contentUrl\":\"https:\/\/secure.gravatar.com\/avatar\/f6ee1541937ff3e68dac011173779bde?s=96&d=mm&r=g\",\"caption\":\"llanura\"},\"url\":\"https:\/\/fmllanura.com\/?author=4\"}]}<\/script>\n<!-- \/ Yoast SEO plugin. -->","yoast_head_json":{"title":"Ziliotto: \u201cEl Gobierno Nacional se desconect\u00f3 de la realidad de la gente\u201d - RADIO LLANURA","robots":{"index":"index","follow":"follow","max-snippet":"max-snippet:-1","max-image-preview":"max-image-preview:large","max-video-preview":"max-video-preview:-1"},"canonical":"https:\/\/fmllanura.com\/?p=6782","og_locale":"es_ES","og_type":"article","og_title":"Ziliotto: \u201cEl Gobierno Nacional se desconect\u00f3 de la realidad de la gente\u201d - RADIO LLANURA","og_description":"El gobernador Sergio Ziliotto brind\u00f3 una conferencia de prensa en General Pico luego de inaugurar la ampliaci\u00f3n del edificio de la Escuela N\u00b064. Cuestion\u00f3 las pol\u00edticas del Gobierno Nacional y advirti\u00f3 que \u201cpretende gobernar sin las provincias\u201d. Ratific\u00f3 la decisi\u00f3n de La Pampa de sostener la inversi\u00f3n en educaci\u00f3n y obra p\u00fablica, confirm\u00f3 la pr\u00f3xima &hellip;","og_url":"https:\/\/fmllanura.com\/?p=6782","og_site_name":"RADIO LLANURA","article_published_time":"2025-10-07T19:45:53+00:00","og_image":[{"width":2560,"height":1703,"url":"https:\/\/fmllanura.com\/wp-content\/uploads\/2025\/10\/Gobierno-Nacional-se-desconecto-de-la-realidad-scaled.jpg","type":"image\/jpeg"}],"author":"llanura","twitter_card":"summary_large_image","twitter_image":"https:\/\/fmllanura.com\/wp-content\/uploads\/2025\/10\/Gobierno-Nacional-se-desconecto-de-la-realidad-scaled.jpg","twitter_misc":{"Escrito por":"llanura","Tiempo de lectura":"6 minutos"},"schema":{"@context":"https:\/\/schema.org","@graph":[{"@type":"WebPage","@id":"https:\/\/fmllanura.com\/?p=6782","url":"https:\/\/fmllanura.com\/?p=6782","name":"Ziliotto: \u201cEl Gobierno Nacional se desconect\u00f3 de la realidad de la gente\u201d - RADIO LLANURA","isPartOf":{"@id":"https:\/\/fmllanura.com\/#website"},"datePublished":"2025-10-07T19:45:53+00:00","dateModified":"2025-10-07T19:45:53+00:00","author":{"@id":"https:\/\/fmllanura.com\/#\/schema\/person\/dd4b4843c2293cd8d5995d115dbd5e96"},"breadcrumb":{"@id":"https:\/\/fmllanura.com\/?p=6782#breadcrumb"},"inLanguage":"es","potentialAction":[{"@type":"ReadAction","target":["https:\/\/fmllanura.com\/?p=6782"]}]},{"@type":"BreadcrumbList","@id":"https:\/\/fmllanura.com\/?p=6782#breadcrumb","itemListElement":[{"@type":"ListItem","position":1,"name":"Portada","item":"https:\/\/fmllanura.com\/"},{"@type":"ListItem","position":2,"name":"Ziliotto: \u201cEl Gobierno Nacional se desconect\u00f3 de la realidad de la gente\u201d"}]},{"@type":"WebSite","@id":"https:\/\/fmllanura.com\/#website","url":"https:\/\/fmllanura.com\/","name":"RADIO LLANURA","description":"","potentialAction":[{"@type":"SearchAction","target":{"@type":"EntryPoint","urlTemplate":"https:\/\/fmllanura.com\/?s={search_term_string}"},"query-input":"required name=search_term_string"}],"inLanguage":"es"},{"@type":"Person","@id":"https:\/\/fmllanura.com\/#\/schema\/person\/dd4b4843c2293cd8d5995d115dbd5e96","name":"llanura","image":{"@type":"ImageObject","inLanguage":"es","@id":"https:\/\/fmllanura.com\/#\/schema\/person\/image\/","url":"https:\/\/secure.gravatar.com\/avatar\/f6ee1541937ff3e68dac011173779bde?s=96&d=mm&r=g","contentUrl":"https:\/\/secure.gravatar.com\/avatar\/f6ee1541937ff3e68dac011173779bde?s=96&d=mm&r=g","caption":"llanura"},"url":"https:\/\/fmllanura.com\/?author=4"}]}},"_links":{"self":[{"href":"https:\/\/fmllanura.com\/index.php?rest_route=\/wp\/v2\/posts\/6782"}],"collection":[{"href":"https:\/\/fmllanura.com\/index.php?rest_route=\/wp\/v2\/posts"}],"about":[{"href":"https:\/\/fmllanura.com\/index.php?rest_route=\/wp\/v2\/types\/post"}],"author":[{"embeddable":true,"href":"https:\/\/fmllanura.com\/index.php?rest_route=\/wp\/v2\/users\/4"}],"replies":[{"embeddable":true,"href":"https:\/\/fmllanura.com\/index.php?rest_route=%2Fwp%2Fv2%2Fcomments&post=6782"}],"version-history":[{"count":1,"href":"https:\/\/fmllanura.com\/index.php?rest_route=\/wp\/v2\/posts\/6782\/revisions"}],"predecessor-version":[{"id":6784,"href":"https:\/\/fmllanura.com\/index.php?rest_route=\/wp\/v2\/posts\/6782\/revisions\/6784"}],"wp:featuredmedia":[{"embeddable":true,"href":"https:\/\/fmllanura.com\/index.php?rest_route=\/wp\/v2\/media\/6783"}],"wp:attachment":[{"href":"https:\/\/fmllanura.com\/index.php?rest_route=%2Fwp%2Fv2%2Fmedia&parent=6782"}],"wp:term":[{"taxonomy":"category","embeddable":true,"href":"https:\/\/fmllanura.com\/index.php?rest_route=%2Fwp%2Fv2%2Fcategories&post=6782"},{"taxonomy":"post_tag","embeddable":true,"href":"https:\/\/fmllanura.com\/index.php?rest_route=%2Fwp%2Fv2%2Ftags&post=6782"}],"curies":[{"name":"wp","href":"https:\/\/api.w.org\/{rel}","templated":true}]}}