{"id":6939,"date":"2025-11-10T16:38:33","date_gmt":"2025-11-10T16:38:33","guid":{"rendered":"https:\/\/fmllanura.com\/?p=6939"},"modified":"2025-11-10T16:38:34","modified_gmt":"2025-11-10T16:38:34","slug":"dieron-de-alta-al-hombre-que-fue-herido-con-un-arma-blanca-en-la-tarde-del-domingo","status":"publish","type":"post","link":"https:\/\/fmllanura.com\/?p=6939","title":{"rendered":"Dieron de alta al hombre que fue herido con un arma blanca en la tarde del domingo"},"content":{"rendered":"\n<figure class=\"wp-block-image size-large\"><img loading=\"lazy\" decoding=\"async\" width=\"1024\" height=\"576\" src=\"https:\/\/fmllanura.com\/wp-content\/uploads\/2025\/11\/image-2-1024x576.png\" alt=\"\" class=\"wp-image-6940\" srcset=\"https:\/\/fmllanura.com\/wp-content\/uploads\/2025\/11\/image-2-1024x576.png 1024w, https:\/\/fmllanura.com\/wp-content\/uploads\/2025\/11\/image-2-300x169.png 300w, https:\/\/fmllanura.com\/wp-content\/uploads\/2025\/11\/image-2-768x432.png 768w, https:\/\/fmllanura.com\/wp-content\/uploads\/2025\/11\/image-2.png 1280w\" sizes=\"(max-width: 1024px) 100vw, 1024px\" \/><\/figure>\n\n\n\n<p>El hecho ocurri\u00f3 en la intersecci\u00f3n de las calles 4 y 31. La v\u00edctima fue trasladada al hospital, pero la herida no revisti\u00f3 gravedad y fue dada de alta horas despu\u00e9s. Interviene el Fiscal Pellegrino.<\/p>\n\n\n\n<p>Un hombre que result\u00f3 herido con un arma blanca en la tarde de este domingo en General Pico, ya fue dado de alta del Hospital Gobernador Centeno, seg\u00fan confirmaron fuentes policiales.<\/p>\n\n\n\n<p>El hecho de violencia tuvo lugar en la intersecci\u00f3n de las calles 4 y 31. Tras el ataque, se convoc\u00f3 al Servicio de Emergencias M\u00e9dicas (SEM), que asisti\u00f3 al herido en el lugar.<\/p>\n\n\n\n<p>Testigos de la situaci\u00f3n indicaron que el hombre subi\u00f3 por sus propios medios a la ambulancia, acompa\u00f1ado por los profesionales de la salud, y fue trasladado al nosocomio local.<\/p>\n\n\n\n<p>Afortunadamente, la herida no fue de gravedad. La informaci\u00f3n oficial indic\u00f3 que la v\u00edctima sufri\u00f3 una lesi\u00f3n en&nbsp;<strong>la cintura, del lado izquierdo, y el arma \u201csolo toc\u00f3 el hueso\u201d<\/strong>, sin comprometer \u00f3rganos vitales. Tras recibir las curaciones correspondientes, fue dado de alta.<\/p>\n\n\n\n<p>En el lugar trabaj\u00f3 personal de la Comisar\u00eda Segunda, que ya inici\u00f3 la investigaci\u00f3n para esclarecer las causas del ataque e identificar al autor.<\/p>\n\n\n\n<p>En el caso se inici\u00f3 una causa por&nbsp;<strong>lesiones con arma blanca<\/strong>, con intervenci\u00f3n del Fiscal Juan Pellegrino.<\/p>\n","protected":false},"excerpt":{"rendered":"<p>El hecho ocurri\u00f3 en la intersecci\u00f3n de las calles 4 y 31. La v\u00edctima fue trasladada al hospital, pero la herida no revisti\u00f3 gravedad y fue dada de alta horas despu\u00e9s. Interviene el Fiscal Pellegrino. Un hombre que result\u00f3 herido con un arma blanca en la tarde de este domingo en General Pico, ya fue &hellip;<\/p>\n","protected":false},"author":4,"featured_media":6940,"comment_status":"open","ping_status":"open","sticky":false,"template":"","format":"standard","meta":{"footnotes":""},"categories":[69],"tags":[],"class_list":["post-6939","post","type-post","status-publish","format-standard","has-post-thumbnail","","category-localidades"],"yoast_head":"<!-- This site is optimized with the Yoast SEO plugin v19.9 - https:\/\/yoast.com\/wordpress\/plugins\/seo\/ -->\n<title>Dieron de alta al hombre que fue herido con un arma blanca en la tarde del domingo - RADIO LLANURA<\/title>\n<meta name=\"robots\" content=\"index, follow, max-snippet:-1, max-image-preview:large, max-video-preview:-1\" \/>\n<link rel=\"canonical\" href=\"https:\/\/fmllanura.com\/?p=6939\" \/>\n<meta property=\"og:locale\" content=\"es_ES\" \/>\n<meta property=\"og:type\" content=\"article\" \/>\n<meta property=\"og:title\" content=\"Dieron de alta al hombre que fue herido con un arma blanca en la tarde del domingo - RADIO LLANURA\" \/>\n<meta property=\"og:description\" content=\"El hecho ocurri\u00f3 en la intersecci\u00f3n de las calles 4 y 31. La v\u00edctima fue trasladada al hospital, pero la herida no revisti\u00f3 gravedad y fue dada de alta horas despu\u00e9s. Interviene el Fiscal Pellegrino. Un hombre que result\u00f3 herido con un arma blanca en la tarde de este domingo en General Pico, ya fue &hellip;\" \/>\n<meta property=\"og:url\" content=\"https:\/\/fmllanura.com\/?p=6939\" \/>\n<meta property=\"og:site_name\" content=\"RADIO LLANURA\" \/>\n<meta property=\"article:published_time\" content=\"2025-11-10T16:38:33+00:00\" \/>\n<meta property=\"article:modified_time\" content=\"2025-11-10T16:38:34+00:00\" \/>\n<meta property=\"og:image\" content=\"https:\/\/fmllanura.com\/wp-content\/uploads\/2025\/11\/image-2.png\" \/>\n\t<meta property=\"og:image:width\" content=\"1280\" \/>\n\t<meta property=\"og:image:height\" content=\"720\" \/>\n\t<meta property=\"og:image:type\" content=\"image\/png\" \/>\n<meta name=\"author\" content=\"llanura\" \/>\n<meta name=\"twitter:card\" content=\"summary_large_image\" \/>\n<meta name=\"twitter:label1\" content=\"Escrito por\" \/>\n\t<meta name=\"twitter:data1\" content=\"llanura\" \/>\n\t<meta name=\"twitter:label2\" content=\"Tiempo de lectura\" \/>\n\t<meta name=\"twitter:data2\" content=\"2 minutos\" \/>\n<script type=\"application\/ld+json\" class=\"yoast-schema-graph\">{\"@context\":\"https:\/\/schema.org\",\"@graph\":[{\"@type\":\"WebPage\",\"@id\":\"https:\/\/fmllanura.com\/?p=6939\",\"url\":\"https:\/\/fmllanura.com\/?p=6939\",\"name\":\"Dieron de alta al hombre que fue herido con un arma blanca en la tarde del domingo - RADIO LLANURA\",\"isPartOf\":{\"@id\":\"https:\/\/fmllanura.com\/#website\"},\"datePublished\":\"2025-11-10T16:38:33+00:00\",\"dateModified\":\"2025-11-10T16:38:34+00:00\",\"author\":{\"@id\":\"https:\/\/fmllanura.com\/#\/schema\/person\/dd4b4843c2293cd8d5995d115dbd5e96\"},\"breadcrumb\":{\"@id\":\"https:\/\/fmllanura.com\/?p=6939#breadcrumb\"},\"inLanguage\":\"es\",\"potentialAction\":[{\"@type\":\"ReadAction\",\"target\":[\"https:\/\/fmllanura.com\/?p=6939\"]}]},{\"@type\":\"BreadcrumbList\",\"@id\":\"https:\/\/fmllanura.com\/?p=6939#breadcrumb\",\"itemListElement\":[{\"@type\":\"ListItem\",\"position\":1,\"name\":\"Portada\",\"item\":\"https:\/\/fmllanura.com\/\"},{\"@type\":\"ListItem\",\"position\":2,\"name\":\"Dieron de alta al hombre que fue herido con un arma blanca en la tarde del domingo\"}]},{\"@type\":\"WebSite\",\"@id\":\"https:\/\/fmllanura.com\/#website\",\"url\":\"https:\/\/fmllanura.com\/\",\"name\":\"RADIO LLANURA\",\"description\":\"\",\"potentialAction\":[{\"@type\":\"SearchAction\",\"target\":{\"@type\":\"EntryPoint\",\"urlTemplate\":\"https:\/\/fmllanura.com\/?s={search_term_string}\"},\"query-input\":\"required name=search_term_string\"}],\"inLanguage\":\"es\"},{\"@type\":\"Person\",\"@id\":\"https:\/\/fmllanura.com\/#\/schema\/person\/dd4b4843c2293cd8d5995d115dbd5e96\",\"name\":\"llanura\",\"image\":{\"@type\":\"ImageObject\",\"inLanguage\":\"es\",\"@id\":\"https:\/\/fmllanura.com\/#\/schema\/person\/image\/\",\"url\":\"https:\/\/secure.gravatar.com\/avatar\/f6ee1541937ff3e68dac011173779bde?s=96&d=mm&r=g\",\"contentUrl\":\"https:\/\/secure.gravatar.com\/avatar\/f6ee1541937ff3e68dac011173779bde?s=96&d=mm&r=g\",\"caption\":\"llanura\"},\"url\":\"https:\/\/fmllanura.com\/?author=4\"}]}<\/script>\n<!-- \/ Yoast SEO plugin. -->","yoast_head_json":{"title":"Dieron de alta al hombre que fue herido con un arma blanca en la tarde del domingo - RADIO LLANURA","robots":{"index":"index","follow":"follow","max-snippet":"max-snippet:-1","max-image-preview":"max-image-preview:large","max-video-preview":"max-video-preview:-1"},"canonical":"https:\/\/fmllanura.com\/?p=6939","og_locale":"es_ES","og_type":"article","og_title":"Dieron de alta al hombre que fue herido con un arma blanca en la tarde del domingo - RADIO LLANURA","og_description":"El hecho ocurri\u00f3 en la intersecci\u00f3n de las calles 4 y 31. La v\u00edctima fue trasladada al hospital, pero la herida no revisti\u00f3 gravedad y fue dada de alta horas despu\u00e9s. Interviene el Fiscal Pellegrino. Un hombre que result\u00f3 herido con un arma blanca en la tarde de este domingo en General Pico, ya fue &hellip;","og_url":"https:\/\/fmllanura.com\/?p=6939","og_site_name":"RADIO LLANURA","article_published_time":"2025-11-10T16:38:33+00:00","article_modified_time":"2025-11-10T16:38:34+00:00","og_image":[{"width":1280,"height":720,"url":"https:\/\/fmllanura.com\/wp-content\/uploads\/2025\/11\/image-2.png","type":"image\/png"}],"author":"llanura","twitter_card":"summary_large_image","twitter_misc":{"Escrito por":"llanura","Tiempo de lectura":"2 minutos"},"schema":{"@context":"https:\/\/schema.org","@graph":[{"@type":"WebPage","@id":"https:\/\/fmllanura.com\/?p=6939","url":"https:\/\/fmllanura.com\/?p=6939","name":"Dieron de alta al hombre que fue herido con un arma blanca en la tarde del domingo - RADIO LLANURA","isPartOf":{"@id":"https:\/\/fmllanura.com\/#website"},"datePublished":"2025-11-10T16:38:33+00:00","dateModified":"2025-11-10T16:38:34+00:00","author":{"@id":"https:\/\/fmllanura.com\/#\/schema\/person\/dd4b4843c2293cd8d5995d115dbd5e96"},"breadcrumb":{"@id":"https:\/\/fmllanura.com\/?p=6939#breadcrumb"},"inLanguage":"es","potentialAction":[{"@type":"ReadAction","target":["https:\/\/fmllanura.com\/?p=6939"]}]},{"@type":"BreadcrumbList","@id":"https:\/\/fmllanura.com\/?p=6939#breadcrumb","itemListElement":[{"@type":"ListItem","position":1,"name":"Portada","item":"https:\/\/fmllanura.com\/"},{"@type":"ListItem","position":2,"name":"Dieron de alta al hombre que fue herido con un arma blanca en la tarde del domingo"}]},{"@type":"WebSite","@id":"https:\/\/fmllanura.com\/#website","url":"https:\/\/fmllanura.com\/","name":"RADIO LLANURA","description":"","potentialAction":[{"@type":"SearchAction","target":{"@type":"EntryPoint","urlTemplate":"https:\/\/fmllanura.com\/?s={search_term_string}"},"query-input":"required name=search_term_string"}],"inLanguage":"es"},{"@type":"Person","@id":"https:\/\/fmllanura.com\/#\/schema\/person\/dd4b4843c2293cd8d5995d115dbd5e96","name":"llanura","image":{"@type":"ImageObject","inLanguage":"es","@id":"https:\/\/fmllanura.com\/#\/schema\/person\/image\/","url":"https:\/\/secure.gravatar.com\/avatar\/f6ee1541937ff3e68dac011173779bde?s=96&d=mm&r=g","contentUrl":"https:\/\/secure.gravatar.com\/avatar\/f6ee1541937ff3e68dac011173779bde?s=96&d=mm&r=g","caption":"llanura"},"url":"https:\/\/fmllanura.com\/?author=4"}]}},"_links":{"self":[{"href":"https:\/\/fmllanura.com\/index.php?rest_route=\/wp\/v2\/posts\/6939"}],"collection":[{"href":"https:\/\/fmllanura.com\/index.php?rest_route=\/wp\/v2\/posts"}],"about":[{"href":"https:\/\/fmllanura.com\/index.php?rest_route=\/wp\/v2\/types\/post"}],"author":[{"embeddable":true,"href":"https:\/\/fmllanura.com\/index.php?rest_route=\/wp\/v2\/users\/4"}],"replies":[{"embeddable":true,"href":"https:\/\/fmllanura.com\/index.php?rest_route=%2Fwp%2Fv2%2Fcomments&post=6939"}],"version-history":[{"count":1,"href":"https:\/\/fmllanura.com\/index.php?rest_route=\/wp\/v2\/posts\/6939\/revisions"}],"predecessor-version":[{"id":6941,"href":"https:\/\/fmllanura.com\/index.php?rest_route=\/wp\/v2\/posts\/6939\/revisions\/6941"}],"wp:featuredmedia":[{"embeddable":true,"href":"https:\/\/fmllanura.com\/index.php?rest_route=\/wp\/v2\/media\/6940"}],"wp:attachment":[{"href":"https:\/\/fmllanura.com\/index.php?rest_route=%2Fwp%2Fv2%2Fmedia&parent=6939"}],"wp:term":[{"taxonomy":"category","embeddable":true,"href":"https:\/\/fmllanura.com\/index.php?rest_route=%2Fwp%2Fv2%2Fcategories&post=6939"},{"taxonomy":"post_tag","embeddable":true,"href":"https:\/\/fmllanura.com\/index.php?rest_route=%2Fwp%2Fv2%2Ftags&post=6939"}],"curies":[{"name":"wp","href":"https:\/\/api.w.org\/{rel}","templated":true}]}}