{"id":7210,"date":"2025-12-20T12:49:56","date_gmt":"2025-12-20T12:49:56","guid":{"rendered":"https:\/\/fmllanura.com\/?p=7210"},"modified":"2025-12-20T12:49:57","modified_gmt":"2025-12-20T12:49:57","slug":"becas-impulsar-futuro-estan-abiertas-las-inscripciones-definitivas","status":"publish","type":"post","link":"https:\/\/fmllanura.com\/?p=7210","title":{"rendered":"Becas \u00abImpulsar Futuro\u00bb: est\u00e1n abiertas las inscripciones definitivas"},"content":{"rendered":"\n<figure class=\"wp-block-image size-full\"><img loading=\"lazy\" decoding=\"async\" width=\"752\" height=\"440\" src=\"https:\/\/fmllanura.com\/wp-content\/uploads\/2025\/12\/17662348948111310948069430538828.jpg\" alt=\"\" class=\"wp-image-7223\" srcset=\"https:\/\/fmllanura.com\/wp-content\/uploads\/2025\/12\/17662348948111310948069430538828.jpg 752w, https:\/\/fmllanura.com\/wp-content\/uploads\/2025\/12\/17662348948111310948069430538828-300x176.jpg 300w\" sizes=\"(max-width: 752px) 100vw, 752px\" \/><\/figure>\n\n\n\n<p>El Ministerio de Educaci\u00f3n de La Pampa record\u00f3 que hasta el 31 de diciembre inclusive, se desarrollan las inscripciones definitivas al programa destinado a j\u00f3venes que contin\u00faen sus estudios superiores en la Provincia, en \u00e1reas estrat\u00e9gicas que promueven el crecimiento educativo, social y productivo de La Pampa. Las inscripciones definitivas se realizan mediante el sistema inform\u00e1tico \u201cVoz por Vos\u201d https:\/\/vozporvos.lapampa.edu.ar\/ Requisitos1.- Haber cursado la totalidad del Ciclo Orientado en instituciones educativas en la provincia de La Pampa.2.- No adeudar espacios curriculares al 31 de diciembre del a\u00f1o de egreso. 3.- Haber finalizado sus estudios secundarios en el a\u00f1o inmediato anterior al del inicio de sus estudios superiores.4.- No ser beneficiario de beca, pr\u00e9stamo o similar, otorgado por el Estado Nacional, Provincial o Municipal o por persona privada.5.- Estar inscripto como alumno en una carrera incluida en el Programa.  6.- No tener el grupo familiar la titularidad registral de m\u00e1s de un (1) inmueble. 7.- Tener el grupo familiar ingresos inferiores a seis (6) salarios m\u00ednimo vital y m\u00f3vil. No se considerar\u00e1 como ingreso familiar las pensiones no contributivas por discapacidad.8.- Completar, con car\u00e1cter de declaraci\u00f3n jurada, el formulario de inscripci\u00f3n y acompa\u00f1ar la documentaci\u00f3n requerida en el plazo que la convocatoria prevea. Carreras incluidas en el Programa (p\u00fablicas y presenciales en La Pampa) \u2013 Profesorado en Geograf\u00eda (Universidad Nacional de La Pampa)\u2013 Profesorado en Historia (Universidad Nacional de La Pampa)\u2013 Profesorado en Letras (Universidad Nacional de La Pampa)\u2013 Profesorado en Ingl\u00e9s (Universidad Nacional de La Pampa)\u2013 Profesorado de Matem\u00e1tica (Universidad Nacional de La Pampa)\u2013 Profesorado en F\u00edsica (Universidad Nacional de La Pampa)\u2013 Profesorado en Qu\u00edmica (Universidad Nacional de La Pampa)\u2013 Profesorado de Artes en M\u00fasica (Ministerio de Educaci\u00f3n)\u2013 Tecnicatura Superior en Gesti\u00f3n de Energ\u00edas Renovables (Ministerio de Educaci\u00f3n)\u2013 Tecnicatura Superior en Desarrollo de Software (Ministerio de Educaci\u00f3n)\u2013 Ingenier\u00eda Agron\u00f3mica (Universidad Nacional de La Pampa)\u2013 Medicina Veterinaria (Universidad Nacional de La Pampa)\u2013 Ingenier\u00eda Electromec\u00e1nica (Universidad Nacional de La Pampa)\u2013 Ingenier\u00eda Industrial (Universidad Nacional de La Pampa)\u2013 Ingenier\u00eda en Sistemas (Universidad Nacional de La Pampa)\u2013 Medicina (Universidad Nacional de La Pampa)\u2013 Licenciatura en Administraci\u00f3n con orientaci\u00f3n en Emprendedurismo (Universidad Nacional de La Pampa).\u2013 Ingenier\u00eda en Recursos Naturales y Medio Ambiente de la UNLPam<\/p>\n\n\n\n<p>De inter\u00e9sPara obtener mayor informaci\u00f3n respecto al programa, las familias podr\u00e1n ingresar al sitio web del Ministerio de Educaci\u00f3n de La Pampa: https:\/\/educacion.lapampa.edu.ar\/estudiantes-y-familias\/becas-impulsar-futuro . Adem\u00e1s, se recibir\u00e1n consultas a trav\u00e9s de los siguientes medios de contacto: 2954 \u2013 453444\/5 Interno 147becas.fortalecimientoeducativo@lapampa.edu.ar O\u2019higgins N\u00ba 660 \u2013 Santa Rosa, La Pampa. 2954 \u2013 439786departamento.becas@lapampa.edu.ar Alem N\u00ba 251 \u2013 Santa Rosa, La Pampa.<\/p>\n","protected":false},"excerpt":{"rendered":"<p>El Ministerio de Educaci\u00f3n de La Pampa record\u00f3 que hasta el 31 de diciembre inclusive, se desarrollan las inscripciones definitivas al programa destinado a j\u00f3venes que contin\u00faen sus estudios superiores en la Provincia, en \u00e1reas estrat\u00e9gicas que promueven el crecimiento educativo, social y productivo de La Pampa. Las inscripciones definitivas se realizan mediante el sistema &hellip;<\/p>\n","protected":false},"author":4,"featured_media":7223,"comment_status":"open","ping_status":"open","sticky":false,"template":"","format":"standard","meta":{"footnotes":""},"categories":[1],"tags":[],"class_list":["post-7210","post","type-post","status-publish","format-standard","has-post-thumbnail","","category-uncategorized"],"yoast_head":"<!-- This site is optimized with the Yoast SEO plugin v19.9 - https:\/\/yoast.com\/wordpress\/plugins\/seo\/ -->\n<title>Becas \u00abImpulsar Futuro\u00bb: est\u00e1n abiertas las inscripciones definitivas - RADIO LLANURA<\/title>\n<meta name=\"robots\" content=\"index, follow, max-snippet:-1, max-image-preview:large, max-video-preview:-1\" \/>\n<link rel=\"canonical\" href=\"https:\/\/fmllanura.com\/?p=7210\" \/>\n<meta property=\"og:locale\" content=\"es_ES\" \/>\n<meta property=\"og:type\" content=\"article\" \/>\n<meta property=\"og:title\" content=\"Becas \u00abImpulsar Futuro\u00bb: est\u00e1n abiertas las inscripciones definitivas - RADIO LLANURA\" \/>\n<meta property=\"og:description\" content=\"El Ministerio de Educaci\u00f3n de La Pampa record\u00f3 que hasta el 31 de diciembre inclusive, se desarrollan las inscripciones definitivas al programa destinado a j\u00f3venes que contin\u00faen sus estudios superiores en la Provincia, en \u00e1reas estrat\u00e9gicas que promueven el crecimiento educativo, social y productivo de La Pampa. Las inscripciones definitivas se realizan mediante el sistema &hellip;\" \/>\n<meta property=\"og:url\" content=\"https:\/\/fmllanura.com\/?p=7210\" \/>\n<meta property=\"og:site_name\" content=\"RADIO LLANURA\" \/>\n<meta property=\"article:published_time\" content=\"2025-12-20T12:49:56+00:00\" \/>\n<meta property=\"article:modified_time\" content=\"2025-12-20T12:49:57+00:00\" \/>\n<meta property=\"og:image\" content=\"https:\/\/fmllanura.com\/wp-content\/uploads\/2025\/12\/17662348948111310948069430538828.jpg\" \/>\n\t<meta property=\"og:image:width\" content=\"752\" \/>\n\t<meta property=\"og:image:height\" content=\"440\" \/>\n\t<meta property=\"og:image:type\" content=\"image\/jpeg\" \/>\n<meta name=\"author\" content=\"llanura\" \/>\n<meta name=\"twitter:card\" content=\"summary_large_image\" \/>\n<meta name=\"twitter:label1\" content=\"Escrito por\" \/>\n\t<meta name=\"twitter:data1\" content=\"llanura\" \/>\n\t<meta name=\"twitter:label2\" content=\"Tiempo de lectura\" \/>\n\t<meta name=\"twitter:data2\" content=\"3 minutos\" \/>\n<script type=\"application\/ld+json\" class=\"yoast-schema-graph\">{\"@context\":\"https:\/\/schema.org\",\"@graph\":[{\"@type\":\"WebPage\",\"@id\":\"https:\/\/fmllanura.com\/?p=7210\",\"url\":\"https:\/\/fmllanura.com\/?p=7210\",\"name\":\"Becas \u00abImpulsar Futuro\u00bb: est\u00e1n abiertas las inscripciones definitivas - RADIO LLANURA\",\"isPartOf\":{\"@id\":\"https:\/\/fmllanura.com\/#website\"},\"datePublished\":\"2025-12-20T12:49:56+00:00\",\"dateModified\":\"2025-12-20T12:49:57+00:00\",\"author\":{\"@id\":\"https:\/\/fmllanura.com\/#\/schema\/person\/dd4b4843c2293cd8d5995d115dbd5e96\"},\"breadcrumb\":{\"@id\":\"https:\/\/fmllanura.com\/?p=7210#breadcrumb\"},\"inLanguage\":\"es\",\"potentialAction\":[{\"@type\":\"ReadAction\",\"target\":[\"https:\/\/fmllanura.com\/?p=7210\"]}]},{\"@type\":\"BreadcrumbList\",\"@id\":\"https:\/\/fmllanura.com\/?p=7210#breadcrumb\",\"itemListElement\":[{\"@type\":\"ListItem\",\"position\":1,\"name\":\"Portada\",\"item\":\"https:\/\/fmllanura.com\/\"},{\"@type\":\"ListItem\",\"position\":2,\"name\":\"Becas \u00abImpulsar Futuro\u00bb: est\u00e1n abiertas las inscripciones definitivas\"}]},{\"@type\":\"WebSite\",\"@id\":\"https:\/\/fmllanura.com\/#website\",\"url\":\"https:\/\/fmllanura.com\/\",\"name\":\"RADIO LLANURA\",\"description\":\"\",\"potentialAction\":[{\"@type\":\"SearchAction\",\"target\":{\"@type\":\"EntryPoint\",\"urlTemplate\":\"https:\/\/fmllanura.com\/?s={search_term_string}\"},\"query-input\":\"required name=search_term_string\"}],\"inLanguage\":\"es\"},{\"@type\":\"Person\",\"@id\":\"https:\/\/fmllanura.com\/#\/schema\/person\/dd4b4843c2293cd8d5995d115dbd5e96\",\"name\":\"llanura\",\"image\":{\"@type\":\"ImageObject\",\"inLanguage\":\"es\",\"@id\":\"https:\/\/fmllanura.com\/#\/schema\/person\/image\/\",\"url\":\"https:\/\/secure.gravatar.com\/avatar\/f6ee1541937ff3e68dac011173779bde?s=96&d=mm&r=g\",\"contentUrl\":\"https:\/\/secure.gravatar.com\/avatar\/f6ee1541937ff3e68dac011173779bde?s=96&d=mm&r=g\",\"caption\":\"llanura\"},\"url\":\"https:\/\/fmllanura.com\/?author=4\"}]}<\/script>\n<!-- \/ Yoast SEO plugin. -->","yoast_head_json":{"title":"Becas \u00abImpulsar Futuro\u00bb: est\u00e1n abiertas las inscripciones definitivas - RADIO LLANURA","robots":{"index":"index","follow":"follow","max-snippet":"max-snippet:-1","max-image-preview":"max-image-preview:large","max-video-preview":"max-video-preview:-1"},"canonical":"https:\/\/fmllanura.com\/?p=7210","og_locale":"es_ES","og_type":"article","og_title":"Becas \u00abImpulsar Futuro\u00bb: est\u00e1n abiertas las inscripciones definitivas - RADIO LLANURA","og_description":"El Ministerio de Educaci\u00f3n de La Pampa record\u00f3 que hasta el 31 de diciembre inclusive, se desarrollan las inscripciones definitivas al programa destinado a j\u00f3venes que contin\u00faen sus estudios superiores en la Provincia, en \u00e1reas estrat\u00e9gicas que promueven el crecimiento educativo, social y productivo de La Pampa. Las inscripciones definitivas se realizan mediante el sistema &hellip;","og_url":"https:\/\/fmllanura.com\/?p=7210","og_site_name":"RADIO LLANURA","article_published_time":"2025-12-20T12:49:56+00:00","article_modified_time":"2025-12-20T12:49:57+00:00","og_image":[{"width":752,"height":440,"url":"https:\/\/fmllanura.com\/wp-content\/uploads\/2025\/12\/17662348948111310948069430538828.jpg","type":"image\/jpeg"}],"author":"llanura","twitter_card":"summary_large_image","twitter_misc":{"Escrito por":"llanura","Tiempo de lectura":"3 minutos"},"schema":{"@context":"https:\/\/schema.org","@graph":[{"@type":"WebPage","@id":"https:\/\/fmllanura.com\/?p=7210","url":"https:\/\/fmllanura.com\/?p=7210","name":"Becas \u00abImpulsar Futuro\u00bb: est\u00e1n abiertas las inscripciones definitivas - RADIO LLANURA","isPartOf":{"@id":"https:\/\/fmllanura.com\/#website"},"datePublished":"2025-12-20T12:49:56+00:00","dateModified":"2025-12-20T12:49:57+00:00","author":{"@id":"https:\/\/fmllanura.com\/#\/schema\/person\/dd4b4843c2293cd8d5995d115dbd5e96"},"breadcrumb":{"@id":"https:\/\/fmllanura.com\/?p=7210#breadcrumb"},"inLanguage":"es","potentialAction":[{"@type":"ReadAction","target":["https:\/\/fmllanura.com\/?p=7210"]}]},{"@type":"BreadcrumbList","@id":"https:\/\/fmllanura.com\/?p=7210#breadcrumb","itemListElement":[{"@type":"ListItem","position":1,"name":"Portada","item":"https:\/\/fmllanura.com\/"},{"@type":"ListItem","position":2,"name":"Becas \u00abImpulsar Futuro\u00bb: est\u00e1n abiertas las inscripciones definitivas"}]},{"@type":"WebSite","@id":"https:\/\/fmllanura.com\/#website","url":"https:\/\/fmllanura.com\/","name":"RADIO LLANURA","description":"","potentialAction":[{"@type":"SearchAction","target":{"@type":"EntryPoint","urlTemplate":"https:\/\/fmllanura.com\/?s={search_term_string}"},"query-input":"required name=search_term_string"}],"inLanguage":"es"},{"@type":"Person","@id":"https:\/\/fmllanura.com\/#\/schema\/person\/dd4b4843c2293cd8d5995d115dbd5e96","name":"llanura","image":{"@type":"ImageObject","inLanguage":"es","@id":"https:\/\/fmllanura.com\/#\/schema\/person\/image\/","url":"https:\/\/secure.gravatar.com\/avatar\/f6ee1541937ff3e68dac011173779bde?s=96&d=mm&r=g","contentUrl":"https:\/\/secure.gravatar.com\/avatar\/f6ee1541937ff3e68dac011173779bde?s=96&d=mm&r=g","caption":"llanura"},"url":"https:\/\/fmllanura.com\/?author=4"}]}},"_links":{"self":[{"href":"https:\/\/fmllanura.com\/index.php?rest_route=\/wp\/v2\/posts\/7210"}],"collection":[{"href":"https:\/\/fmllanura.com\/index.php?rest_route=\/wp\/v2\/posts"}],"about":[{"href":"https:\/\/fmllanura.com\/index.php?rest_route=\/wp\/v2\/types\/post"}],"author":[{"embeddable":true,"href":"https:\/\/fmllanura.com\/index.php?rest_route=\/wp\/v2\/users\/4"}],"replies":[{"embeddable":true,"href":"https:\/\/fmllanura.com\/index.php?rest_route=%2Fwp%2Fv2%2Fcomments&post=7210"}],"version-history":[{"count":1,"href":"https:\/\/fmllanura.com\/index.php?rest_route=\/wp\/v2\/posts\/7210\/revisions"}],"predecessor-version":[{"id":7224,"href":"https:\/\/fmllanura.com\/index.php?rest_route=\/wp\/v2\/posts\/7210\/revisions\/7224"}],"wp:featuredmedia":[{"embeddable":true,"href":"https:\/\/fmllanura.com\/index.php?rest_route=\/wp\/v2\/media\/7223"}],"wp:attachment":[{"href":"https:\/\/fmllanura.com\/index.php?rest_route=%2Fwp%2Fv2%2Fmedia&parent=7210"}],"wp:term":[{"taxonomy":"category","embeddable":true,"href":"https:\/\/fmllanura.com\/index.php?rest_route=%2Fwp%2Fv2%2Fcategories&post=7210"},{"taxonomy":"post_tag","embeddable":true,"href":"https:\/\/fmllanura.com\/index.php?rest_route=%2Fwp%2Fv2%2Ftags&post=7210"}],"curies":[{"name":"wp","href":"https:\/\/api.w.org\/{rel}","templated":true}]}}