{"id":7211,"date":"2025-12-20T12:51:00","date_gmt":"2025-12-20T12:51:00","guid":{"rendered":"https:\/\/fmllanura.com\/?p=7211"},"modified":"2025-12-20T12:51:01","modified_gmt":"2025-12-20T12:51:01","slug":"violenta-colision-en-la-ruta-nacional-20-el-conductor-del-auto-quedo-atrapado","status":"publish","type":"post","link":"https:\/\/fmllanura.com\/?p=7211","title":{"rendered":"Violenta colisi\u00f3n en la ruta nacional 20: el conductor del auto qued\u00f3 atrapado"},"content":{"rendered":"\n<figure class=\"wp-block-image size-full\"><img loading=\"lazy\" decoding=\"async\" width=\"752\" height=\"440\" src=\"https:\/\/fmllanura.com\/wp-content\/uploads\/2025\/12\/176623499982112224982193995755.jpg\" alt=\"\" class=\"wp-image-7225\" srcset=\"https:\/\/fmllanura.com\/wp-content\/uploads\/2025\/12\/176623499982112224982193995755.jpg 752w, https:\/\/fmllanura.com\/wp-content\/uploads\/2025\/12\/176623499982112224982193995755-300x176.jpg 300w\" sizes=\"(max-width: 752px) 100vw, 752px\" \/><\/figure>\n\n\n\n<p>Un grave accidente se registr\u00f3 en las \u00faltimas horas sobre la Ruta Nacional 20, a la altura del kil\u00f3metro 349. El incidente, que involucr\u00f3 a un transporte de carga y a un veh\u00edculo particular, gener\u00f3 un inmediato despliegue de los servicios de emergencia en la zona.Ambos veh\u00edculos realizaban un trayecto de larga distancia, viajando desde la provincia de Neuqu\u00e9n con destino final a C\u00f3rdoba.El choque involucr\u00f3 a un cami\u00f3n Mercedes-Benz y a un autom\u00f3vil Renault Fluence. Seg\u00fan las primeras informaciones extraoficiales, la colisi\u00f3n se produjo por una maniobra de detenci\u00f3n: el conductor del cami\u00f3n intent\u00f3 realizar una maniobra para ingresar a un \u00e1rea de descanso ubicada a la vera de la ruta.Aparentemente, el camionero no habr\u00eda advertido la proximidad del rodado menor que circulaba en la misma direcci\u00f3n, lo que deriv\u00f3 en un impacto de gran magnitud.Bomberos y personal sanitario asistieron al automovilista.Debido a la violencia del choque, se activ\u00f3 de urgencia el protocolo de asistencia. Personal de bomberos y sanitario trabaj\u00f3 en el lugar para asistir a los ocupantes de ambos veh\u00edculos, principalmente al automovilista que qued\u00f3 atrapado en el habit\u00e1culo, indic\u00f3 El Diario.Luego, la polic\u00eda asegur\u00f3 la transitabilidad en ese sector de la ruta, que suele presentar un flujo constante de transporte pesado.Hasta el momento, no se ha emitido un parte oficial detallando el estado de salud de los involucrados, aunque los da\u00f1os materiales en el Renault Fluence fueron de consideraci\u00f3n.<\/p>\n","protected":false},"excerpt":{"rendered":"<p>Un grave accidente se registr\u00f3 en las \u00faltimas horas sobre la Ruta Nacional 20, a la altura del kil\u00f3metro 349. El incidente, que involucr\u00f3 a un transporte de carga y a un veh\u00edculo particular, gener\u00f3 un inmediato despliegue de los servicios de emergencia en la zona.Ambos veh\u00edculos realizaban un trayecto de larga distancia, viajando desde &hellip;<\/p>\n","protected":false},"author":4,"featured_media":7225,"comment_status":"open","ping_status":"open","sticky":false,"template":"","format":"standard","meta":{"footnotes":""},"categories":[1],"tags":[],"class_list":["post-7211","post","type-post","status-publish","format-standard","has-post-thumbnail","","category-uncategorized"],"yoast_head":"<!-- This site is optimized with the Yoast SEO plugin v19.9 - https:\/\/yoast.com\/wordpress\/plugins\/seo\/ -->\n<title>Violenta colisi\u00f3n en la ruta nacional 20: el conductor del auto qued\u00f3 atrapado - RADIO LLANURA<\/title>\n<meta name=\"robots\" content=\"index, follow, max-snippet:-1, max-image-preview:large, max-video-preview:-1\" \/>\n<link rel=\"canonical\" href=\"https:\/\/fmllanura.com\/?p=7211\" \/>\n<meta property=\"og:locale\" content=\"es_ES\" \/>\n<meta property=\"og:type\" content=\"article\" \/>\n<meta property=\"og:title\" content=\"Violenta colisi\u00f3n en la ruta nacional 20: el conductor del auto qued\u00f3 atrapado - RADIO LLANURA\" \/>\n<meta property=\"og:description\" content=\"Un grave accidente se registr\u00f3 en las \u00faltimas horas sobre la Ruta Nacional 20, a la altura del kil\u00f3metro 349. El incidente, que involucr\u00f3 a un transporte de carga y a un veh\u00edculo particular, gener\u00f3 un inmediato despliegue de los servicios de emergencia en la zona.Ambos veh\u00edculos realizaban un trayecto de larga distancia, viajando desde &hellip;\" \/>\n<meta property=\"og:url\" content=\"https:\/\/fmllanura.com\/?p=7211\" \/>\n<meta property=\"og:site_name\" content=\"RADIO LLANURA\" \/>\n<meta property=\"article:published_time\" content=\"2025-12-20T12:51:00+00:00\" \/>\n<meta property=\"article:modified_time\" content=\"2025-12-20T12:51:01+00:00\" \/>\n<meta property=\"og:image\" content=\"https:\/\/fmllanura.com\/wp-content\/uploads\/2025\/12\/176623499982112224982193995755.jpg\" \/>\n\t<meta property=\"og:image:width\" content=\"752\" \/>\n\t<meta property=\"og:image:height\" content=\"440\" \/>\n\t<meta property=\"og:image:type\" content=\"image\/jpeg\" \/>\n<meta name=\"author\" content=\"llanura\" \/>\n<meta name=\"twitter:card\" content=\"summary_large_image\" \/>\n<meta name=\"twitter:label1\" content=\"Escrito por\" \/>\n\t<meta name=\"twitter:data1\" content=\"llanura\" \/>\n\t<meta name=\"twitter:label2\" content=\"Tiempo de lectura\" \/>\n\t<meta name=\"twitter:data2\" content=\"2 minutos\" \/>\n<script type=\"application\/ld+json\" class=\"yoast-schema-graph\">{\"@context\":\"https:\/\/schema.org\",\"@graph\":[{\"@type\":\"WebPage\",\"@id\":\"https:\/\/fmllanura.com\/?p=7211\",\"url\":\"https:\/\/fmllanura.com\/?p=7211\",\"name\":\"Violenta colisi\u00f3n en la ruta nacional 20: el conductor del auto qued\u00f3 atrapado - RADIO LLANURA\",\"isPartOf\":{\"@id\":\"https:\/\/fmllanura.com\/#website\"},\"datePublished\":\"2025-12-20T12:51:00+00:00\",\"dateModified\":\"2025-12-20T12:51:01+00:00\",\"author\":{\"@id\":\"https:\/\/fmllanura.com\/#\/schema\/person\/dd4b4843c2293cd8d5995d115dbd5e96\"},\"breadcrumb\":{\"@id\":\"https:\/\/fmllanura.com\/?p=7211#breadcrumb\"},\"inLanguage\":\"es\",\"potentialAction\":[{\"@type\":\"ReadAction\",\"target\":[\"https:\/\/fmllanura.com\/?p=7211\"]}]},{\"@type\":\"BreadcrumbList\",\"@id\":\"https:\/\/fmllanura.com\/?p=7211#breadcrumb\",\"itemListElement\":[{\"@type\":\"ListItem\",\"position\":1,\"name\":\"Portada\",\"item\":\"https:\/\/fmllanura.com\/\"},{\"@type\":\"ListItem\",\"position\":2,\"name\":\"Violenta colisi\u00f3n en la ruta nacional 20: el conductor del auto qued\u00f3 atrapado\"}]},{\"@type\":\"WebSite\",\"@id\":\"https:\/\/fmllanura.com\/#website\",\"url\":\"https:\/\/fmllanura.com\/\",\"name\":\"RADIO LLANURA\",\"description\":\"\",\"potentialAction\":[{\"@type\":\"SearchAction\",\"target\":{\"@type\":\"EntryPoint\",\"urlTemplate\":\"https:\/\/fmllanura.com\/?s={search_term_string}\"},\"query-input\":\"required name=search_term_string\"}],\"inLanguage\":\"es\"},{\"@type\":\"Person\",\"@id\":\"https:\/\/fmllanura.com\/#\/schema\/person\/dd4b4843c2293cd8d5995d115dbd5e96\",\"name\":\"llanura\",\"image\":{\"@type\":\"ImageObject\",\"inLanguage\":\"es\",\"@id\":\"https:\/\/fmllanura.com\/#\/schema\/person\/image\/\",\"url\":\"https:\/\/secure.gravatar.com\/avatar\/f6ee1541937ff3e68dac011173779bde?s=96&d=mm&r=g\",\"contentUrl\":\"https:\/\/secure.gravatar.com\/avatar\/f6ee1541937ff3e68dac011173779bde?s=96&d=mm&r=g\",\"caption\":\"llanura\"},\"url\":\"https:\/\/fmllanura.com\/?author=4\"}]}<\/script>\n<!-- \/ Yoast SEO plugin. -->","yoast_head_json":{"title":"Violenta colisi\u00f3n en la ruta nacional 20: el conductor del auto qued\u00f3 atrapado - RADIO LLANURA","robots":{"index":"index","follow":"follow","max-snippet":"max-snippet:-1","max-image-preview":"max-image-preview:large","max-video-preview":"max-video-preview:-1"},"canonical":"https:\/\/fmllanura.com\/?p=7211","og_locale":"es_ES","og_type":"article","og_title":"Violenta colisi\u00f3n en la ruta nacional 20: el conductor del auto qued\u00f3 atrapado - RADIO LLANURA","og_description":"Un grave accidente se registr\u00f3 en las \u00faltimas horas sobre la Ruta Nacional 20, a la altura del kil\u00f3metro 349. El incidente, que involucr\u00f3 a un transporte de carga y a un veh\u00edculo particular, gener\u00f3 un inmediato despliegue de los servicios de emergencia en la zona.Ambos veh\u00edculos realizaban un trayecto de larga distancia, viajando desde &hellip;","og_url":"https:\/\/fmllanura.com\/?p=7211","og_site_name":"RADIO LLANURA","article_published_time":"2025-12-20T12:51:00+00:00","article_modified_time":"2025-12-20T12:51:01+00:00","og_image":[{"width":752,"height":440,"url":"https:\/\/fmllanura.com\/wp-content\/uploads\/2025\/12\/176623499982112224982193995755.jpg","type":"image\/jpeg"}],"author":"llanura","twitter_card":"summary_large_image","twitter_misc":{"Escrito por":"llanura","Tiempo de lectura":"2 minutos"},"schema":{"@context":"https:\/\/schema.org","@graph":[{"@type":"WebPage","@id":"https:\/\/fmllanura.com\/?p=7211","url":"https:\/\/fmllanura.com\/?p=7211","name":"Violenta colisi\u00f3n en la ruta nacional 20: el conductor del auto qued\u00f3 atrapado - RADIO LLANURA","isPartOf":{"@id":"https:\/\/fmllanura.com\/#website"},"datePublished":"2025-12-20T12:51:00+00:00","dateModified":"2025-12-20T12:51:01+00:00","author":{"@id":"https:\/\/fmllanura.com\/#\/schema\/person\/dd4b4843c2293cd8d5995d115dbd5e96"},"breadcrumb":{"@id":"https:\/\/fmllanura.com\/?p=7211#breadcrumb"},"inLanguage":"es","potentialAction":[{"@type":"ReadAction","target":["https:\/\/fmllanura.com\/?p=7211"]}]},{"@type":"BreadcrumbList","@id":"https:\/\/fmllanura.com\/?p=7211#breadcrumb","itemListElement":[{"@type":"ListItem","position":1,"name":"Portada","item":"https:\/\/fmllanura.com\/"},{"@type":"ListItem","position":2,"name":"Violenta colisi\u00f3n en la ruta nacional 20: el conductor del auto qued\u00f3 atrapado"}]},{"@type":"WebSite","@id":"https:\/\/fmllanura.com\/#website","url":"https:\/\/fmllanura.com\/","name":"RADIO LLANURA","description":"","potentialAction":[{"@type":"SearchAction","target":{"@type":"EntryPoint","urlTemplate":"https:\/\/fmllanura.com\/?s={search_term_string}"},"query-input":"required name=search_term_string"}],"inLanguage":"es"},{"@type":"Person","@id":"https:\/\/fmllanura.com\/#\/schema\/person\/dd4b4843c2293cd8d5995d115dbd5e96","name":"llanura","image":{"@type":"ImageObject","inLanguage":"es","@id":"https:\/\/fmllanura.com\/#\/schema\/person\/image\/","url":"https:\/\/secure.gravatar.com\/avatar\/f6ee1541937ff3e68dac011173779bde?s=96&d=mm&r=g","contentUrl":"https:\/\/secure.gravatar.com\/avatar\/f6ee1541937ff3e68dac011173779bde?s=96&d=mm&r=g","caption":"llanura"},"url":"https:\/\/fmllanura.com\/?author=4"}]}},"_links":{"self":[{"href":"https:\/\/fmllanura.com\/index.php?rest_route=\/wp\/v2\/posts\/7211"}],"collection":[{"href":"https:\/\/fmllanura.com\/index.php?rest_route=\/wp\/v2\/posts"}],"about":[{"href":"https:\/\/fmllanura.com\/index.php?rest_route=\/wp\/v2\/types\/post"}],"author":[{"embeddable":true,"href":"https:\/\/fmllanura.com\/index.php?rest_route=\/wp\/v2\/users\/4"}],"replies":[{"embeddable":true,"href":"https:\/\/fmllanura.com\/index.php?rest_route=%2Fwp%2Fv2%2Fcomments&post=7211"}],"version-history":[{"count":1,"href":"https:\/\/fmllanura.com\/index.php?rest_route=\/wp\/v2\/posts\/7211\/revisions"}],"predecessor-version":[{"id":7226,"href":"https:\/\/fmllanura.com\/index.php?rest_route=\/wp\/v2\/posts\/7211\/revisions\/7226"}],"wp:featuredmedia":[{"embeddable":true,"href":"https:\/\/fmllanura.com\/index.php?rest_route=\/wp\/v2\/media\/7225"}],"wp:attachment":[{"href":"https:\/\/fmllanura.com\/index.php?rest_route=%2Fwp%2Fv2%2Fmedia&parent=7211"}],"wp:term":[{"taxonomy":"category","embeddable":true,"href":"https:\/\/fmllanura.com\/index.php?rest_route=%2Fwp%2Fv2%2Fcategories&post=7211"},{"taxonomy":"post_tag","embeddable":true,"href":"https:\/\/fmllanura.com\/index.php?rest_route=%2Fwp%2Fv2%2Ftags&post=7211"}],"curies":[{"name":"wp","href":"https:\/\/api.w.org\/{rel}","templated":true}]}}