{"id":7287,"date":"2025-12-22T19:11:39","date_gmt":"2025-12-22T19:11:39","guid":{"rendered":"https:\/\/fmllanura.com\/?p=7287"},"modified":"2025-12-22T19:11:40","modified_gmt":"2025-12-22T19:11:40","slug":"madre-de-rancul-presento-una-nota-a-la-jueza-campos-reclama-la-habilitacion-urgente-de-la-comunicacion-con-su-hija","status":"publish","type":"post","link":"https:\/\/fmllanura.com\/?p=7287","title":{"rendered":"Madre de Rancul present\u00f3 una nota a la Jueza Campos: Reclama la habilitaci\u00f3n urgente de la comunicaci\u00f3n con su hija"},"content":{"rendered":"\n<figure class=\"wp-block-image size-full\"><img decoding=\"async\" src=\"https:\/\/fmllanura.com\/wp-content\/uploads\/2025\/12\/176643064529976205714535361460.jpg\" alt=\"\" class=\"wp-image-7298\" \/><\/figure>\n\n\n\n<p>Tras la marcha que se desarroll\u00f3 este domingo en Rancul, Yanel Buffa y su familia viajaron a la ciudad de General Pico para hacer entrega de una nota dirigida a la Jueza, Alejandra Noem\u00ed Campos, que fue firmada por unos 200 vecinos de Rancul.Yanel expres\u00f3 el calvario que vive desde que la justicia otorg\u00f3 la custodia de la ni\u00f1a al padre \u2014residente en otra provincia\u2014 y le impuso a ella una restricci\u00f3n de contacto de 60 d\u00edas.A partir de esta decisi\u00f3n judicial que la separ\u00f3 de su hija, Yanel y su familia se presentaron ante la jueza Campos para solicitar que la Justicia revea la.restricci\u00f3n de contacto hacia su ni\u00f1a por un plazo de 60 d\u00edas.La nota que entregaron en el Juzgado 2, lleva la firma de m\u00e1s de 200 vecinos de Rancul y adem\u00e1s cuenta con el respaldo de la familia de Lucio Dupuy, v\u00edctima de malas decisiones judiciales y de una cadena de responsabilidades.La entrega de la nota se realiz\u00f3 en el Juzgado N\u00b02 de Gral. Pico. En el escrito se le solicita a la Jueza: \u00abLa habilitaci\u00f3n urgente de la comunicaci\u00f3n con la ni\u00f1a, para que su mam\u00e1 y su familia materna pueda saber c\u00f3mo se encuentra, resguardando su bienestar emocional y su derecho a mantener v\u00ednculos afectivos significativos\u00bb; \u00abEl respeto por su lugar de crianza y su centro de vida, el entorno donde creci\u00f3 desde beb\u00e9, donde est\u00e1 su escuela, sus afectos, sus actividades y su red de cuidado y contenci\u00f3n\u00bb; y \u00abLa realizaci\u00f3n inmediata de un espacio de escucha real y adecuado, para que Isabella pueda expresar su deseo y ser o\u00edda, tal como lo establecen las leyes de protecci\u00f3n de los derechos de ni\u00f1os, ni\u00f1as y adolescentes\u00bb.Con carteles pegados en las rejas del Juzgado y acompa\u00f1ada por un grupo de familiares y amigos que se manifestaron de manera pac\u00edfica pero firme, Yanel apunt\u00f3 directamente contra la Dra. Alejandra Campos.El reclamo es claro: la restituci\u00f3n de su hija Isabella y el pedido de un Jury de Enjuiciamiento para la magistrada.Tras la ejecuci\u00f3n de la sentencia que estableci\u00f3 el cuidado de la ni\u00f1a a cargo del padre, con quien La nena no ten\u00eda v\u00ednculo desde hace m\u00e1s de un a\u00f1o, la familia Buffa sigue pidiendo que la Justicia escuche a la ni\u00f1a y se revea el pedido de incomunicaci\u00f3n por 60 d\u00edas.<\/p>\n","protected":false},"excerpt":{"rendered":"<p>Tras la marcha que se desarroll\u00f3 este domingo en Rancul, Yanel Buffa y su familia viajaron a la ciudad de General Pico para hacer entrega de una nota dirigida a la Jueza, Alejandra Noem\u00ed Campos, que fue firmada por unos 200 vecinos de Rancul.Yanel expres\u00f3 el calvario que vive desde que la justicia otorg\u00f3 la &hellip;<\/p>\n","protected":false},"author":4,"featured_media":0,"comment_status":"open","ping_status":"open","sticky":false,"template":"","format":"standard","meta":{"footnotes":""},"categories":[1],"tags":[],"class_list":["post-7287","post","type-post","status-publish","format-standard","","category-uncategorized"],"yoast_head":"<!-- This site is optimized with the Yoast SEO plugin v19.9 - https:\/\/yoast.com\/wordpress\/plugins\/seo\/ -->\n<title>Madre de Rancul present\u00f3 una nota a la Jueza Campos: Reclama la habilitaci\u00f3n urgente de la comunicaci\u00f3n con su hija - RADIO LLANURA<\/title>\n<meta name=\"robots\" content=\"index, follow, max-snippet:-1, max-image-preview:large, max-video-preview:-1\" \/>\n<link rel=\"canonical\" href=\"https:\/\/fmllanura.com\/?p=7287\" \/>\n<meta property=\"og:locale\" content=\"es_ES\" \/>\n<meta property=\"og:type\" content=\"article\" \/>\n<meta property=\"og:title\" content=\"Madre de Rancul present\u00f3 una nota a la Jueza Campos: Reclama la habilitaci\u00f3n urgente de la comunicaci\u00f3n con su hija - RADIO LLANURA\" \/>\n<meta property=\"og:description\" content=\"Tras la marcha que se desarroll\u00f3 este domingo en Rancul, Yanel Buffa y su familia viajaron a la ciudad de General Pico para hacer entrega de una nota dirigida a la Jueza, Alejandra Noem\u00ed Campos, que fue firmada por unos 200 vecinos de Rancul.Yanel expres\u00f3 el calvario que vive desde que la justicia otorg\u00f3 la &hellip;\" \/>\n<meta property=\"og:url\" content=\"https:\/\/fmllanura.com\/?p=7287\" \/>\n<meta property=\"og:site_name\" content=\"RADIO LLANURA\" \/>\n<meta property=\"article:published_time\" content=\"2025-12-22T19:11:39+00:00\" \/>\n<meta property=\"article:modified_time\" content=\"2025-12-22T19:11:40+00:00\" \/>\n<meta property=\"og:image\" content=\"https:\/\/fmllanura.com\/wp-content\/uploads\/2025\/12\/176643064529976205714535361460.jpg\" \/>\n\t<meta property=\"og:image:width\" content=\"720\" \/>\n\t<meta property=\"og:image:height\" content=\"440\" \/>\n\t<meta property=\"og:image:type\" content=\"image\/jpeg\" \/>\n<meta name=\"author\" content=\"llanura\" \/>\n<meta name=\"twitter:card\" content=\"summary_large_image\" \/>\n<meta name=\"twitter:label1\" content=\"Escrito por\" \/>\n\t<meta name=\"twitter:data1\" content=\"llanura\" \/>\n\t<meta name=\"twitter:label2\" content=\"Tiempo de lectura\" \/>\n\t<meta name=\"twitter:data2\" content=\"2 minutos\" \/>\n<script type=\"application\/ld+json\" class=\"yoast-schema-graph\">{\"@context\":\"https:\/\/schema.org\",\"@graph\":[{\"@type\":\"WebPage\",\"@id\":\"https:\/\/fmllanura.com\/?p=7287\",\"url\":\"https:\/\/fmllanura.com\/?p=7287\",\"name\":\"Madre de Rancul present\u00f3 una nota a la Jueza Campos: Reclama la habilitaci\u00f3n urgente de la comunicaci\u00f3n con su hija - RADIO LLANURA\",\"isPartOf\":{\"@id\":\"https:\/\/fmllanura.com\/#website\"},\"datePublished\":\"2025-12-22T19:11:39+00:00\",\"dateModified\":\"2025-12-22T19:11:40+00:00\",\"author\":{\"@id\":\"https:\/\/fmllanura.com\/#\/schema\/person\/dd4b4843c2293cd8d5995d115dbd5e96\"},\"breadcrumb\":{\"@id\":\"https:\/\/fmllanura.com\/?p=7287#breadcrumb\"},\"inLanguage\":\"es\",\"potentialAction\":[{\"@type\":\"ReadAction\",\"target\":[\"https:\/\/fmllanura.com\/?p=7287\"]}]},{\"@type\":\"BreadcrumbList\",\"@id\":\"https:\/\/fmllanura.com\/?p=7287#breadcrumb\",\"itemListElement\":[{\"@type\":\"ListItem\",\"position\":1,\"name\":\"Portada\",\"item\":\"https:\/\/fmllanura.com\/\"},{\"@type\":\"ListItem\",\"position\":2,\"name\":\"Madre de Rancul present\u00f3 una nota a la Jueza Campos: Reclama la habilitaci\u00f3n urgente de la comunicaci\u00f3n con su hija\"}]},{\"@type\":\"WebSite\",\"@id\":\"https:\/\/fmllanura.com\/#website\",\"url\":\"https:\/\/fmllanura.com\/\",\"name\":\"RADIO LLANURA\",\"description\":\"\",\"potentialAction\":[{\"@type\":\"SearchAction\",\"target\":{\"@type\":\"EntryPoint\",\"urlTemplate\":\"https:\/\/fmllanura.com\/?s={search_term_string}\"},\"query-input\":\"required name=search_term_string\"}],\"inLanguage\":\"es\"},{\"@type\":\"Person\",\"@id\":\"https:\/\/fmllanura.com\/#\/schema\/person\/dd4b4843c2293cd8d5995d115dbd5e96\",\"name\":\"llanura\",\"image\":{\"@type\":\"ImageObject\",\"inLanguage\":\"es\",\"@id\":\"https:\/\/fmllanura.com\/#\/schema\/person\/image\/\",\"url\":\"https:\/\/secure.gravatar.com\/avatar\/f6ee1541937ff3e68dac011173779bde?s=96&d=mm&r=g\",\"contentUrl\":\"https:\/\/secure.gravatar.com\/avatar\/f6ee1541937ff3e68dac011173779bde?s=96&d=mm&r=g\",\"caption\":\"llanura\"},\"url\":\"https:\/\/fmllanura.com\/?author=4\"}]}<\/script>\n<!-- \/ Yoast SEO plugin. -->","yoast_head_json":{"title":"Madre de Rancul present\u00f3 una nota a la Jueza Campos: Reclama la habilitaci\u00f3n urgente de la comunicaci\u00f3n con su hija - RADIO LLANURA","robots":{"index":"index","follow":"follow","max-snippet":"max-snippet:-1","max-image-preview":"max-image-preview:large","max-video-preview":"max-video-preview:-1"},"canonical":"https:\/\/fmllanura.com\/?p=7287","og_locale":"es_ES","og_type":"article","og_title":"Madre de Rancul present\u00f3 una nota a la Jueza Campos: Reclama la habilitaci\u00f3n urgente de la comunicaci\u00f3n con su hija - RADIO LLANURA","og_description":"Tras la marcha que se desarroll\u00f3 este domingo en Rancul, Yanel Buffa y su familia viajaron a la ciudad de General Pico para hacer entrega de una nota dirigida a la Jueza, Alejandra Noem\u00ed Campos, que fue firmada por unos 200 vecinos de Rancul.Yanel expres\u00f3 el calvario que vive desde que la justicia otorg\u00f3 la &hellip;","og_url":"https:\/\/fmllanura.com\/?p=7287","og_site_name":"RADIO LLANURA","article_published_time":"2025-12-22T19:11:39+00:00","article_modified_time":"2025-12-22T19:11:40+00:00","og_image":[{"width":720,"height":440,"url":"https:\/\/fmllanura.com\/wp-content\/uploads\/2025\/12\/176643064529976205714535361460.jpg","type":"image\/jpeg"}],"author":"llanura","twitter_card":"summary_large_image","twitter_misc":{"Escrito por":"llanura","Tiempo de lectura":"2 minutos"},"schema":{"@context":"https:\/\/schema.org","@graph":[{"@type":"WebPage","@id":"https:\/\/fmllanura.com\/?p=7287","url":"https:\/\/fmllanura.com\/?p=7287","name":"Madre de Rancul present\u00f3 una nota a la Jueza Campos: Reclama la habilitaci\u00f3n urgente de la comunicaci\u00f3n con su hija - RADIO LLANURA","isPartOf":{"@id":"https:\/\/fmllanura.com\/#website"},"datePublished":"2025-12-22T19:11:39+00:00","dateModified":"2025-12-22T19:11:40+00:00","author":{"@id":"https:\/\/fmllanura.com\/#\/schema\/person\/dd4b4843c2293cd8d5995d115dbd5e96"},"breadcrumb":{"@id":"https:\/\/fmllanura.com\/?p=7287#breadcrumb"},"inLanguage":"es","potentialAction":[{"@type":"ReadAction","target":["https:\/\/fmllanura.com\/?p=7287"]}]},{"@type":"BreadcrumbList","@id":"https:\/\/fmllanura.com\/?p=7287#breadcrumb","itemListElement":[{"@type":"ListItem","position":1,"name":"Portada","item":"https:\/\/fmllanura.com\/"},{"@type":"ListItem","position":2,"name":"Madre de Rancul present\u00f3 una nota a la Jueza Campos: Reclama la habilitaci\u00f3n urgente de la comunicaci\u00f3n con su hija"}]},{"@type":"WebSite","@id":"https:\/\/fmllanura.com\/#website","url":"https:\/\/fmllanura.com\/","name":"RADIO LLANURA","description":"","potentialAction":[{"@type":"SearchAction","target":{"@type":"EntryPoint","urlTemplate":"https:\/\/fmllanura.com\/?s={search_term_string}"},"query-input":"required name=search_term_string"}],"inLanguage":"es"},{"@type":"Person","@id":"https:\/\/fmllanura.com\/#\/schema\/person\/dd4b4843c2293cd8d5995d115dbd5e96","name":"llanura","image":{"@type":"ImageObject","inLanguage":"es","@id":"https:\/\/fmllanura.com\/#\/schema\/person\/image\/","url":"https:\/\/secure.gravatar.com\/avatar\/f6ee1541937ff3e68dac011173779bde?s=96&d=mm&r=g","contentUrl":"https:\/\/secure.gravatar.com\/avatar\/f6ee1541937ff3e68dac011173779bde?s=96&d=mm&r=g","caption":"llanura"},"url":"https:\/\/fmllanura.com\/?author=4"}]}},"_links":{"self":[{"href":"https:\/\/fmllanura.com\/index.php?rest_route=\/wp\/v2\/posts\/7287"}],"collection":[{"href":"https:\/\/fmllanura.com\/index.php?rest_route=\/wp\/v2\/posts"}],"about":[{"href":"https:\/\/fmllanura.com\/index.php?rest_route=\/wp\/v2\/types\/post"}],"author":[{"embeddable":true,"href":"https:\/\/fmllanura.com\/index.php?rest_route=\/wp\/v2\/users\/4"}],"replies":[{"embeddable":true,"href":"https:\/\/fmllanura.com\/index.php?rest_route=%2Fwp%2Fv2%2Fcomments&post=7287"}],"version-history":[{"count":1,"href":"https:\/\/fmllanura.com\/index.php?rest_route=\/wp\/v2\/posts\/7287\/revisions"}],"predecessor-version":[{"id":7299,"href":"https:\/\/fmllanura.com\/index.php?rest_route=\/wp\/v2\/posts\/7287\/revisions\/7299"}],"wp:attachment":[{"href":"https:\/\/fmllanura.com\/index.php?rest_route=%2Fwp%2Fv2%2Fmedia&parent=7287"}],"wp:term":[{"taxonomy":"category","embeddable":true,"href":"https:\/\/fmllanura.com\/index.php?rest_route=%2Fwp%2Fv2%2Fcategories&post=7287"},{"taxonomy":"post_tag","embeddable":true,"href":"https:\/\/fmllanura.com\/index.php?rest_route=%2Fwp%2Fv2%2Ftags&post=7287"}],"curies":[{"name":"wp","href":"https:\/\/api.w.org\/{rel}","templated":true}]}}