{"id":7290,"date":"2025-12-22T19:16:57","date_gmt":"2025-12-22T19:16:57","guid":{"rendered":"https:\/\/fmllanura.com\/?p=7290"},"modified":"2025-12-22T19:16:58","modified_gmt":"2025-12-22T19:16:58","slug":"el-tribunal-de-cuentas-de-la-pampa-no-adhiere-a-la-jornada-reducida-y-mantendra-su-horario-habitual-en-enero","status":"publish","type":"post","link":"https:\/\/fmllanura.com\/?p=7290","title":{"rendered":"El Tribunal de Cuentas de La Pampa no adhiere a la jornada reducida y mantendr\u00e1 su horario habitual en enero"},"content":{"rendered":"\n<figure class=\"wp-block-image size-large\"><img loading=\"lazy\" decoding=\"async\" width=\"1024\" height=\"577\" src=\"https:\/\/fmllanura.com\/wp-content\/uploads\/2025\/12\/1766430837040352362247500056792-1024x577.jpg\" alt=\"\" class=\"wp-image-7303\" srcset=\"https:\/\/fmllanura.com\/wp-content\/uploads\/2025\/12\/1766430837040352362247500056792-1024x577.jpg 1024w, https:\/\/fmllanura.com\/wp-content\/uploads\/2025\/12\/1766430837040352362247500056792-300x169.jpg 300w, https:\/\/fmllanura.com\/wp-content\/uploads\/2025\/12\/1766430837040352362247500056792-768x433.jpg 768w, https:\/\/fmllanura.com\/wp-content\/uploads\/2025\/12\/1766430837040352362247500056792.jpg 1420w\" sizes=\"(max-width: 1024px) 100vw, 1024px\" \/><\/figure>\n\n\n\n<p>El Tribunal de Cuentas de La Pampa (TdeC) inform\u00f3 que durante el mes de enero desarrollar\u00e1 sus tareas en su horario habitual de 7 a 13:30 horas. La decisi\u00f3n fue establecida por la Resoluci\u00f3n N\u00ba 230\/2025 e implica que el organismo no adherir\u00e1 a la reducci\u00f3n de la jornada laboral dispuesta por el Poder Ejecutivo Provincial en el Decreto N\u00ba 2618\/2025.La medida se fundamenta en el \u201ccar\u00e1cter esencial de las actividades del organismo\u201d, que no se interrumpieron durante la pandemia, y en la vigencia de su propio \u201cPrograma Energ\u00eda Consciente\u201d. Esta iniciativa interna para la reducci\u00f3n del consumo de energ\u00eda el\u00e9ctrica se encuentra en implementaci\u00f3n desde el mes de noviembre de este a\u00f1o y se extender\u00e1 hasta el 31 de marzo de 2026.<\/p>\n\n\n\n<p>El programa se enmarca en el dec\u00e1logo aprobado por la Resoluci\u00f3n TdeC N\u00ba 101\/2013 y busca promover \u201cuna cultura institucional basada en la responsabilidad social y ambiental\u201d. Seg\u00fan comunic\u00f3 la entidad, esta pol\u00edtica se alinea con los Objetivos de Desarrollo Sostenible (ODS) N\u00ba 7, 12 y 13.<\/p>\n","protected":false},"excerpt":{"rendered":"<p>El Tribunal de Cuentas de La Pampa (TdeC) inform\u00f3 que durante el mes de enero desarrollar\u00e1 sus tareas en su horario habitual de 7 a 13:30 horas. La decisi\u00f3n fue establecida por la Resoluci\u00f3n N\u00ba 230\/2025 e implica que el organismo no adherir\u00e1 a la reducci\u00f3n de la jornada laboral dispuesta por el Poder Ejecutivo &hellip;<\/p>\n","protected":false},"author":4,"featured_media":7303,"comment_status":"open","ping_status":"open","sticky":false,"template":"","format":"standard","meta":{"footnotes":""},"categories":[1],"tags":[],"class_list":["post-7290","post","type-post","status-publish","format-standard","has-post-thumbnail","","category-uncategorized"],"yoast_head":"<!-- This site is optimized with the Yoast SEO plugin v19.9 - https:\/\/yoast.com\/wordpress\/plugins\/seo\/ -->\n<title>El Tribunal de Cuentas de La Pampa no adhiere a la jornada reducida y mantendr\u00e1 su horario habitual en enero - RADIO LLANURA<\/title>\n<meta name=\"robots\" content=\"index, follow, max-snippet:-1, max-image-preview:large, max-video-preview:-1\" \/>\n<link rel=\"canonical\" href=\"https:\/\/fmllanura.com\/?p=7290\" \/>\n<meta property=\"og:locale\" content=\"es_ES\" \/>\n<meta property=\"og:type\" content=\"article\" \/>\n<meta property=\"og:title\" content=\"El Tribunal de Cuentas de La Pampa no adhiere a la jornada reducida y mantendr\u00e1 su horario habitual en enero - RADIO LLANURA\" \/>\n<meta property=\"og:description\" content=\"El Tribunal de Cuentas de La Pampa (TdeC) inform\u00f3 que durante el mes de enero desarrollar\u00e1 sus tareas en su horario habitual de 7 a 13:30 horas. La decisi\u00f3n fue establecida por la Resoluci\u00f3n N\u00ba 230\/2025 e implica que el organismo no adherir\u00e1 a la reducci\u00f3n de la jornada laboral dispuesta por el Poder Ejecutivo &hellip;\" \/>\n<meta property=\"og:url\" content=\"https:\/\/fmllanura.com\/?p=7290\" \/>\n<meta property=\"og:site_name\" content=\"RADIO LLANURA\" \/>\n<meta property=\"article:published_time\" content=\"2025-12-22T19:16:57+00:00\" \/>\n<meta property=\"article:modified_time\" content=\"2025-12-22T19:16:58+00:00\" \/>\n<meta property=\"og:image\" content=\"https:\/\/fmllanura.com\/wp-content\/uploads\/2025\/12\/1766430837040352362247500056792.jpg\" \/>\n\t<meta property=\"og:image:width\" content=\"1420\" \/>\n\t<meta property=\"og:image:height\" content=\"800\" \/>\n\t<meta property=\"og:image:type\" content=\"image\/jpeg\" \/>\n<meta name=\"author\" content=\"llanura\" \/>\n<meta name=\"twitter:card\" content=\"summary_large_image\" \/>\n<meta name=\"twitter:label1\" content=\"Escrito por\" \/>\n\t<meta name=\"twitter:data1\" content=\"llanura\" \/>\n\t<meta name=\"twitter:label2\" content=\"Tiempo de lectura\" \/>\n\t<meta name=\"twitter:data2\" content=\"1 minuto\" \/>\n<script type=\"application\/ld+json\" class=\"yoast-schema-graph\">{\"@context\":\"https:\/\/schema.org\",\"@graph\":[{\"@type\":\"WebPage\",\"@id\":\"https:\/\/fmllanura.com\/?p=7290\",\"url\":\"https:\/\/fmllanura.com\/?p=7290\",\"name\":\"El Tribunal de Cuentas de La Pampa no adhiere a la jornada reducida y mantendr\u00e1 su horario habitual en enero - RADIO LLANURA\",\"isPartOf\":{\"@id\":\"https:\/\/fmllanura.com\/#website\"},\"datePublished\":\"2025-12-22T19:16:57+00:00\",\"dateModified\":\"2025-12-22T19:16:58+00:00\",\"author\":{\"@id\":\"https:\/\/fmllanura.com\/#\/schema\/person\/dd4b4843c2293cd8d5995d115dbd5e96\"},\"breadcrumb\":{\"@id\":\"https:\/\/fmllanura.com\/?p=7290#breadcrumb\"},\"inLanguage\":\"es\",\"potentialAction\":[{\"@type\":\"ReadAction\",\"target\":[\"https:\/\/fmllanura.com\/?p=7290\"]}]},{\"@type\":\"BreadcrumbList\",\"@id\":\"https:\/\/fmllanura.com\/?p=7290#breadcrumb\",\"itemListElement\":[{\"@type\":\"ListItem\",\"position\":1,\"name\":\"Portada\",\"item\":\"https:\/\/fmllanura.com\/\"},{\"@type\":\"ListItem\",\"position\":2,\"name\":\"El Tribunal de Cuentas de La Pampa no adhiere a la jornada reducida y mantendr\u00e1 su horario habitual en enero\"}]},{\"@type\":\"WebSite\",\"@id\":\"https:\/\/fmllanura.com\/#website\",\"url\":\"https:\/\/fmllanura.com\/\",\"name\":\"RADIO LLANURA\",\"description\":\"\",\"potentialAction\":[{\"@type\":\"SearchAction\",\"target\":{\"@type\":\"EntryPoint\",\"urlTemplate\":\"https:\/\/fmllanura.com\/?s={search_term_string}\"},\"query-input\":\"required name=search_term_string\"}],\"inLanguage\":\"es\"},{\"@type\":\"Person\",\"@id\":\"https:\/\/fmllanura.com\/#\/schema\/person\/dd4b4843c2293cd8d5995d115dbd5e96\",\"name\":\"llanura\",\"image\":{\"@type\":\"ImageObject\",\"inLanguage\":\"es\",\"@id\":\"https:\/\/fmllanura.com\/#\/schema\/person\/image\/\",\"url\":\"https:\/\/secure.gravatar.com\/avatar\/f6ee1541937ff3e68dac011173779bde?s=96&d=mm&r=g\",\"contentUrl\":\"https:\/\/secure.gravatar.com\/avatar\/f6ee1541937ff3e68dac011173779bde?s=96&d=mm&r=g\",\"caption\":\"llanura\"},\"url\":\"https:\/\/fmllanura.com\/?author=4\"}]}<\/script>\n<!-- \/ Yoast SEO plugin. -->","yoast_head_json":{"title":"El Tribunal de Cuentas de La Pampa no adhiere a la jornada reducida y mantendr\u00e1 su horario habitual en enero - RADIO LLANURA","robots":{"index":"index","follow":"follow","max-snippet":"max-snippet:-1","max-image-preview":"max-image-preview:large","max-video-preview":"max-video-preview:-1"},"canonical":"https:\/\/fmllanura.com\/?p=7290","og_locale":"es_ES","og_type":"article","og_title":"El Tribunal de Cuentas de La Pampa no adhiere a la jornada reducida y mantendr\u00e1 su horario habitual en enero - RADIO LLANURA","og_description":"El Tribunal de Cuentas de La Pampa (TdeC) inform\u00f3 que durante el mes de enero desarrollar\u00e1 sus tareas en su horario habitual de 7 a 13:30 horas. La decisi\u00f3n fue establecida por la Resoluci\u00f3n N\u00ba 230\/2025 e implica que el organismo no adherir\u00e1 a la reducci\u00f3n de la jornada laboral dispuesta por el Poder Ejecutivo &hellip;","og_url":"https:\/\/fmllanura.com\/?p=7290","og_site_name":"RADIO LLANURA","article_published_time":"2025-12-22T19:16:57+00:00","article_modified_time":"2025-12-22T19:16:58+00:00","og_image":[{"width":1420,"height":800,"url":"https:\/\/fmllanura.com\/wp-content\/uploads\/2025\/12\/1766430837040352362247500056792.jpg","type":"image\/jpeg"}],"author":"llanura","twitter_card":"summary_large_image","twitter_misc":{"Escrito por":"llanura","Tiempo de lectura":"1 minuto"},"schema":{"@context":"https:\/\/schema.org","@graph":[{"@type":"WebPage","@id":"https:\/\/fmllanura.com\/?p=7290","url":"https:\/\/fmllanura.com\/?p=7290","name":"El Tribunal de Cuentas de La Pampa no adhiere a la jornada reducida y mantendr\u00e1 su horario habitual en enero - RADIO LLANURA","isPartOf":{"@id":"https:\/\/fmllanura.com\/#website"},"datePublished":"2025-12-22T19:16:57+00:00","dateModified":"2025-12-22T19:16:58+00:00","author":{"@id":"https:\/\/fmllanura.com\/#\/schema\/person\/dd4b4843c2293cd8d5995d115dbd5e96"},"breadcrumb":{"@id":"https:\/\/fmllanura.com\/?p=7290#breadcrumb"},"inLanguage":"es","potentialAction":[{"@type":"ReadAction","target":["https:\/\/fmllanura.com\/?p=7290"]}]},{"@type":"BreadcrumbList","@id":"https:\/\/fmllanura.com\/?p=7290#breadcrumb","itemListElement":[{"@type":"ListItem","position":1,"name":"Portada","item":"https:\/\/fmllanura.com\/"},{"@type":"ListItem","position":2,"name":"El Tribunal de Cuentas de La Pampa no adhiere a la jornada reducida y mantendr\u00e1 su horario habitual en enero"}]},{"@type":"WebSite","@id":"https:\/\/fmllanura.com\/#website","url":"https:\/\/fmllanura.com\/","name":"RADIO LLANURA","description":"","potentialAction":[{"@type":"SearchAction","target":{"@type":"EntryPoint","urlTemplate":"https:\/\/fmllanura.com\/?s={search_term_string}"},"query-input":"required name=search_term_string"}],"inLanguage":"es"},{"@type":"Person","@id":"https:\/\/fmllanura.com\/#\/schema\/person\/dd4b4843c2293cd8d5995d115dbd5e96","name":"llanura","image":{"@type":"ImageObject","inLanguage":"es","@id":"https:\/\/fmllanura.com\/#\/schema\/person\/image\/","url":"https:\/\/secure.gravatar.com\/avatar\/f6ee1541937ff3e68dac011173779bde?s=96&d=mm&r=g","contentUrl":"https:\/\/secure.gravatar.com\/avatar\/f6ee1541937ff3e68dac011173779bde?s=96&d=mm&r=g","caption":"llanura"},"url":"https:\/\/fmllanura.com\/?author=4"}]}},"_links":{"self":[{"href":"https:\/\/fmllanura.com\/index.php?rest_route=\/wp\/v2\/posts\/7290"}],"collection":[{"href":"https:\/\/fmllanura.com\/index.php?rest_route=\/wp\/v2\/posts"}],"about":[{"href":"https:\/\/fmllanura.com\/index.php?rest_route=\/wp\/v2\/types\/post"}],"author":[{"embeddable":true,"href":"https:\/\/fmllanura.com\/index.php?rest_route=\/wp\/v2\/users\/4"}],"replies":[{"embeddable":true,"href":"https:\/\/fmllanura.com\/index.php?rest_route=%2Fwp%2Fv2%2Fcomments&post=7290"}],"version-history":[{"count":1,"href":"https:\/\/fmllanura.com\/index.php?rest_route=\/wp\/v2\/posts\/7290\/revisions"}],"predecessor-version":[{"id":7304,"href":"https:\/\/fmllanura.com\/index.php?rest_route=\/wp\/v2\/posts\/7290\/revisions\/7304"}],"wp:featuredmedia":[{"embeddable":true,"href":"https:\/\/fmllanura.com\/index.php?rest_route=\/wp\/v2\/media\/7303"}],"wp:attachment":[{"href":"https:\/\/fmllanura.com\/index.php?rest_route=%2Fwp%2Fv2%2Fmedia&parent=7290"}],"wp:term":[{"taxonomy":"category","embeddable":true,"href":"https:\/\/fmllanura.com\/index.php?rest_route=%2Fwp%2Fv2%2Fcategories&post=7290"},{"taxonomy":"post_tag","embeddable":true,"href":"https:\/\/fmllanura.com\/index.php?rest_route=%2Fwp%2Fv2%2Ftags&post=7290"}],"curies":[{"name":"wp","href":"https:\/\/api.w.org\/{rel}","templated":true}]}}