{"id":7293,"date":"2025-12-22T19:20:47","date_gmt":"2025-12-22T19:20:47","guid":{"rendered":"https:\/\/fmllanura.com\/?p=7293"},"modified":"2025-12-22T19:20:49","modified_gmt":"2025-12-22T19:20:49","slug":"investigaran-el-accionar-policial-y-el-estado-del-arma-tras-los-incidentes-a-la-salida-de-un-cumpleanos-de-15-en-general-pico","status":"publish","type":"post","link":"https:\/\/fmllanura.com\/?p=7293","title":{"rendered":"Investigar\u00e1n el accionar policial y el estado del arma tras los incidentes a la salida de un cumplea\u00f1os de 15 en General Pico"},"content":{"rendered":"\n<figure class=\"wp-block-image size-large\"><img loading=\"lazy\" decoding=\"async\" width=\"1024\" height=\"662\" src=\"https:\/\/fmllanura.com\/wp-content\/uploads\/2025\/12\/17664311661906264234551822636802-1024x662.jpg\" alt=\"\" class=\"wp-image-7309\" srcset=\"https:\/\/fmllanura.com\/wp-content\/uploads\/2025\/12\/17664311661906264234551822636802-1024x662.jpg 1024w, https:\/\/fmllanura.com\/wp-content\/uploads\/2025\/12\/17664311661906264234551822636802-300x194.jpg 300w, https:\/\/fmllanura.com\/wp-content\/uploads\/2025\/12\/17664311661906264234551822636802-768x497.jpg 768w, https:\/\/fmllanura.com\/wp-content\/uploads\/2025\/12\/17664311661906264234551822636802.jpg 1058w\" sizes=\"(max-width: 1024px) 100vw, 1024px\" \/><\/figure>\n\n\n\n<p>El Fiscal General Armando Ag\u00fcero confirm\u00f3 el secuestro de la escopeta utilizada durante los disturbios ocurridos el fin de semana en calles 21 y 2. Se busca determinar si hubo una falla mec\u00e1nica o negligencia en el disparo que hiri\u00f3 a un joven.<\/p>\n\n\n\n<p>Durante la madrugada del domingo, un conflicto desatado a la salida de un evento privado en la intersecci\u00f3n de calle 21 y 2 termin\u00f3 con la intervenci\u00f3n policial y un joven herido por perdigones de goma. En di\u00e1logo con INFOPICO RADIO 99.9, el Fiscal General Armando Ag\u00fcero brind\u00f3 detalles sobre la investigaci\u00f3n en curso, poniendo el foco en el uso de la fuerza y el estado t\u00e9cnico del armamento utilizado.Seg\u00fan explic\u00f3 el funcionario judicial, los hechos se desencadenaron tras un cumplea\u00f1os de 15, cuando se produjo una gresca en la v\u00eda p\u00fablica que involucr\u00f3 a \u201cun mont\u00f3n de personas, mayores y menores de edad\u201d. Ante la magnitud de la pelea, efectivos policiales acudieron al lugar y solicitaron refuerzos. En ese contexto, se efectu\u00f3 un disparo con una escopeta 12\/70 cargada con cartuchos antitumulto.Lesiones y periciasEl disparo impact\u00f3 en un joven de 22 a\u00f1os, quien minutos m\u00e1s tarde fue asistido por el Servicio de Emergencias M\u00e9dicas (SEM) en calles 21 y 4, y posteriormente trasladado al hospital. Ag\u00fcero confirm\u00f3 que el herido sufri\u00f3 \u201clesiones leves producto de los impactos\u201d y que, tras las curaciones, fue dado de alta, quedando en libertad al igual que los otros demorados durante el incidente.Sin embargo, el eje central de la causa recae ahora sobre la legitimidad del disparo. \u201cLo que tengo que evaluar es el uso del arma de fuego, si se encontraba o no en condiciones y si el polic\u00eda en esas circunstancias pod\u00eda o no utilizarla\u201d, se\u00f1al\u00f3 el Fiscal General.La hip\u00f3tesis de la falla mec\u00e1nicaUn dato clave aportado por Ag\u00fcero es que el arma en cuesti\u00f3n hab\u00eda regresado recientemente del taller de la armer\u00eda de la Jefatura de Polic\u00eda debido a un desperfecto previo. El efectivo involucrado manifest\u00f3 que el disparo fue accidental y se produjo al accionar la \u201cchimaza\u201d (la corredera utilizada para recargar) sin intenci\u00f3n de percutir.\u201cEl arma la tenemos secuestrada para peritar\u201d, afirm\u00f3 Ag\u00fcero, y agreg\u00f3: \u201cHay que determinar si el arma se accion\u00f3 accidentalmente. A veces el sistema falla y acciona la aguja percutora provocando la explosi\u00f3n del cartucho\u201d.<\/p>\n\n\n\n<p>La justicia deber\u00e1 esclarecer ahora si se trat\u00f3 de una falla t\u00e9cnica persistente o si existi\u00f3 una conducta voluntaria o imprudente por parte del uniformado. Dependiendo de los resultados de las pericias, el caso podr\u00eda derivar en consecuencias administrativas o penales.<\/p>\n","protected":false},"excerpt":{"rendered":"<p>El Fiscal General Armando Ag\u00fcero confirm\u00f3 el secuestro de la escopeta utilizada durante los disturbios ocurridos el fin de semana en calles 21 y 2. Se busca determinar si hubo una falla mec\u00e1nica o negligencia en el disparo que hiri\u00f3 a un joven. Durante la madrugada del domingo, un conflicto desatado a la salida de &hellip;<\/p>\n","protected":false},"author":4,"featured_media":7309,"comment_status":"open","ping_status":"open","sticky":false,"template":"","format":"standard","meta":{"footnotes":""},"categories":[1],"tags":[],"class_list":["post-7293","post","type-post","status-publish","format-standard","has-post-thumbnail","","category-uncategorized"],"yoast_head":"<!-- This site is optimized with the Yoast SEO plugin v19.9 - https:\/\/yoast.com\/wordpress\/plugins\/seo\/ -->\n<title>Investigar\u00e1n el accionar policial y el estado del arma tras los incidentes a la salida de un cumplea\u00f1os de 15 en General Pico - RADIO LLANURA<\/title>\n<meta name=\"robots\" content=\"index, follow, max-snippet:-1, max-image-preview:large, max-video-preview:-1\" \/>\n<link rel=\"canonical\" href=\"https:\/\/fmllanura.com\/?p=7293\" \/>\n<meta property=\"og:locale\" content=\"es_ES\" \/>\n<meta property=\"og:type\" content=\"article\" \/>\n<meta property=\"og:title\" content=\"Investigar\u00e1n el accionar policial y el estado del arma tras los incidentes a la salida de un cumplea\u00f1os de 15 en General Pico - RADIO LLANURA\" \/>\n<meta property=\"og:description\" content=\"El Fiscal General Armando Ag\u00fcero confirm\u00f3 el secuestro de la escopeta utilizada durante los disturbios ocurridos el fin de semana en calles 21 y 2. Se busca determinar si hubo una falla mec\u00e1nica o negligencia en el disparo que hiri\u00f3 a un joven. Durante la madrugada del domingo, un conflicto desatado a la salida de &hellip;\" \/>\n<meta property=\"og:url\" content=\"https:\/\/fmllanura.com\/?p=7293\" \/>\n<meta property=\"og:site_name\" content=\"RADIO LLANURA\" \/>\n<meta property=\"article:published_time\" content=\"2025-12-22T19:20:47+00:00\" \/>\n<meta property=\"article:modified_time\" content=\"2025-12-22T19:20:49+00:00\" \/>\n<meta property=\"og:image\" content=\"https:\/\/fmllanura.com\/wp-content\/uploads\/2025\/12\/17664311661906264234551822636802.jpg\" \/>\n\t<meta property=\"og:image:width\" content=\"1058\" \/>\n\t<meta property=\"og:image:height\" content=\"684\" \/>\n\t<meta property=\"og:image:type\" content=\"image\/jpeg\" \/>\n<meta name=\"author\" content=\"llanura\" \/>\n<meta name=\"twitter:card\" content=\"summary_large_image\" \/>\n<meta name=\"twitter:label1\" content=\"Escrito por\" \/>\n\t<meta name=\"twitter:data1\" content=\"llanura\" \/>\n\t<meta name=\"twitter:label2\" content=\"Tiempo de lectura\" \/>\n\t<meta name=\"twitter:data2\" content=\"3 minutos\" \/>\n<script type=\"application\/ld+json\" class=\"yoast-schema-graph\">{\"@context\":\"https:\/\/schema.org\",\"@graph\":[{\"@type\":\"WebPage\",\"@id\":\"https:\/\/fmllanura.com\/?p=7293\",\"url\":\"https:\/\/fmllanura.com\/?p=7293\",\"name\":\"Investigar\u00e1n el accionar policial y el estado del arma tras los incidentes a la salida de un cumplea\u00f1os de 15 en General Pico - RADIO LLANURA\",\"isPartOf\":{\"@id\":\"https:\/\/fmllanura.com\/#website\"},\"datePublished\":\"2025-12-22T19:20:47+00:00\",\"dateModified\":\"2025-12-22T19:20:49+00:00\",\"author\":{\"@id\":\"https:\/\/fmllanura.com\/#\/schema\/person\/dd4b4843c2293cd8d5995d115dbd5e96\"},\"breadcrumb\":{\"@id\":\"https:\/\/fmllanura.com\/?p=7293#breadcrumb\"},\"inLanguage\":\"es\",\"potentialAction\":[{\"@type\":\"ReadAction\",\"target\":[\"https:\/\/fmllanura.com\/?p=7293\"]}]},{\"@type\":\"BreadcrumbList\",\"@id\":\"https:\/\/fmllanura.com\/?p=7293#breadcrumb\",\"itemListElement\":[{\"@type\":\"ListItem\",\"position\":1,\"name\":\"Portada\",\"item\":\"https:\/\/fmllanura.com\/\"},{\"@type\":\"ListItem\",\"position\":2,\"name\":\"Investigar\u00e1n el accionar policial y el estado del arma tras los incidentes a la salida de un cumplea\u00f1os de 15 en General Pico\"}]},{\"@type\":\"WebSite\",\"@id\":\"https:\/\/fmllanura.com\/#website\",\"url\":\"https:\/\/fmllanura.com\/\",\"name\":\"RADIO LLANURA\",\"description\":\"\",\"potentialAction\":[{\"@type\":\"SearchAction\",\"target\":{\"@type\":\"EntryPoint\",\"urlTemplate\":\"https:\/\/fmllanura.com\/?s={search_term_string}\"},\"query-input\":\"required name=search_term_string\"}],\"inLanguage\":\"es\"},{\"@type\":\"Person\",\"@id\":\"https:\/\/fmllanura.com\/#\/schema\/person\/dd4b4843c2293cd8d5995d115dbd5e96\",\"name\":\"llanura\",\"image\":{\"@type\":\"ImageObject\",\"inLanguage\":\"es\",\"@id\":\"https:\/\/fmllanura.com\/#\/schema\/person\/image\/\",\"url\":\"https:\/\/secure.gravatar.com\/avatar\/f6ee1541937ff3e68dac011173779bde?s=96&d=mm&r=g\",\"contentUrl\":\"https:\/\/secure.gravatar.com\/avatar\/f6ee1541937ff3e68dac011173779bde?s=96&d=mm&r=g\",\"caption\":\"llanura\"},\"url\":\"https:\/\/fmllanura.com\/?author=4\"}]}<\/script>\n<!-- \/ Yoast SEO plugin. -->","yoast_head_json":{"title":"Investigar\u00e1n el accionar policial y el estado del arma tras los incidentes a la salida de un cumplea\u00f1os de 15 en General Pico - RADIO LLANURA","robots":{"index":"index","follow":"follow","max-snippet":"max-snippet:-1","max-image-preview":"max-image-preview:large","max-video-preview":"max-video-preview:-1"},"canonical":"https:\/\/fmllanura.com\/?p=7293","og_locale":"es_ES","og_type":"article","og_title":"Investigar\u00e1n el accionar policial y el estado del arma tras los incidentes a la salida de un cumplea\u00f1os de 15 en General Pico - RADIO LLANURA","og_description":"El Fiscal General Armando Ag\u00fcero confirm\u00f3 el secuestro de la escopeta utilizada durante los disturbios ocurridos el fin de semana en calles 21 y 2. Se busca determinar si hubo una falla mec\u00e1nica o negligencia en el disparo que hiri\u00f3 a un joven. Durante la madrugada del domingo, un conflicto desatado a la salida de &hellip;","og_url":"https:\/\/fmllanura.com\/?p=7293","og_site_name":"RADIO LLANURA","article_published_time":"2025-12-22T19:20:47+00:00","article_modified_time":"2025-12-22T19:20:49+00:00","og_image":[{"width":1058,"height":684,"url":"https:\/\/fmllanura.com\/wp-content\/uploads\/2025\/12\/17664311661906264234551822636802.jpg","type":"image\/jpeg"}],"author":"llanura","twitter_card":"summary_large_image","twitter_misc":{"Escrito por":"llanura","Tiempo de lectura":"3 minutos"},"schema":{"@context":"https:\/\/schema.org","@graph":[{"@type":"WebPage","@id":"https:\/\/fmllanura.com\/?p=7293","url":"https:\/\/fmllanura.com\/?p=7293","name":"Investigar\u00e1n el accionar policial y el estado del arma tras los incidentes a la salida de un cumplea\u00f1os de 15 en General Pico - RADIO LLANURA","isPartOf":{"@id":"https:\/\/fmllanura.com\/#website"},"datePublished":"2025-12-22T19:20:47+00:00","dateModified":"2025-12-22T19:20:49+00:00","author":{"@id":"https:\/\/fmllanura.com\/#\/schema\/person\/dd4b4843c2293cd8d5995d115dbd5e96"},"breadcrumb":{"@id":"https:\/\/fmllanura.com\/?p=7293#breadcrumb"},"inLanguage":"es","potentialAction":[{"@type":"ReadAction","target":["https:\/\/fmllanura.com\/?p=7293"]}]},{"@type":"BreadcrumbList","@id":"https:\/\/fmllanura.com\/?p=7293#breadcrumb","itemListElement":[{"@type":"ListItem","position":1,"name":"Portada","item":"https:\/\/fmllanura.com\/"},{"@type":"ListItem","position":2,"name":"Investigar\u00e1n el accionar policial y el estado del arma tras los incidentes a la salida de un cumplea\u00f1os de 15 en General Pico"}]},{"@type":"WebSite","@id":"https:\/\/fmllanura.com\/#website","url":"https:\/\/fmllanura.com\/","name":"RADIO LLANURA","description":"","potentialAction":[{"@type":"SearchAction","target":{"@type":"EntryPoint","urlTemplate":"https:\/\/fmllanura.com\/?s={search_term_string}"},"query-input":"required name=search_term_string"}],"inLanguage":"es"},{"@type":"Person","@id":"https:\/\/fmllanura.com\/#\/schema\/person\/dd4b4843c2293cd8d5995d115dbd5e96","name":"llanura","image":{"@type":"ImageObject","inLanguage":"es","@id":"https:\/\/fmllanura.com\/#\/schema\/person\/image\/","url":"https:\/\/secure.gravatar.com\/avatar\/f6ee1541937ff3e68dac011173779bde?s=96&d=mm&r=g","contentUrl":"https:\/\/secure.gravatar.com\/avatar\/f6ee1541937ff3e68dac011173779bde?s=96&d=mm&r=g","caption":"llanura"},"url":"https:\/\/fmllanura.com\/?author=4"}]}},"_links":{"self":[{"href":"https:\/\/fmllanura.com\/index.php?rest_route=\/wp\/v2\/posts\/7293"}],"collection":[{"href":"https:\/\/fmllanura.com\/index.php?rest_route=\/wp\/v2\/posts"}],"about":[{"href":"https:\/\/fmllanura.com\/index.php?rest_route=\/wp\/v2\/types\/post"}],"author":[{"embeddable":true,"href":"https:\/\/fmllanura.com\/index.php?rest_route=\/wp\/v2\/users\/4"}],"replies":[{"embeddable":true,"href":"https:\/\/fmllanura.com\/index.php?rest_route=%2Fwp%2Fv2%2Fcomments&post=7293"}],"version-history":[{"count":1,"href":"https:\/\/fmllanura.com\/index.php?rest_route=\/wp\/v2\/posts\/7293\/revisions"}],"predecessor-version":[{"id":7310,"href":"https:\/\/fmllanura.com\/index.php?rest_route=\/wp\/v2\/posts\/7293\/revisions\/7310"}],"wp:featuredmedia":[{"embeddable":true,"href":"https:\/\/fmllanura.com\/index.php?rest_route=\/wp\/v2\/media\/7309"}],"wp:attachment":[{"href":"https:\/\/fmllanura.com\/index.php?rest_route=%2Fwp%2Fv2%2Fmedia&parent=7293"}],"wp:term":[{"taxonomy":"category","embeddable":true,"href":"https:\/\/fmllanura.com\/index.php?rest_route=%2Fwp%2Fv2%2Fcategories&post=7293"},{"taxonomy":"post_tag","embeddable":true,"href":"https:\/\/fmllanura.com\/index.php?rest_route=%2Fwp%2Fv2%2Ftags&post=7293"}],"curies":[{"name":"wp","href":"https:\/\/api.w.org\/{rel}","templated":true}]}}