{"id":7373,"date":"2025-12-26T14:33:00","date_gmt":"2025-12-26T14:33:00","guid":{"rendered":"https:\/\/fmllanura.com\/?p=7373"},"modified":"2025-12-26T14:33:01","modified_gmt":"2025-12-26T14:33:01","slug":"impresionante-choque-de-un-motociclista-contra-una-columna-en-pico","status":"publish","type":"post","link":"https:\/\/fmllanura.com\/?p=7373","title":{"rendered":"Impresionante choque de un motociclista contra una columna en Pico"},"content":{"rendered":"\n<figure class=\"wp-block-image size-full\"><img loading=\"lazy\" decoding=\"async\" width=\"752\" height=\"440\" src=\"https:\/\/fmllanura.com\/wp-content\/uploads\/2025\/12\/17667595419151525038952498760221.jpg\" alt=\"\" class=\"wp-image-7386\" srcset=\"https:\/\/fmllanura.com\/wp-content\/uploads\/2025\/12\/17667595419151525038952498760221.jpg 752w, https:\/\/fmllanura.com\/wp-content\/uploads\/2025\/12\/17667595419151525038952498760221-300x176.jpg 300w\" sizes=\"(max-width: 752px) 100vw, 752px\" \/><\/figure>\n\n\n\n<p>El motociclista ven\u00eda circulando sobre la intersecci\u00f3n y en cercan\u00eda a la \u00abRotonda de Per\u00f3n\u00bb perdi\u00f3 el control, mordi\u00f3 la banquina y termin\u00f3 chocando con su Honda Twister 250 cc. contra una columna de iluminaci\u00f3n. Ocurri\u00f3 pasadas las 11:00 horas de este jueves sobre Avenida Isidoro Brunengo. El joven tiene 23 a\u00f1os de edad y debido a las lesiones tuvo que ser hospitalizado de urgencia.Personal del Servicio de Emergencias M\u00e9dicas, lo asisti\u00f3 y traslad\u00f3 hacia el hospital Gobernador Centeno con una fractura de tibia y peron\u00e9, consign\u00f3 Pampadiario. Trabaj\u00f3 tambi\u00e9n personal policial de Siniestros Viales. <\/p>\n","protected":false},"excerpt":{"rendered":"<p>El motociclista ven\u00eda circulando sobre la intersecci\u00f3n y en cercan\u00eda a la \u00abRotonda de Per\u00f3n\u00bb perdi\u00f3 el control, mordi\u00f3 la banquina y termin\u00f3 chocando con su Honda Twister 250 cc. contra una columna de iluminaci\u00f3n. Ocurri\u00f3 pasadas las 11:00 horas de este jueves sobre Avenida Isidoro Brunengo. El joven tiene 23 a\u00f1os de edad y &hellip;<\/p>\n","protected":false},"author":4,"featured_media":7386,"comment_status":"open","ping_status":"open","sticky":false,"template":"","format":"standard","meta":{"footnotes":""},"categories":[1],"tags":[],"class_list":["post-7373","post","type-post","status-publish","format-standard","has-post-thumbnail","","category-uncategorized"],"yoast_head":"<!-- This site is optimized with the Yoast SEO plugin v19.9 - https:\/\/yoast.com\/wordpress\/plugins\/seo\/ -->\n<title>Impresionante choque de un motociclista contra una columna en Pico - RADIO LLANURA<\/title>\n<meta name=\"robots\" content=\"index, follow, max-snippet:-1, max-image-preview:large, max-video-preview:-1\" \/>\n<link rel=\"canonical\" href=\"https:\/\/fmllanura.com\/?p=7373\" \/>\n<meta property=\"og:locale\" content=\"es_ES\" \/>\n<meta property=\"og:type\" content=\"article\" \/>\n<meta property=\"og:title\" content=\"Impresionante choque de un motociclista contra una columna en Pico - RADIO LLANURA\" \/>\n<meta property=\"og:description\" content=\"El motociclista ven\u00eda circulando sobre la intersecci\u00f3n y en cercan\u00eda a la \u00abRotonda de Per\u00f3n\u00bb perdi\u00f3 el control, mordi\u00f3 la banquina y termin\u00f3 chocando con su Honda Twister 250 cc. contra una columna de iluminaci\u00f3n. Ocurri\u00f3 pasadas las 11:00 horas de este jueves sobre Avenida Isidoro Brunengo. El joven tiene 23 a\u00f1os de edad y &hellip;\" \/>\n<meta property=\"og:url\" content=\"https:\/\/fmllanura.com\/?p=7373\" \/>\n<meta property=\"og:site_name\" content=\"RADIO LLANURA\" \/>\n<meta property=\"article:published_time\" content=\"2025-12-26T14:33:00+00:00\" \/>\n<meta property=\"article:modified_time\" content=\"2025-12-26T14:33:01+00:00\" \/>\n<meta property=\"og:image\" content=\"https:\/\/fmllanura.com\/wp-content\/uploads\/2025\/12\/17667595419151525038952498760221.jpg\" \/>\n\t<meta property=\"og:image:width\" content=\"752\" \/>\n\t<meta property=\"og:image:height\" content=\"440\" \/>\n\t<meta property=\"og:image:type\" content=\"image\/jpeg\" \/>\n<meta name=\"author\" content=\"llanura\" \/>\n<meta name=\"twitter:card\" content=\"summary_large_image\" \/>\n<meta name=\"twitter:label1\" content=\"Escrito por\" \/>\n\t<meta name=\"twitter:data1\" content=\"llanura\" \/>\n\t<meta name=\"twitter:label2\" content=\"Tiempo de lectura\" \/>\n\t<meta name=\"twitter:data2\" content=\"1 minuto\" \/>\n<script type=\"application\/ld+json\" class=\"yoast-schema-graph\">{\"@context\":\"https:\/\/schema.org\",\"@graph\":[{\"@type\":\"WebPage\",\"@id\":\"https:\/\/fmllanura.com\/?p=7373\",\"url\":\"https:\/\/fmllanura.com\/?p=7373\",\"name\":\"Impresionante choque de un motociclista contra una columna en Pico - RADIO LLANURA\",\"isPartOf\":{\"@id\":\"https:\/\/fmllanura.com\/#website\"},\"datePublished\":\"2025-12-26T14:33:00+00:00\",\"dateModified\":\"2025-12-26T14:33:01+00:00\",\"author\":{\"@id\":\"https:\/\/fmllanura.com\/#\/schema\/person\/dd4b4843c2293cd8d5995d115dbd5e96\"},\"breadcrumb\":{\"@id\":\"https:\/\/fmllanura.com\/?p=7373#breadcrumb\"},\"inLanguage\":\"es\",\"potentialAction\":[{\"@type\":\"ReadAction\",\"target\":[\"https:\/\/fmllanura.com\/?p=7373\"]}]},{\"@type\":\"BreadcrumbList\",\"@id\":\"https:\/\/fmllanura.com\/?p=7373#breadcrumb\",\"itemListElement\":[{\"@type\":\"ListItem\",\"position\":1,\"name\":\"Portada\",\"item\":\"https:\/\/fmllanura.com\/\"},{\"@type\":\"ListItem\",\"position\":2,\"name\":\"Impresionante choque de un motociclista contra una columna en Pico\"}]},{\"@type\":\"WebSite\",\"@id\":\"https:\/\/fmllanura.com\/#website\",\"url\":\"https:\/\/fmllanura.com\/\",\"name\":\"RADIO LLANURA\",\"description\":\"\",\"potentialAction\":[{\"@type\":\"SearchAction\",\"target\":{\"@type\":\"EntryPoint\",\"urlTemplate\":\"https:\/\/fmllanura.com\/?s={search_term_string}\"},\"query-input\":\"required name=search_term_string\"}],\"inLanguage\":\"es\"},{\"@type\":\"Person\",\"@id\":\"https:\/\/fmllanura.com\/#\/schema\/person\/dd4b4843c2293cd8d5995d115dbd5e96\",\"name\":\"llanura\",\"image\":{\"@type\":\"ImageObject\",\"inLanguage\":\"es\",\"@id\":\"https:\/\/fmllanura.com\/#\/schema\/person\/image\/\",\"url\":\"https:\/\/secure.gravatar.com\/avatar\/f6ee1541937ff3e68dac011173779bde?s=96&d=mm&r=g\",\"contentUrl\":\"https:\/\/secure.gravatar.com\/avatar\/f6ee1541937ff3e68dac011173779bde?s=96&d=mm&r=g\",\"caption\":\"llanura\"},\"url\":\"https:\/\/fmllanura.com\/?author=4\"}]}<\/script>\n<!-- \/ Yoast SEO plugin. -->","yoast_head_json":{"title":"Impresionante choque de un motociclista contra una columna en Pico - RADIO LLANURA","robots":{"index":"index","follow":"follow","max-snippet":"max-snippet:-1","max-image-preview":"max-image-preview:large","max-video-preview":"max-video-preview:-1"},"canonical":"https:\/\/fmllanura.com\/?p=7373","og_locale":"es_ES","og_type":"article","og_title":"Impresionante choque de un motociclista contra una columna en Pico - RADIO LLANURA","og_description":"El motociclista ven\u00eda circulando sobre la intersecci\u00f3n y en cercan\u00eda a la \u00abRotonda de Per\u00f3n\u00bb perdi\u00f3 el control, mordi\u00f3 la banquina y termin\u00f3 chocando con su Honda Twister 250 cc. contra una columna de iluminaci\u00f3n. Ocurri\u00f3 pasadas las 11:00 horas de este jueves sobre Avenida Isidoro Brunengo. El joven tiene 23 a\u00f1os de edad y &hellip;","og_url":"https:\/\/fmllanura.com\/?p=7373","og_site_name":"RADIO LLANURA","article_published_time":"2025-12-26T14:33:00+00:00","article_modified_time":"2025-12-26T14:33:01+00:00","og_image":[{"width":752,"height":440,"url":"https:\/\/fmllanura.com\/wp-content\/uploads\/2025\/12\/17667595419151525038952498760221.jpg","type":"image\/jpeg"}],"author":"llanura","twitter_card":"summary_large_image","twitter_misc":{"Escrito por":"llanura","Tiempo de lectura":"1 minuto"},"schema":{"@context":"https:\/\/schema.org","@graph":[{"@type":"WebPage","@id":"https:\/\/fmllanura.com\/?p=7373","url":"https:\/\/fmllanura.com\/?p=7373","name":"Impresionante choque de un motociclista contra una columna en Pico - RADIO LLANURA","isPartOf":{"@id":"https:\/\/fmllanura.com\/#website"},"datePublished":"2025-12-26T14:33:00+00:00","dateModified":"2025-12-26T14:33:01+00:00","author":{"@id":"https:\/\/fmllanura.com\/#\/schema\/person\/dd4b4843c2293cd8d5995d115dbd5e96"},"breadcrumb":{"@id":"https:\/\/fmllanura.com\/?p=7373#breadcrumb"},"inLanguage":"es","potentialAction":[{"@type":"ReadAction","target":["https:\/\/fmllanura.com\/?p=7373"]}]},{"@type":"BreadcrumbList","@id":"https:\/\/fmllanura.com\/?p=7373#breadcrumb","itemListElement":[{"@type":"ListItem","position":1,"name":"Portada","item":"https:\/\/fmllanura.com\/"},{"@type":"ListItem","position":2,"name":"Impresionante choque de un motociclista contra una columna en Pico"}]},{"@type":"WebSite","@id":"https:\/\/fmllanura.com\/#website","url":"https:\/\/fmllanura.com\/","name":"RADIO LLANURA","description":"","potentialAction":[{"@type":"SearchAction","target":{"@type":"EntryPoint","urlTemplate":"https:\/\/fmllanura.com\/?s={search_term_string}"},"query-input":"required name=search_term_string"}],"inLanguage":"es"},{"@type":"Person","@id":"https:\/\/fmllanura.com\/#\/schema\/person\/dd4b4843c2293cd8d5995d115dbd5e96","name":"llanura","image":{"@type":"ImageObject","inLanguage":"es","@id":"https:\/\/fmllanura.com\/#\/schema\/person\/image\/","url":"https:\/\/secure.gravatar.com\/avatar\/f6ee1541937ff3e68dac011173779bde?s=96&d=mm&r=g","contentUrl":"https:\/\/secure.gravatar.com\/avatar\/f6ee1541937ff3e68dac011173779bde?s=96&d=mm&r=g","caption":"llanura"},"url":"https:\/\/fmllanura.com\/?author=4"}]}},"_links":{"self":[{"href":"https:\/\/fmllanura.com\/index.php?rest_route=\/wp\/v2\/posts\/7373"}],"collection":[{"href":"https:\/\/fmllanura.com\/index.php?rest_route=\/wp\/v2\/posts"}],"about":[{"href":"https:\/\/fmllanura.com\/index.php?rest_route=\/wp\/v2\/types\/post"}],"author":[{"embeddable":true,"href":"https:\/\/fmllanura.com\/index.php?rest_route=\/wp\/v2\/users\/4"}],"replies":[{"embeddable":true,"href":"https:\/\/fmllanura.com\/index.php?rest_route=%2Fwp%2Fv2%2Fcomments&post=7373"}],"version-history":[{"count":1,"href":"https:\/\/fmllanura.com\/index.php?rest_route=\/wp\/v2\/posts\/7373\/revisions"}],"predecessor-version":[{"id":7387,"href":"https:\/\/fmllanura.com\/index.php?rest_route=\/wp\/v2\/posts\/7373\/revisions\/7387"}],"wp:featuredmedia":[{"embeddable":true,"href":"https:\/\/fmllanura.com\/index.php?rest_route=\/wp\/v2\/media\/7386"}],"wp:attachment":[{"href":"https:\/\/fmllanura.com\/index.php?rest_route=%2Fwp%2Fv2%2Fmedia&parent=7373"}],"wp:term":[{"taxonomy":"category","embeddable":true,"href":"https:\/\/fmllanura.com\/index.php?rest_route=%2Fwp%2Fv2%2Fcategories&post=7373"},{"taxonomy":"post_tag","embeddable":true,"href":"https:\/\/fmllanura.com\/index.php?rest_route=%2Fwp%2Fv2%2Ftags&post=7373"}],"curies":[{"name":"wp","href":"https:\/\/api.w.org\/{rel}","templated":true}]}}