{"id":7378,"date":"2025-12-26T14:38:31","date_gmt":"2025-12-26T14:38:31","guid":{"rendered":"https:\/\/fmllanura.com\/?p=7378"},"modified":"2025-12-26T14:38:33","modified_gmt":"2025-12-26T14:38:33","slug":"feriados-2026-confirman-tres-dias-no-laborables-y-mas-fines-de-semana-extralargos","status":"publish","type":"post","link":"https:\/\/fmllanura.com\/?p=7378","title":{"rendered":"Feriados 2026: confirman tres d\u00edas no laborables y m\u00e1s fines de semana extralargos"},"content":{"rendered":"\n<figure class=\"wp-block-image size-large\"><img loading=\"lazy\" decoding=\"async\" width=\"1024\" height=\"614\" src=\"https:\/\/fmllanura.com\/wp-content\/uploads\/2025\/12\/17667598351412363917742745894662-1024x614.jpg\" alt=\"\" class=\"wp-image-7396\" srcset=\"https:\/\/fmllanura.com\/wp-content\/uploads\/2025\/12\/17667598351412363917742745894662-1024x614.jpg 1024w, https:\/\/fmllanura.com\/wp-content\/uploads\/2025\/12\/17667598351412363917742745894662-300x180.jpg 300w, https:\/\/fmllanura.com\/wp-content\/uploads\/2025\/12\/17667598351412363917742745894662-768x461.jpg 768w, https:\/\/fmllanura.com\/wp-content\/uploads\/2025\/12\/17667598351412363917742745894662.jpg 1200w\" sizes=\"(max-width: 1024px) 100vw, 1024px\" \/><\/figure>\n\n\n\n<p>Luego de la confirmaci\u00f3n de las fechas, abril y diciembre ser\u00edan los meses con mayor cantidad de d\u00edas feriados.El Gobierno nacional oficializ\u00f3 los feriados no laborables con fines tur\u00edsticos para 2026 a trav\u00e9s de la Resoluci\u00f3n 164\/2025, publicada en el Bolet\u00edn Oficial. La medida establece tres nuevos d\u00edas no laborables: lunes 23 de marzo, viernes 10 de julio y lunes 7 de diciembre, que se suman al calendario de feriados previsto por la Ley 27.399.<\/p>\n\n\n\n<p>Seg\u00fan se inform\u00f3, el objetivo es fomentar el turismo interno y facilitar la planificaci\u00f3n de actividades familiares y comerciales, generando fines de semana extralargos de cuatro d\u00edas. La normativa habilita al Poder Ejecutivo a fijar hasta tres d\u00edas anuales con fines tur\u00edsticos, siempre que coincidan con lunes o viernes.El lunes 23 de marzo permitir\u00e1 extender el descanso en torno al feriado del 24 de marzo, D\u00eda Nacional de la Memoria por la Verdad y la Justicia. El viernes 10 de julio se agregar\u00e1 al feriado del 9 de julio, D\u00eda de la Independencia, mientras que el lunes 7 de diciembre anteceder\u00e1 al feriado inamovible del 8 de diciembre, D\u00eda de la Inmaculada Concepci\u00f3n de Mar\u00eda.Las autoridades remarcaron que esta pol\u00edtica busca reducir la estacionalidad del sector tur\u00edstico y dinamizar actividades como la hoteler\u00eda, la gastronom\u00eda y el transporte, distribuyendo la demanda a lo largo del a\u00f1o.Con esta decisi\u00f3n, se\u00f1ala Infobae, el calendario 2026 quedar\u00e1 conformado con feriados inamovibles, trasladables y tres d\u00edas no laborables tur\u00edsticos que permitir\u00e1n varios fines de semana largos y dos fines de semana XL.<\/p>\n\n\n\n<p>EneroJueves 1: A\u00f1o Nuevo (feriado inamovible).FebreroLunes 16 y martes 17: Carnaval (feriados inamovibles).MarzoLunes 23: d\u00eda no laborable con fines tur\u00edsticos.Martes 24: D\u00eda Nacional de la Memoria por la Verdad y la Justicia (feriado inamovible).AbrilJueves 2: D\u00eda del Veterano y de los Ca\u00eddos en la Guerra de Malvinas (feriado inamovible) y, al mismo tiempo, coincidir\u00e1 con el Jueves Santo (d\u00eda no laborable).Viernes 3: Viernes Santo (feriado inamovible).MayoViernes 1: D\u00eda del Trabajador (feriado inamovible).Lunes 25: D\u00eda de la Revoluci\u00f3n de Mayo (feriado inamovible).JunioLunes 15: Paso a la Inmortalidad del General Don Mart\u00edn Miguel de G\u00fcemes (en realidad, la fecha se conmemora el 17, pero se trata de un feriado trasladable).S\u00e1bado 20: Paso a la Inmortalidad del General Don Manuel Belgrano (feriado inamovible).JulioJueves 9: D\u00eda de la Independencia (feriado inamovible).Viernes 10: d\u00eda no laborable con fines tur\u00edsticos.AgostoLunes 17: Paso a la Inmortalidad del General Don Jos\u00e9 de San Mart\u00edn (es considerado como un feriado trasladable, pero no se modificar\u00eda la fecha este a\u00f1o).OctubreLunes 12: D\u00eda del Respeto a la Diversidad Cultural (feriado trasladable, que este a\u00f1o permanecer\u00eda sin modificaciones como el 17 de agosto).NoviembreLunes 23: D\u00eda de la Soberan\u00eda Nacional (la fecha original ser\u00eda el viernes 20 de noviembre, pero las autoridades confirmaron el traspaso para que haya un fin de semana largo).DiciembreLunes 7: d\u00eda no laborable con fines tur\u00edsticos.Martes 8: D\u00eda de la Inmaculada Concepci\u00f3n de Mar\u00eda (feriado inamovible).Viernes 25: Navidad (feriado inamovible).<\/p>\n","protected":false},"excerpt":{"rendered":"<p>Luego de la confirmaci\u00f3n de las fechas, abril y diciembre ser\u00edan los meses con mayor cantidad de d\u00edas feriados.El Gobierno nacional oficializ\u00f3 los feriados no laborables con fines tur\u00edsticos para 2026 a trav\u00e9s de la Resoluci\u00f3n 164\/2025, publicada en el Bolet\u00edn Oficial. La medida establece tres nuevos d\u00edas no laborables: lunes 23 de marzo, viernes &hellip;<\/p>\n","protected":false},"author":4,"featured_media":7396,"comment_status":"open","ping_status":"open","sticky":false,"template":"","format":"standard","meta":{"footnotes":""},"categories":[1],"tags":[],"class_list":["post-7378","post","type-post","status-publish","format-standard","has-post-thumbnail","","category-uncategorized"],"yoast_head":"<!-- This site is optimized with the Yoast SEO plugin v19.9 - https:\/\/yoast.com\/wordpress\/plugins\/seo\/ -->\n<title>Feriados 2026: confirman tres d\u00edas no laborables y m\u00e1s fines de semana extralargos - RADIO LLANURA<\/title>\n<meta name=\"robots\" content=\"index, follow, max-snippet:-1, max-image-preview:large, max-video-preview:-1\" \/>\n<link rel=\"canonical\" href=\"https:\/\/fmllanura.com\/?p=7378\" \/>\n<meta property=\"og:locale\" content=\"es_ES\" \/>\n<meta property=\"og:type\" content=\"article\" \/>\n<meta property=\"og:title\" content=\"Feriados 2026: confirman tres d\u00edas no laborables y m\u00e1s fines de semana extralargos - RADIO LLANURA\" \/>\n<meta property=\"og:description\" content=\"Luego de la confirmaci\u00f3n de las fechas, abril y diciembre ser\u00edan los meses con mayor cantidad de d\u00edas feriados.El Gobierno nacional oficializ\u00f3 los feriados no laborables con fines tur\u00edsticos para 2026 a trav\u00e9s de la Resoluci\u00f3n 164\/2025, publicada en el Bolet\u00edn Oficial. La medida establece tres nuevos d\u00edas no laborables: lunes 23 de marzo, viernes &hellip;\" \/>\n<meta property=\"og:url\" content=\"https:\/\/fmllanura.com\/?p=7378\" \/>\n<meta property=\"og:site_name\" content=\"RADIO LLANURA\" \/>\n<meta property=\"article:published_time\" content=\"2025-12-26T14:38:31+00:00\" \/>\n<meta property=\"article:modified_time\" content=\"2025-12-26T14:38:33+00:00\" \/>\n<meta property=\"og:image\" content=\"https:\/\/fmllanura.com\/wp-content\/uploads\/2025\/12\/17667598351412363917742745894662.jpg\" \/>\n\t<meta property=\"og:image:width\" content=\"1200\" \/>\n\t<meta property=\"og:image:height\" content=\"720\" \/>\n\t<meta property=\"og:image:type\" content=\"image\/jpeg\" \/>\n<meta name=\"author\" content=\"llanura\" \/>\n<meta name=\"twitter:card\" content=\"summary_large_image\" \/>\n<meta name=\"twitter:label1\" content=\"Escrito por\" \/>\n\t<meta name=\"twitter:data1\" content=\"llanura\" \/>\n\t<meta name=\"twitter:label2\" content=\"Tiempo de lectura\" \/>\n\t<meta name=\"twitter:data2\" content=\"3 minutos\" \/>\n<script type=\"application\/ld+json\" class=\"yoast-schema-graph\">{\"@context\":\"https:\/\/schema.org\",\"@graph\":[{\"@type\":\"WebPage\",\"@id\":\"https:\/\/fmllanura.com\/?p=7378\",\"url\":\"https:\/\/fmllanura.com\/?p=7378\",\"name\":\"Feriados 2026: confirman tres d\u00edas no laborables y m\u00e1s fines de semana extralargos - RADIO LLANURA\",\"isPartOf\":{\"@id\":\"https:\/\/fmllanura.com\/#website\"},\"datePublished\":\"2025-12-26T14:38:31+00:00\",\"dateModified\":\"2025-12-26T14:38:33+00:00\",\"author\":{\"@id\":\"https:\/\/fmllanura.com\/#\/schema\/person\/dd4b4843c2293cd8d5995d115dbd5e96\"},\"breadcrumb\":{\"@id\":\"https:\/\/fmllanura.com\/?p=7378#breadcrumb\"},\"inLanguage\":\"es\",\"potentialAction\":[{\"@type\":\"ReadAction\",\"target\":[\"https:\/\/fmllanura.com\/?p=7378\"]}]},{\"@type\":\"BreadcrumbList\",\"@id\":\"https:\/\/fmllanura.com\/?p=7378#breadcrumb\",\"itemListElement\":[{\"@type\":\"ListItem\",\"position\":1,\"name\":\"Portada\",\"item\":\"https:\/\/fmllanura.com\/\"},{\"@type\":\"ListItem\",\"position\":2,\"name\":\"Feriados 2026: confirman tres d\u00edas no laborables y m\u00e1s fines de semana extralargos\"}]},{\"@type\":\"WebSite\",\"@id\":\"https:\/\/fmllanura.com\/#website\",\"url\":\"https:\/\/fmllanura.com\/\",\"name\":\"RADIO LLANURA\",\"description\":\"\",\"potentialAction\":[{\"@type\":\"SearchAction\",\"target\":{\"@type\":\"EntryPoint\",\"urlTemplate\":\"https:\/\/fmllanura.com\/?s={search_term_string}\"},\"query-input\":\"required name=search_term_string\"}],\"inLanguage\":\"es\"},{\"@type\":\"Person\",\"@id\":\"https:\/\/fmllanura.com\/#\/schema\/person\/dd4b4843c2293cd8d5995d115dbd5e96\",\"name\":\"llanura\",\"image\":{\"@type\":\"ImageObject\",\"inLanguage\":\"es\",\"@id\":\"https:\/\/fmllanura.com\/#\/schema\/person\/image\/\",\"url\":\"https:\/\/secure.gravatar.com\/avatar\/f6ee1541937ff3e68dac011173779bde?s=96&d=mm&r=g\",\"contentUrl\":\"https:\/\/secure.gravatar.com\/avatar\/f6ee1541937ff3e68dac011173779bde?s=96&d=mm&r=g\",\"caption\":\"llanura\"},\"url\":\"https:\/\/fmllanura.com\/?author=4\"}]}<\/script>\n<!-- \/ Yoast SEO plugin. -->","yoast_head_json":{"title":"Feriados 2026: confirman tres d\u00edas no laborables y m\u00e1s fines de semana extralargos - RADIO LLANURA","robots":{"index":"index","follow":"follow","max-snippet":"max-snippet:-1","max-image-preview":"max-image-preview:large","max-video-preview":"max-video-preview:-1"},"canonical":"https:\/\/fmllanura.com\/?p=7378","og_locale":"es_ES","og_type":"article","og_title":"Feriados 2026: confirman tres d\u00edas no laborables y m\u00e1s fines de semana extralargos - RADIO LLANURA","og_description":"Luego de la confirmaci\u00f3n de las fechas, abril y diciembre ser\u00edan los meses con mayor cantidad de d\u00edas feriados.El Gobierno nacional oficializ\u00f3 los feriados no laborables con fines tur\u00edsticos para 2026 a trav\u00e9s de la Resoluci\u00f3n 164\/2025, publicada en el Bolet\u00edn Oficial. La medida establece tres nuevos d\u00edas no laborables: lunes 23 de marzo, viernes &hellip;","og_url":"https:\/\/fmllanura.com\/?p=7378","og_site_name":"RADIO LLANURA","article_published_time":"2025-12-26T14:38:31+00:00","article_modified_time":"2025-12-26T14:38:33+00:00","og_image":[{"width":1200,"height":720,"url":"https:\/\/fmllanura.com\/wp-content\/uploads\/2025\/12\/17667598351412363917742745894662.jpg","type":"image\/jpeg"}],"author":"llanura","twitter_card":"summary_large_image","twitter_misc":{"Escrito por":"llanura","Tiempo de lectura":"3 minutos"},"schema":{"@context":"https:\/\/schema.org","@graph":[{"@type":"WebPage","@id":"https:\/\/fmllanura.com\/?p=7378","url":"https:\/\/fmllanura.com\/?p=7378","name":"Feriados 2026: confirman tres d\u00edas no laborables y m\u00e1s fines de semana extralargos - RADIO LLANURA","isPartOf":{"@id":"https:\/\/fmllanura.com\/#website"},"datePublished":"2025-12-26T14:38:31+00:00","dateModified":"2025-12-26T14:38:33+00:00","author":{"@id":"https:\/\/fmllanura.com\/#\/schema\/person\/dd4b4843c2293cd8d5995d115dbd5e96"},"breadcrumb":{"@id":"https:\/\/fmllanura.com\/?p=7378#breadcrumb"},"inLanguage":"es","potentialAction":[{"@type":"ReadAction","target":["https:\/\/fmllanura.com\/?p=7378"]}]},{"@type":"BreadcrumbList","@id":"https:\/\/fmllanura.com\/?p=7378#breadcrumb","itemListElement":[{"@type":"ListItem","position":1,"name":"Portada","item":"https:\/\/fmllanura.com\/"},{"@type":"ListItem","position":2,"name":"Feriados 2026: confirman tres d\u00edas no laborables y m\u00e1s fines de semana extralargos"}]},{"@type":"WebSite","@id":"https:\/\/fmllanura.com\/#website","url":"https:\/\/fmllanura.com\/","name":"RADIO LLANURA","description":"","potentialAction":[{"@type":"SearchAction","target":{"@type":"EntryPoint","urlTemplate":"https:\/\/fmllanura.com\/?s={search_term_string}"},"query-input":"required name=search_term_string"}],"inLanguage":"es"},{"@type":"Person","@id":"https:\/\/fmllanura.com\/#\/schema\/person\/dd4b4843c2293cd8d5995d115dbd5e96","name":"llanura","image":{"@type":"ImageObject","inLanguage":"es","@id":"https:\/\/fmllanura.com\/#\/schema\/person\/image\/","url":"https:\/\/secure.gravatar.com\/avatar\/f6ee1541937ff3e68dac011173779bde?s=96&d=mm&r=g","contentUrl":"https:\/\/secure.gravatar.com\/avatar\/f6ee1541937ff3e68dac011173779bde?s=96&d=mm&r=g","caption":"llanura"},"url":"https:\/\/fmllanura.com\/?author=4"}]}},"_links":{"self":[{"href":"https:\/\/fmllanura.com\/index.php?rest_route=\/wp\/v2\/posts\/7378"}],"collection":[{"href":"https:\/\/fmllanura.com\/index.php?rest_route=\/wp\/v2\/posts"}],"about":[{"href":"https:\/\/fmllanura.com\/index.php?rest_route=\/wp\/v2\/types\/post"}],"author":[{"embeddable":true,"href":"https:\/\/fmllanura.com\/index.php?rest_route=\/wp\/v2\/users\/4"}],"replies":[{"embeddable":true,"href":"https:\/\/fmllanura.com\/index.php?rest_route=%2Fwp%2Fv2%2Fcomments&post=7378"}],"version-history":[{"count":1,"href":"https:\/\/fmllanura.com\/index.php?rest_route=\/wp\/v2\/posts\/7378\/revisions"}],"predecessor-version":[{"id":7397,"href":"https:\/\/fmllanura.com\/index.php?rest_route=\/wp\/v2\/posts\/7378\/revisions\/7397"}],"wp:featuredmedia":[{"embeddable":true,"href":"https:\/\/fmllanura.com\/index.php?rest_route=\/wp\/v2\/media\/7396"}],"wp:attachment":[{"href":"https:\/\/fmllanura.com\/index.php?rest_route=%2Fwp%2Fv2%2Fmedia&parent=7378"}],"wp:term":[{"taxonomy":"category","embeddable":true,"href":"https:\/\/fmllanura.com\/index.php?rest_route=%2Fwp%2Fv2%2Fcategories&post=7378"},{"taxonomy":"post_tag","embeddable":true,"href":"https:\/\/fmllanura.com\/index.php?rest_route=%2Fwp%2Fv2%2Ftags&post=7378"}],"curies":[{"name":"wp","href":"https:\/\/api.w.org\/{rel}","templated":true}]}}