{"id":7426,"date":"2025-12-29T16:06:02","date_gmt":"2025-12-29T16:06:02","guid":{"rendered":"https:\/\/fmllanura.com\/?p=7426"},"modified":"2025-12-29T16:06:04","modified_gmt":"2025-12-29T16:06:04","slug":"varias-dotaciones-de-bomberos-combatieron-un-incendio-de-grandes-dimensiones-en-cercanias-de-rucanelo","status":"publish","type":"post","link":"https:\/\/fmllanura.com\/?p=7426","title":{"rendered":"Varias dotaciones de bomberos combatieron un incendio de grandes dimensiones en cercan\u00edas de Rucanelo"},"content":{"rendered":"\n<figure class=\"wp-block-image size-full\"><img loading=\"lazy\" decoding=\"async\" width=\"652\" height=\"440\" src=\"https:\/\/fmllanura.com\/wp-content\/uploads\/2025\/12\/17670243066771811675062251014191.jpg\" alt=\"\" class=\"wp-image-7431\" srcset=\"https:\/\/fmllanura.com\/wp-content\/uploads\/2025\/12\/17670243066771811675062251014191.jpg 652w, https:\/\/fmllanura.com\/wp-content\/uploads\/2025\/12\/17670243066771811675062251014191-300x202.jpg 300w, https:\/\/fmllanura.com\/wp-content\/uploads\/2025\/12\/17670243066771811675062251014191-110x75.jpg 110w\" sizes=\"(max-width: 652px) 100vw, 652px\" \/><\/figure>\n\n\n\n<p>Brigadistas y varias dotacioes de bomberos trabajaron intensamente en la jornada del domingo, luego que un incendio se reactivara a pocos metros del ingreso a la localidad de Rucanelo.All\u00ed el fuego se reactiv\u00f3 \u201ccon fuerza\u201d, luego de quemar m\u00e1s de 900 hect\u00e1reas. El intenso calor y los cambios de la direcci\u00f3n del viento, impiden controlar el foco \u00edgneo.El fuego comenz\u00f3 el viernes, y estaba controlado. Pero, el cambio de la direcci\u00f3n del viento, lo reactiv\u00f3 con fuerzas.El foco \u00edgneo, que se origin\u00f3 en una zona de pastizales y monte, se desplaz\u00f3 r\u00e1pidamente impulsado por las condiciones clim\u00e1ticas, llegando a estar a pocos metros de la cinta asf\u00e1ltica. Esta situaci\u00f3n oblig\u00f3 a extremar las precauciones para evitar riesgos en la circulaci\u00f3n vial y proteger las estructuras rurales cercanas.\u201cSe trabaj\u00f3 durante varias horas con personal especializado para frenar el avance del frente. El fuego estuvo muy cerca de la ruta, pero el despliegue de los brigadistas y bomberos permiti\u00f3 contenerlo antes de que pasara a mayores\u201d, explicaron.Tras varias horas de trabajo y en condiciones de calor extremo, los brigadistas y bomberos lograron controlar las llamas llevaron adelante tareas de enfriamiento y eguardia de ceniza para evitar que las llamas se reactiven.Se solicit\u00f3 a quienes transiten por el lugar, hacerlo con precauci\u00f3n.(Foto Radio Don)<\/p>\n","protected":false},"excerpt":{"rendered":"<p>Brigadistas y varias dotacioes de bomberos trabajaron intensamente en la jornada del domingo, luego que un incendio se reactivara a pocos metros del ingreso a la localidad de Rucanelo.All\u00ed el fuego se reactiv\u00f3 \u201ccon fuerza\u201d, luego de quemar m\u00e1s de 900 hect\u00e1reas. El intenso calor y los cambios de la direcci\u00f3n del viento, impiden controlar &hellip;<\/p>\n","protected":false},"author":4,"featured_media":7431,"comment_status":"open","ping_status":"open","sticky":false,"template":"","format":"standard","meta":{"footnotes":""},"categories":[1],"tags":[],"class_list":["post-7426","post","type-post","status-publish","format-standard","has-post-thumbnail","","category-uncategorized"],"yoast_head":"<!-- This site is optimized with the Yoast SEO plugin v19.9 - https:\/\/yoast.com\/wordpress\/plugins\/seo\/ -->\n<title>Varias dotaciones de bomberos combatieron un incendio de grandes dimensiones en cercan\u00edas de Rucanelo - RADIO LLANURA<\/title>\n<meta name=\"robots\" content=\"index, follow, max-snippet:-1, max-image-preview:large, max-video-preview:-1\" \/>\n<link rel=\"canonical\" href=\"https:\/\/fmllanura.com\/?p=7426\" \/>\n<meta property=\"og:locale\" content=\"es_ES\" \/>\n<meta property=\"og:type\" content=\"article\" \/>\n<meta property=\"og:title\" content=\"Varias dotaciones de bomberos combatieron un incendio de grandes dimensiones en cercan\u00edas de Rucanelo - RADIO LLANURA\" \/>\n<meta property=\"og:description\" content=\"Brigadistas y varias dotacioes de bomberos trabajaron intensamente en la jornada del domingo, luego que un incendio se reactivara a pocos metros del ingreso a la localidad de Rucanelo.All\u00ed el fuego se reactiv\u00f3 \u201ccon fuerza\u201d, luego de quemar m\u00e1s de 900 hect\u00e1reas. El intenso calor y los cambios de la direcci\u00f3n del viento, impiden controlar &hellip;\" \/>\n<meta property=\"og:url\" content=\"https:\/\/fmllanura.com\/?p=7426\" \/>\n<meta property=\"og:site_name\" content=\"RADIO LLANURA\" \/>\n<meta property=\"article:published_time\" content=\"2025-12-29T16:06:02+00:00\" \/>\n<meta property=\"article:modified_time\" content=\"2025-12-29T16:06:04+00:00\" \/>\n<meta property=\"og:image\" content=\"https:\/\/fmllanura.com\/wp-content\/uploads\/2025\/12\/17670243066771811675062251014191.jpg\" \/>\n\t<meta property=\"og:image:width\" content=\"652\" \/>\n\t<meta property=\"og:image:height\" content=\"440\" \/>\n\t<meta property=\"og:image:type\" content=\"image\/jpeg\" \/>\n<meta name=\"author\" content=\"llanura\" \/>\n<meta name=\"twitter:card\" content=\"summary_large_image\" \/>\n<meta name=\"twitter:label1\" content=\"Escrito por\" \/>\n\t<meta name=\"twitter:data1\" content=\"llanura\" \/>\n\t<meta name=\"twitter:label2\" content=\"Tiempo de lectura\" \/>\n\t<meta name=\"twitter:data2\" content=\"2 minutos\" \/>\n<script type=\"application\/ld+json\" class=\"yoast-schema-graph\">{\"@context\":\"https:\/\/schema.org\",\"@graph\":[{\"@type\":\"WebPage\",\"@id\":\"https:\/\/fmllanura.com\/?p=7426\",\"url\":\"https:\/\/fmllanura.com\/?p=7426\",\"name\":\"Varias dotaciones de bomberos combatieron un incendio de grandes dimensiones en cercan\u00edas de Rucanelo - RADIO LLANURA\",\"isPartOf\":{\"@id\":\"https:\/\/fmllanura.com\/#website\"},\"datePublished\":\"2025-12-29T16:06:02+00:00\",\"dateModified\":\"2025-12-29T16:06:04+00:00\",\"author\":{\"@id\":\"https:\/\/fmllanura.com\/#\/schema\/person\/dd4b4843c2293cd8d5995d115dbd5e96\"},\"breadcrumb\":{\"@id\":\"https:\/\/fmllanura.com\/?p=7426#breadcrumb\"},\"inLanguage\":\"es\",\"potentialAction\":[{\"@type\":\"ReadAction\",\"target\":[\"https:\/\/fmllanura.com\/?p=7426\"]}]},{\"@type\":\"BreadcrumbList\",\"@id\":\"https:\/\/fmllanura.com\/?p=7426#breadcrumb\",\"itemListElement\":[{\"@type\":\"ListItem\",\"position\":1,\"name\":\"Portada\",\"item\":\"https:\/\/fmllanura.com\/\"},{\"@type\":\"ListItem\",\"position\":2,\"name\":\"Varias dotaciones de bomberos combatieron un incendio de grandes dimensiones en cercan\u00edas de Rucanelo\"}]},{\"@type\":\"WebSite\",\"@id\":\"https:\/\/fmllanura.com\/#website\",\"url\":\"https:\/\/fmllanura.com\/\",\"name\":\"RADIO LLANURA\",\"description\":\"\",\"potentialAction\":[{\"@type\":\"SearchAction\",\"target\":{\"@type\":\"EntryPoint\",\"urlTemplate\":\"https:\/\/fmllanura.com\/?s={search_term_string}\"},\"query-input\":\"required name=search_term_string\"}],\"inLanguage\":\"es\"},{\"@type\":\"Person\",\"@id\":\"https:\/\/fmllanura.com\/#\/schema\/person\/dd4b4843c2293cd8d5995d115dbd5e96\",\"name\":\"llanura\",\"image\":{\"@type\":\"ImageObject\",\"inLanguage\":\"es\",\"@id\":\"https:\/\/fmllanura.com\/#\/schema\/person\/image\/\",\"url\":\"https:\/\/secure.gravatar.com\/avatar\/f6ee1541937ff3e68dac011173779bde?s=96&d=mm&r=g\",\"contentUrl\":\"https:\/\/secure.gravatar.com\/avatar\/f6ee1541937ff3e68dac011173779bde?s=96&d=mm&r=g\",\"caption\":\"llanura\"},\"url\":\"https:\/\/fmllanura.com\/?author=4\"}]}<\/script>\n<!-- \/ Yoast SEO plugin. -->","yoast_head_json":{"title":"Varias dotaciones de bomberos combatieron un incendio de grandes dimensiones en cercan\u00edas de Rucanelo - RADIO LLANURA","robots":{"index":"index","follow":"follow","max-snippet":"max-snippet:-1","max-image-preview":"max-image-preview:large","max-video-preview":"max-video-preview:-1"},"canonical":"https:\/\/fmllanura.com\/?p=7426","og_locale":"es_ES","og_type":"article","og_title":"Varias dotaciones de bomberos combatieron un incendio de grandes dimensiones en cercan\u00edas de Rucanelo - RADIO LLANURA","og_description":"Brigadistas y varias dotacioes de bomberos trabajaron intensamente en la jornada del domingo, luego que un incendio se reactivara a pocos metros del ingreso a la localidad de Rucanelo.All\u00ed el fuego se reactiv\u00f3 \u201ccon fuerza\u201d, luego de quemar m\u00e1s de 900 hect\u00e1reas. El intenso calor y los cambios de la direcci\u00f3n del viento, impiden controlar &hellip;","og_url":"https:\/\/fmllanura.com\/?p=7426","og_site_name":"RADIO LLANURA","article_published_time":"2025-12-29T16:06:02+00:00","article_modified_time":"2025-12-29T16:06:04+00:00","og_image":[{"width":652,"height":440,"url":"https:\/\/fmllanura.com\/wp-content\/uploads\/2025\/12\/17670243066771811675062251014191.jpg","type":"image\/jpeg"}],"author":"llanura","twitter_card":"summary_large_image","twitter_misc":{"Escrito por":"llanura","Tiempo de lectura":"2 minutos"},"schema":{"@context":"https:\/\/schema.org","@graph":[{"@type":"WebPage","@id":"https:\/\/fmllanura.com\/?p=7426","url":"https:\/\/fmllanura.com\/?p=7426","name":"Varias dotaciones de bomberos combatieron un incendio de grandes dimensiones en cercan\u00edas de Rucanelo - RADIO LLANURA","isPartOf":{"@id":"https:\/\/fmllanura.com\/#website"},"datePublished":"2025-12-29T16:06:02+00:00","dateModified":"2025-12-29T16:06:04+00:00","author":{"@id":"https:\/\/fmllanura.com\/#\/schema\/person\/dd4b4843c2293cd8d5995d115dbd5e96"},"breadcrumb":{"@id":"https:\/\/fmllanura.com\/?p=7426#breadcrumb"},"inLanguage":"es","potentialAction":[{"@type":"ReadAction","target":["https:\/\/fmllanura.com\/?p=7426"]}]},{"@type":"BreadcrumbList","@id":"https:\/\/fmllanura.com\/?p=7426#breadcrumb","itemListElement":[{"@type":"ListItem","position":1,"name":"Portada","item":"https:\/\/fmllanura.com\/"},{"@type":"ListItem","position":2,"name":"Varias dotaciones de bomberos combatieron un incendio de grandes dimensiones en cercan\u00edas de Rucanelo"}]},{"@type":"WebSite","@id":"https:\/\/fmllanura.com\/#website","url":"https:\/\/fmllanura.com\/","name":"RADIO LLANURA","description":"","potentialAction":[{"@type":"SearchAction","target":{"@type":"EntryPoint","urlTemplate":"https:\/\/fmllanura.com\/?s={search_term_string}"},"query-input":"required name=search_term_string"}],"inLanguage":"es"},{"@type":"Person","@id":"https:\/\/fmllanura.com\/#\/schema\/person\/dd4b4843c2293cd8d5995d115dbd5e96","name":"llanura","image":{"@type":"ImageObject","inLanguage":"es","@id":"https:\/\/fmllanura.com\/#\/schema\/person\/image\/","url":"https:\/\/secure.gravatar.com\/avatar\/f6ee1541937ff3e68dac011173779bde?s=96&d=mm&r=g","contentUrl":"https:\/\/secure.gravatar.com\/avatar\/f6ee1541937ff3e68dac011173779bde?s=96&d=mm&r=g","caption":"llanura"},"url":"https:\/\/fmllanura.com\/?author=4"}]}},"_links":{"self":[{"href":"https:\/\/fmllanura.com\/index.php?rest_route=\/wp\/v2\/posts\/7426"}],"collection":[{"href":"https:\/\/fmllanura.com\/index.php?rest_route=\/wp\/v2\/posts"}],"about":[{"href":"https:\/\/fmllanura.com\/index.php?rest_route=\/wp\/v2\/types\/post"}],"author":[{"embeddable":true,"href":"https:\/\/fmllanura.com\/index.php?rest_route=\/wp\/v2\/users\/4"}],"replies":[{"embeddable":true,"href":"https:\/\/fmllanura.com\/index.php?rest_route=%2Fwp%2Fv2%2Fcomments&post=7426"}],"version-history":[{"count":1,"href":"https:\/\/fmllanura.com\/index.php?rest_route=\/wp\/v2\/posts\/7426\/revisions"}],"predecessor-version":[{"id":7432,"href":"https:\/\/fmllanura.com\/index.php?rest_route=\/wp\/v2\/posts\/7426\/revisions\/7432"}],"wp:featuredmedia":[{"embeddable":true,"href":"https:\/\/fmllanura.com\/index.php?rest_route=\/wp\/v2\/media\/7431"}],"wp:attachment":[{"href":"https:\/\/fmllanura.com\/index.php?rest_route=%2Fwp%2Fv2%2Fmedia&parent=7426"}],"wp:term":[{"taxonomy":"category","embeddable":true,"href":"https:\/\/fmllanura.com\/index.php?rest_route=%2Fwp%2Fv2%2Fcategories&post=7426"},{"taxonomy":"post_tag","embeddable":true,"href":"https:\/\/fmllanura.com\/index.php?rest_route=%2Fwp%2Fv2%2Ftags&post=7426"}],"curies":[{"name":"wp","href":"https:\/\/api.w.org\/{rel}","templated":true}]}}