{"id":7786,"date":"2026-02-02T17:19:58","date_gmt":"2026-02-02T17:19:58","guid":{"rendered":"https:\/\/fmllanura.com\/?p=7786"},"modified":"2026-02-02T17:19:59","modified_gmt":"2026-02-02T17:19:59","slug":"toay-presento-una-nueva-edicion-del-festival-provincial-del-canto-y-la-danza-con-entrada-gratuita","status":"publish","type":"post","link":"https:\/\/fmllanura.com\/?p=7786","title":{"rendered":"Toay present\u00f3 una nueva edici\u00f3n del Festival Provincial del Canto y la Danza con entrada gratuita"},"content":{"rendered":"\n<figure class=\"wp-block-image size-large\"><img loading=\"lazy\" decoding=\"async\" width=\"1024\" height=\"683\" src=\"https:\/\/fmllanura.com\/wp-content\/uploads\/2026\/02\/17700526205736106318976416350427-1024x683.jpg\" alt=\"\" class=\"wp-image-7798\" srcset=\"https:\/\/fmllanura.com\/wp-content\/uploads\/2026\/02\/17700526205736106318976416350427-1024x683.jpg 1024w, https:\/\/fmllanura.com\/wp-content\/uploads\/2026\/02\/17700526205736106318976416350427-300x200.jpg 300w, https:\/\/fmllanura.com\/wp-content\/uploads\/2026\/02\/17700526205736106318976416350427-768x512.jpg 768w, https:\/\/fmllanura.com\/wp-content\/uploads\/2026\/02\/17700526205736106318976416350427.jpg 1536w\" sizes=\"(max-width: 1024px) 100vw, 1024px\" \/><\/figure>\n\n\n\n<p>Se realiz\u00f3 el anuncio oficial de una nueva edici\u00f3n de la Fiesta Provincial, la cual se desarrollar\u00e1 los d\u00edas 7 y 8 de febrero en el Complejo Recreativo Municipal \u201cHoracio del Campo\u201d, en la localidad de Toay. Seg\u00fan se inform\u00f3, el evento contar\u00e1 con entrada libre y gratuita para todo el p\u00fablico.La presentaci\u00f3n tuvo lugar en la Secretar\u00eda de Turismo de La Pampa y estuvo encabezada por el titular de dicha cartera, Sa\u00fal Echeveste, junto al intendente de Toay, Ariel Rojas, y otros funcionarios de las \u00e1reas involucradas en la organizaci\u00f3n del Festival Provincial del Canto, la Danza y Encuentros de Artesanos.<\/p>\n\n\n\n<p>Durante la conferencia, el secretario de Turismo destac\u00f3 la labor mancomunada entre la Provincia y el Municipio. \u201cQuiero agradecer el trabajo en conjunto que venimos desarrollando desde el inicio de la gesti\u00f3n con Ariel Rojas, intendente de Toay, y en esta oportunidad vamos a presentar una nueva edici\u00f3n del Festival Provincial del Canto, la Danza y Encuentros de Artesanos en la localidad de Toay\u201d, expres\u00f3 Echeveste. Asimismo, remarc\u00f3 el valor simb\u00f3lico y econ\u00f3mico de la cultura: \u201cNosotros siempre desde el Gobierno provincial decimos que cuando cada bailar\u00edn que sube al escenario y cada artesano expone lo que hace con sus manos est\u00e1 mostrando lo que es Toay y lo que es la provincia de La Pampa. Si por algo se caracteriza Toay, es que no se olvida de sus ra\u00edces y con orgullo dice lo que somos y lo que representamos cada uno de los pampeanos y pampeanas. Por eso quiero destacar la iniciativa del intendente y la decisi\u00f3n pol\u00edtica de llevar adelante una vez m\u00e1s el festival popular en tiempos dif\u00edciles en donde siempre decimos lo mismo, pero que hay que recalcarlo: cuando desde afuera se dice que la cultura es un gasto, nosotros desde la provincia de La Pampa y el intendente desde su Municipio dice que es una inversi\u00f3n, ya que genera un movimiento econ\u00f3mico en la localidad y porque le da una oportunidad a los bailarines, artistas y artesanos de nuestra Provincia\u201d.<\/p>\n\n\n\n<p>Por su parte, el intendente Ariel Rojas valor\u00f3 la trayectoria del evento. \u201cEste Festival Provincial ya tiene una rica historia en nuestra localidad y en la Provincia. Quiero rescatar a las muchas personas que trabajaron a lo largo de muchos a\u00f1os para que hoy Toay cuente con una Fiesta Provincial con 30 a\u00f1os de antig\u00fcedad, desde sus comienzos, desde sus or\u00edgenes con la asociaci\u00f3n Purr\u00fan Weche Loo que se puso al hombro el desaf\u00edo de poder generar una Fiesta que convoque a la tradici\u00f3n, al folclore, a las danzas, luego se sum\u00f3 la posibilidad de que se encontraran all\u00ed los artesanos pudiendo mostrar lo que realizan todos los d\u00edas\u201d, se\u00f1al\u00f3 el jefe comunal.Rojas tambi\u00e9n hizo hincapi\u00e9 en la accesibilidad del festival en el contexto actual: \u201cCreo que ha sido una muy linda conjunci\u00f3n de ideas y que a lo largo del tiempo hemos sabido sostener, y hoy en tiempos complejos y dif\u00edciles, la misma fuerza en todo ese tiempo ha tenido esta convocatoria hace que podamos realizarla. Nos pone muy contentos y muy felices poder estar una vez m\u00e1s invitando a disfrutar el pr\u00f3ximo 7 y 8 de febrero de los espect\u00e1culos. Adem\u00e1s van a poder disfrutar tambi\u00e9n de la gastronom\u00eda ofrecida por instituciones locales y por otro lado, poder hacer que todo este encuentro sea al aire libre y con entrada libre y gratuita, situaci\u00f3n que no es menor, porque nos permite tambi\u00e9n poder disfrutar en familia y sin limitaciones econ\u00f3micas. Esto tambi\u00e9n responde a un esfuerzo y a un trabajo en conjunto que se realiza con el Gobierno de la provincia de La Pampa y que nos permite poder seguir haciendo este tipo de actividades\u201d.La grilla de artistas convocados para las jornadas incluye una variada propuesta musical con la presencia de Javier Cabrera, Brian Anhelinger, Valentina Ag\u00fcero, Ignacio Mas, La Decima, Nieves Cabral, Laura Gomez Weiss y El Entrevero. En cuanto a la danza, se presentar\u00e1n el Ballet Municipal, Ballet Municipal Purrun Kimey, Grupo Folcl\u00f3rico Antu Huitru, Ballet Nuestra Esencia y Ballet Ra\u00edz Folcl\u00f3rica. Adem\u00e1s, se realizar\u00e1 un reconocimiento a la Agrupaci\u00f3n de Danzas Folcl\u00f3ricas Toay y al Ballet Purrun Weche Loo.<\/p>\n","protected":false},"excerpt":{"rendered":"<p>Se realiz\u00f3 el anuncio oficial de una nueva edici\u00f3n de la Fiesta Provincial, la cual se desarrollar\u00e1 los d\u00edas 7 y 8 de febrero en el Complejo Recreativo Municipal \u201cHoracio del Campo\u201d, en la localidad de Toay. Seg\u00fan se inform\u00f3, el evento contar\u00e1 con entrada libre y gratuita para todo el p\u00fablico.La presentaci\u00f3n tuvo lugar &hellip;<\/p>\n","protected":false},"author":4,"featured_media":7798,"comment_status":"open","ping_status":"open","sticky":false,"template":"","format":"standard","meta":{"footnotes":""},"categories":[1],"tags":[],"class_list":["post-7786","post","type-post","status-publish","format-standard","has-post-thumbnail","","category-uncategorized"],"yoast_head":"<!-- This site is optimized with the Yoast SEO plugin v19.9 - https:\/\/yoast.com\/wordpress\/plugins\/seo\/ -->\n<title>Toay present\u00f3 una nueva edici\u00f3n del Festival Provincial del Canto y la Danza con entrada gratuita - RADIO LLANURA<\/title>\n<meta name=\"robots\" content=\"index, follow, max-snippet:-1, max-image-preview:large, max-video-preview:-1\" \/>\n<link rel=\"canonical\" href=\"https:\/\/fmllanura.com\/?p=7786\" \/>\n<meta property=\"og:locale\" content=\"es_ES\" \/>\n<meta property=\"og:type\" content=\"article\" \/>\n<meta property=\"og:title\" content=\"Toay present\u00f3 una nueva edici\u00f3n del Festival Provincial del Canto y la Danza con entrada gratuita - RADIO LLANURA\" \/>\n<meta property=\"og:description\" content=\"Se realiz\u00f3 el anuncio oficial de una nueva edici\u00f3n de la Fiesta Provincial, la cual se desarrollar\u00e1 los d\u00edas 7 y 8 de febrero en el Complejo Recreativo Municipal \u201cHoracio del Campo\u201d, en la localidad de Toay. Seg\u00fan se inform\u00f3, el evento contar\u00e1 con entrada libre y gratuita para todo el p\u00fablico.La presentaci\u00f3n tuvo lugar &hellip;\" \/>\n<meta property=\"og:url\" content=\"https:\/\/fmllanura.com\/?p=7786\" \/>\n<meta property=\"og:site_name\" content=\"RADIO LLANURA\" \/>\n<meta property=\"article:published_time\" content=\"2026-02-02T17:19:58+00:00\" \/>\n<meta property=\"article:modified_time\" content=\"2026-02-02T17:19:59+00:00\" \/>\n<meta property=\"og:image\" content=\"https:\/\/fmllanura.com\/wp-content\/uploads\/2026\/02\/17700526205736106318976416350427.jpg\" \/>\n\t<meta property=\"og:image:width\" content=\"1536\" \/>\n\t<meta property=\"og:image:height\" content=\"1024\" \/>\n\t<meta property=\"og:image:type\" content=\"image\/jpeg\" \/>\n<meta name=\"author\" content=\"llanura\" \/>\n<meta name=\"twitter:card\" content=\"summary_large_image\" \/>\n<meta name=\"twitter:label1\" content=\"Escrito por\" \/>\n\t<meta name=\"twitter:data1\" content=\"llanura\" \/>\n\t<meta name=\"twitter:label2\" content=\"Tiempo de lectura\" \/>\n\t<meta name=\"twitter:data2\" content=\"4 minutos\" \/>\n<script type=\"application\/ld+json\" class=\"yoast-schema-graph\">{\"@context\":\"https:\/\/schema.org\",\"@graph\":[{\"@type\":\"WebPage\",\"@id\":\"https:\/\/fmllanura.com\/?p=7786\",\"url\":\"https:\/\/fmllanura.com\/?p=7786\",\"name\":\"Toay present\u00f3 una nueva edici\u00f3n del Festival Provincial del Canto y la Danza con entrada gratuita - RADIO LLANURA\",\"isPartOf\":{\"@id\":\"https:\/\/fmllanura.com\/#website\"},\"datePublished\":\"2026-02-02T17:19:58+00:00\",\"dateModified\":\"2026-02-02T17:19:59+00:00\",\"author\":{\"@id\":\"https:\/\/fmllanura.com\/#\/schema\/person\/dd4b4843c2293cd8d5995d115dbd5e96\"},\"breadcrumb\":{\"@id\":\"https:\/\/fmllanura.com\/?p=7786#breadcrumb\"},\"inLanguage\":\"es\",\"potentialAction\":[{\"@type\":\"ReadAction\",\"target\":[\"https:\/\/fmllanura.com\/?p=7786\"]}]},{\"@type\":\"BreadcrumbList\",\"@id\":\"https:\/\/fmllanura.com\/?p=7786#breadcrumb\",\"itemListElement\":[{\"@type\":\"ListItem\",\"position\":1,\"name\":\"Portada\",\"item\":\"https:\/\/fmllanura.com\/\"},{\"@type\":\"ListItem\",\"position\":2,\"name\":\"Toay present\u00f3 una nueva edici\u00f3n del Festival Provincial del Canto y la Danza con entrada gratuita\"}]},{\"@type\":\"WebSite\",\"@id\":\"https:\/\/fmllanura.com\/#website\",\"url\":\"https:\/\/fmllanura.com\/\",\"name\":\"RADIO LLANURA\",\"description\":\"\",\"potentialAction\":[{\"@type\":\"SearchAction\",\"target\":{\"@type\":\"EntryPoint\",\"urlTemplate\":\"https:\/\/fmllanura.com\/?s={search_term_string}\"},\"query-input\":\"required name=search_term_string\"}],\"inLanguage\":\"es\"},{\"@type\":\"Person\",\"@id\":\"https:\/\/fmllanura.com\/#\/schema\/person\/dd4b4843c2293cd8d5995d115dbd5e96\",\"name\":\"llanura\",\"image\":{\"@type\":\"ImageObject\",\"inLanguage\":\"es\",\"@id\":\"https:\/\/fmllanura.com\/#\/schema\/person\/image\/\",\"url\":\"https:\/\/secure.gravatar.com\/avatar\/f6ee1541937ff3e68dac011173779bde?s=96&d=mm&r=g\",\"contentUrl\":\"https:\/\/secure.gravatar.com\/avatar\/f6ee1541937ff3e68dac011173779bde?s=96&d=mm&r=g\",\"caption\":\"llanura\"},\"url\":\"https:\/\/fmllanura.com\/?author=4\"}]}<\/script>\n<!-- \/ Yoast SEO plugin. -->","yoast_head_json":{"title":"Toay present\u00f3 una nueva edici\u00f3n del Festival Provincial del Canto y la Danza con entrada gratuita - RADIO LLANURA","robots":{"index":"index","follow":"follow","max-snippet":"max-snippet:-1","max-image-preview":"max-image-preview:large","max-video-preview":"max-video-preview:-1"},"canonical":"https:\/\/fmllanura.com\/?p=7786","og_locale":"es_ES","og_type":"article","og_title":"Toay present\u00f3 una nueva edici\u00f3n del Festival Provincial del Canto y la Danza con entrada gratuita - RADIO LLANURA","og_description":"Se realiz\u00f3 el anuncio oficial de una nueva edici\u00f3n de la Fiesta Provincial, la cual se desarrollar\u00e1 los d\u00edas 7 y 8 de febrero en el Complejo Recreativo Municipal \u201cHoracio del Campo\u201d, en la localidad de Toay. Seg\u00fan se inform\u00f3, el evento contar\u00e1 con entrada libre y gratuita para todo el p\u00fablico.La presentaci\u00f3n tuvo lugar &hellip;","og_url":"https:\/\/fmllanura.com\/?p=7786","og_site_name":"RADIO LLANURA","article_published_time":"2026-02-02T17:19:58+00:00","article_modified_time":"2026-02-02T17:19:59+00:00","og_image":[{"width":1536,"height":1024,"url":"https:\/\/fmllanura.com\/wp-content\/uploads\/2026\/02\/17700526205736106318976416350427.jpg","type":"image\/jpeg"}],"author":"llanura","twitter_card":"summary_large_image","twitter_misc":{"Escrito por":"llanura","Tiempo de lectura":"4 minutos"},"schema":{"@context":"https:\/\/schema.org","@graph":[{"@type":"WebPage","@id":"https:\/\/fmllanura.com\/?p=7786","url":"https:\/\/fmllanura.com\/?p=7786","name":"Toay present\u00f3 una nueva edici\u00f3n del Festival Provincial del Canto y la Danza con entrada gratuita - RADIO LLANURA","isPartOf":{"@id":"https:\/\/fmllanura.com\/#website"},"datePublished":"2026-02-02T17:19:58+00:00","dateModified":"2026-02-02T17:19:59+00:00","author":{"@id":"https:\/\/fmllanura.com\/#\/schema\/person\/dd4b4843c2293cd8d5995d115dbd5e96"},"breadcrumb":{"@id":"https:\/\/fmllanura.com\/?p=7786#breadcrumb"},"inLanguage":"es","potentialAction":[{"@type":"ReadAction","target":["https:\/\/fmllanura.com\/?p=7786"]}]},{"@type":"BreadcrumbList","@id":"https:\/\/fmllanura.com\/?p=7786#breadcrumb","itemListElement":[{"@type":"ListItem","position":1,"name":"Portada","item":"https:\/\/fmllanura.com\/"},{"@type":"ListItem","position":2,"name":"Toay present\u00f3 una nueva edici\u00f3n del Festival Provincial del Canto y la Danza con entrada gratuita"}]},{"@type":"WebSite","@id":"https:\/\/fmllanura.com\/#website","url":"https:\/\/fmllanura.com\/","name":"RADIO LLANURA","description":"","potentialAction":[{"@type":"SearchAction","target":{"@type":"EntryPoint","urlTemplate":"https:\/\/fmllanura.com\/?s={search_term_string}"},"query-input":"required name=search_term_string"}],"inLanguage":"es"},{"@type":"Person","@id":"https:\/\/fmllanura.com\/#\/schema\/person\/dd4b4843c2293cd8d5995d115dbd5e96","name":"llanura","image":{"@type":"ImageObject","inLanguage":"es","@id":"https:\/\/fmllanura.com\/#\/schema\/person\/image\/","url":"https:\/\/secure.gravatar.com\/avatar\/f6ee1541937ff3e68dac011173779bde?s=96&d=mm&r=g","contentUrl":"https:\/\/secure.gravatar.com\/avatar\/f6ee1541937ff3e68dac011173779bde?s=96&d=mm&r=g","caption":"llanura"},"url":"https:\/\/fmllanura.com\/?author=4"}]}},"_links":{"self":[{"href":"https:\/\/fmllanura.com\/index.php?rest_route=\/wp\/v2\/posts\/7786"}],"collection":[{"href":"https:\/\/fmllanura.com\/index.php?rest_route=\/wp\/v2\/posts"}],"about":[{"href":"https:\/\/fmllanura.com\/index.php?rest_route=\/wp\/v2\/types\/post"}],"author":[{"embeddable":true,"href":"https:\/\/fmllanura.com\/index.php?rest_route=\/wp\/v2\/users\/4"}],"replies":[{"embeddable":true,"href":"https:\/\/fmllanura.com\/index.php?rest_route=%2Fwp%2Fv2%2Fcomments&post=7786"}],"version-history":[{"count":1,"href":"https:\/\/fmllanura.com\/index.php?rest_route=\/wp\/v2\/posts\/7786\/revisions"}],"predecessor-version":[{"id":7801,"href":"https:\/\/fmllanura.com\/index.php?rest_route=\/wp\/v2\/posts\/7786\/revisions\/7801"}],"wp:featuredmedia":[{"embeddable":true,"href":"https:\/\/fmllanura.com\/index.php?rest_route=\/wp\/v2\/media\/7798"}],"wp:attachment":[{"href":"https:\/\/fmllanura.com\/index.php?rest_route=%2Fwp%2Fv2%2Fmedia&parent=7786"}],"wp:term":[{"taxonomy":"category","embeddable":true,"href":"https:\/\/fmllanura.com\/index.php?rest_route=%2Fwp%2Fv2%2Fcategories&post=7786"},{"taxonomy":"post_tag","embeddable":true,"href":"https:\/\/fmllanura.com\/index.php?rest_route=%2Fwp%2Fv2%2Ftags&post=7786"}],"curies":[{"name":"wp","href":"https:\/\/api.w.org\/{rel}","templated":true}]}}