{"id":8021,"date":"2026-02-14T15:21:22","date_gmt":"2026-02-14T15:21:22","guid":{"rendered":"https:\/\/fmllanura.com\/?p=8021"},"modified":"2026-02-14T15:21:23","modified_gmt":"2026-02-14T15:21:23","slug":"santa-teresa-y-alpachiri-se-suman-a-los-festejos-de-carnaval-en-la-pampa","status":"publish","type":"post","link":"https:\/\/fmllanura.com\/?p=8021","title":{"rendered":"Santa Teresa y Alpachiri se suman a los festejos de Carnaval en La Pampa"},"content":{"rendered":"\n<figure class=\"wp-block-image size-large\"><img loading=\"lazy\" decoding=\"async\" width=\"1024\" height=\"683\" src=\"https:\/\/fmllanura.com\/wp-content\/uploads\/2026\/02\/17710824079174675945223830169386-1024x683.jpg\" alt=\"\" class=\"wp-image-8030\" srcset=\"https:\/\/fmllanura.com\/wp-content\/uploads\/2026\/02\/17710824079174675945223830169386-1024x683.jpg 1024w, https:\/\/fmllanura.com\/wp-content\/uploads\/2026\/02\/17710824079174675945223830169386-300x200.jpg 300w, https:\/\/fmllanura.com\/wp-content\/uploads\/2026\/02\/17710824079174675945223830169386-768x512.jpg 768w, https:\/\/fmllanura.com\/wp-content\/uploads\/2026\/02\/17710824079174675945223830169386.jpg 1536w\" sizes=\"(max-width: 1024px) 100vw, 1024px\" \/><\/figure>\n\n\n\n<p>Esta ma\u00f1ana se anunci\u00f3 oficialmente en la Secretar\u00eda de Turismo provincial la incorporaci\u00f3n de otras dos localidades a las propuestas para los tradicionales festejos de Carnaval en la provincia de La Pampa. La conferencia de prensa estuvo encabezada por el secretario de Turismo, Sa\u00fal Echeveste, quien estuvo acompa\u00f1ado por las viceintendentas de Santa Teresa, Valeria Friedel, y de Alpachiri, Eugenia Elsenbach, junto a otras autoridades gubernamentales y municipales.Durante la presentaci\u00f3n de las nuevas opciones para los fines de semana venideros, Echeveste resalt\u00f3 el valor cultural y tur\u00edstico de estas celebraciones. El funcionario destac\u00f3 que \u201ccomo siempre decimos, los carnavales son una oportunidad para poder disfrutar junto a nuestra familia, para encontrarnos con nuestros amigos y porque no para recorrer el interior de las distintas localidades y conocer sobre la idiosincrasia del pueblo, pero tambi\u00e9n nos invita a conocer la historia de cada lugar\u201d. Adem\u00e1s, agreg\u00f3: \u201cLos carnavales no solo son para disfrutar de una fiesta popular, sino tambi\u00e9n para conocer cada uno de los rincones de la Provincia y de su historia, as\u00ed que de mi parte invitar a todos los pampeanos y pampeanas a que se acerquen a Santa Teresa y Alpachiri\u201d.<\/p>\n\n\n\n<p>Valeria Friedel, viceintendenta de Santa Teresa, inform\u00f3 que la celebraci\u00f3n en su localidad se llevar\u00e1 a cabo el s\u00e1bado 21 de febrero. Friedel destac\u00f3 que \u201cesta fiesta le damos cada vez m\u00e1s importancia, a\u00f1o tras a\u00f1o\u201d. El evento contar\u00e1 con entrada gratuita y precios accesibles en la cantina, ofreciendo la presentaci\u00f3n de un grupo musical de Santa Rosa y otro de Jujuy, adem\u00e1s de murgas y desfile de carrozas con premios. \u201cLa idea es que vayan y que pasen un d\u00eda divertido. En cuanto a los precios, es entrada gratuita y lo que son los precios de cantina son totalmente accesibles a la familia. Est\u00e1n todos invitados para que conozcan nuestro pueblo y nuestra cultura\u201d, expres\u00f3.Por su parte, Eugenia Elsenbach anunci\u00f3 que los carnavales en Alpachiri tendr\u00e1n lugar el pr\u00f3ximo s\u00e1bado 14 de febrero. La viceintendenta se\u00f1al\u00f3 que \u201cestamos sumamente contentos de poder seguir festejando, es un evento que tiene continuidad desde hace muchos a\u00f1os\u201d. En esta edici\u00f3n, se otorgar\u00e1 un premio especial a las instituciones locales, tanto culturales como deportivas, para colaborar con sus gastos anuales. Para finalizar, Elsenbach subray\u00f3 la coordinaci\u00f3n regional del evento: \u201cComo fiesta popular es atractiva para toda la zona porque nosotros coordinamos con el resto de las localidades cercanas, para que no se superpongan los carnavales y que todas las localidades puedan participar de los carnavales de Alpachiri\u201d.<\/p>\n\n\n\n<p><\/p>\n","protected":false},"excerpt":{"rendered":"<p>Esta ma\u00f1ana se anunci\u00f3 oficialmente en la Secretar\u00eda de Turismo provincial la incorporaci\u00f3n de otras dos localidades a las propuestas para los tradicionales festejos de Carnaval en la provincia de La Pampa. La conferencia de prensa estuvo encabezada por el secretario de Turismo, Sa\u00fal Echeveste, quien estuvo acompa\u00f1ado por las viceintendentas de Santa Teresa, Valeria &hellip;<\/p>\n","protected":false},"author":4,"featured_media":8030,"comment_status":"open","ping_status":"open","sticky":false,"template":"","format":"standard","meta":{"footnotes":""},"categories":[1],"tags":[],"class_list":["post-8021","post","type-post","status-publish","format-standard","has-post-thumbnail","","category-uncategorized"],"yoast_head":"<!-- This site is optimized with the Yoast SEO plugin v19.9 - https:\/\/yoast.com\/wordpress\/plugins\/seo\/ -->\n<title>Santa Teresa y Alpachiri se suman a los festejos de Carnaval en La Pampa - RADIO LLANURA<\/title>\n<meta name=\"robots\" content=\"index, follow, max-snippet:-1, max-image-preview:large, max-video-preview:-1\" \/>\n<link rel=\"canonical\" href=\"https:\/\/fmllanura.com\/?p=8021\" \/>\n<meta property=\"og:locale\" content=\"es_ES\" \/>\n<meta property=\"og:type\" content=\"article\" \/>\n<meta property=\"og:title\" content=\"Santa Teresa y Alpachiri se suman a los festejos de Carnaval en La Pampa - RADIO LLANURA\" \/>\n<meta property=\"og:description\" content=\"Esta ma\u00f1ana se anunci\u00f3 oficialmente en la Secretar\u00eda de Turismo provincial la incorporaci\u00f3n de otras dos localidades a las propuestas para los tradicionales festejos de Carnaval en la provincia de La Pampa. La conferencia de prensa estuvo encabezada por el secretario de Turismo, Sa\u00fal Echeveste, quien estuvo acompa\u00f1ado por las viceintendentas de Santa Teresa, Valeria &hellip;\" \/>\n<meta property=\"og:url\" content=\"https:\/\/fmllanura.com\/?p=8021\" \/>\n<meta property=\"og:site_name\" content=\"RADIO LLANURA\" \/>\n<meta property=\"article:published_time\" content=\"2026-02-14T15:21:22+00:00\" \/>\n<meta property=\"article:modified_time\" content=\"2026-02-14T15:21:23+00:00\" \/>\n<meta property=\"og:image\" content=\"https:\/\/fmllanura.com\/wp-content\/uploads\/2026\/02\/17710824079174675945223830169386.jpg\" \/>\n\t<meta property=\"og:image:width\" content=\"1536\" \/>\n\t<meta property=\"og:image:height\" content=\"1024\" \/>\n\t<meta property=\"og:image:type\" content=\"image\/jpeg\" \/>\n<meta name=\"author\" content=\"llanura\" \/>\n<meta name=\"twitter:card\" content=\"summary_large_image\" \/>\n<meta name=\"twitter:label1\" content=\"Escrito por\" \/>\n\t<meta name=\"twitter:data1\" content=\"llanura\" \/>\n\t<meta name=\"twitter:label2\" content=\"Tiempo de lectura\" \/>\n\t<meta name=\"twitter:data2\" content=\"3 minutos\" \/>\n<script type=\"application\/ld+json\" class=\"yoast-schema-graph\">{\"@context\":\"https:\/\/schema.org\",\"@graph\":[{\"@type\":\"WebPage\",\"@id\":\"https:\/\/fmllanura.com\/?p=8021\",\"url\":\"https:\/\/fmllanura.com\/?p=8021\",\"name\":\"Santa Teresa y Alpachiri se suman a los festejos de Carnaval en La Pampa - RADIO LLANURA\",\"isPartOf\":{\"@id\":\"https:\/\/fmllanura.com\/#website\"},\"datePublished\":\"2026-02-14T15:21:22+00:00\",\"dateModified\":\"2026-02-14T15:21:23+00:00\",\"author\":{\"@id\":\"https:\/\/fmllanura.com\/#\/schema\/person\/dd4b4843c2293cd8d5995d115dbd5e96\"},\"breadcrumb\":{\"@id\":\"https:\/\/fmllanura.com\/?p=8021#breadcrumb\"},\"inLanguage\":\"es\",\"potentialAction\":[{\"@type\":\"ReadAction\",\"target\":[\"https:\/\/fmllanura.com\/?p=8021\"]}]},{\"@type\":\"BreadcrumbList\",\"@id\":\"https:\/\/fmllanura.com\/?p=8021#breadcrumb\",\"itemListElement\":[{\"@type\":\"ListItem\",\"position\":1,\"name\":\"Portada\",\"item\":\"https:\/\/fmllanura.com\/\"},{\"@type\":\"ListItem\",\"position\":2,\"name\":\"Santa Teresa y Alpachiri se suman a los festejos de Carnaval en La Pampa\"}]},{\"@type\":\"WebSite\",\"@id\":\"https:\/\/fmllanura.com\/#website\",\"url\":\"https:\/\/fmllanura.com\/\",\"name\":\"RADIO LLANURA\",\"description\":\"\",\"potentialAction\":[{\"@type\":\"SearchAction\",\"target\":{\"@type\":\"EntryPoint\",\"urlTemplate\":\"https:\/\/fmllanura.com\/?s={search_term_string}\"},\"query-input\":\"required name=search_term_string\"}],\"inLanguage\":\"es\"},{\"@type\":\"Person\",\"@id\":\"https:\/\/fmllanura.com\/#\/schema\/person\/dd4b4843c2293cd8d5995d115dbd5e96\",\"name\":\"llanura\",\"image\":{\"@type\":\"ImageObject\",\"inLanguage\":\"es\",\"@id\":\"https:\/\/fmllanura.com\/#\/schema\/person\/image\/\",\"url\":\"https:\/\/secure.gravatar.com\/avatar\/f6ee1541937ff3e68dac011173779bde?s=96&d=mm&r=g\",\"contentUrl\":\"https:\/\/secure.gravatar.com\/avatar\/f6ee1541937ff3e68dac011173779bde?s=96&d=mm&r=g\",\"caption\":\"llanura\"},\"url\":\"https:\/\/fmllanura.com\/?author=4\"}]}<\/script>\n<!-- \/ Yoast SEO plugin. -->","yoast_head_json":{"title":"Santa Teresa y Alpachiri se suman a los festejos de Carnaval en La Pampa - RADIO LLANURA","robots":{"index":"index","follow":"follow","max-snippet":"max-snippet:-1","max-image-preview":"max-image-preview:large","max-video-preview":"max-video-preview:-1"},"canonical":"https:\/\/fmllanura.com\/?p=8021","og_locale":"es_ES","og_type":"article","og_title":"Santa Teresa y Alpachiri se suman a los festejos de Carnaval en La Pampa - RADIO LLANURA","og_description":"Esta ma\u00f1ana se anunci\u00f3 oficialmente en la Secretar\u00eda de Turismo provincial la incorporaci\u00f3n de otras dos localidades a las propuestas para los tradicionales festejos de Carnaval en la provincia de La Pampa. La conferencia de prensa estuvo encabezada por el secretario de Turismo, Sa\u00fal Echeveste, quien estuvo acompa\u00f1ado por las viceintendentas de Santa Teresa, Valeria &hellip;","og_url":"https:\/\/fmllanura.com\/?p=8021","og_site_name":"RADIO LLANURA","article_published_time":"2026-02-14T15:21:22+00:00","article_modified_time":"2026-02-14T15:21:23+00:00","og_image":[{"width":1536,"height":1024,"url":"https:\/\/fmllanura.com\/wp-content\/uploads\/2026\/02\/17710824079174675945223830169386.jpg","type":"image\/jpeg"}],"author":"llanura","twitter_card":"summary_large_image","twitter_misc":{"Escrito por":"llanura","Tiempo de lectura":"3 minutos"},"schema":{"@context":"https:\/\/schema.org","@graph":[{"@type":"WebPage","@id":"https:\/\/fmllanura.com\/?p=8021","url":"https:\/\/fmllanura.com\/?p=8021","name":"Santa Teresa y Alpachiri se suman a los festejos de Carnaval en La Pampa - RADIO LLANURA","isPartOf":{"@id":"https:\/\/fmllanura.com\/#website"},"datePublished":"2026-02-14T15:21:22+00:00","dateModified":"2026-02-14T15:21:23+00:00","author":{"@id":"https:\/\/fmllanura.com\/#\/schema\/person\/dd4b4843c2293cd8d5995d115dbd5e96"},"breadcrumb":{"@id":"https:\/\/fmllanura.com\/?p=8021#breadcrumb"},"inLanguage":"es","potentialAction":[{"@type":"ReadAction","target":["https:\/\/fmllanura.com\/?p=8021"]}]},{"@type":"BreadcrumbList","@id":"https:\/\/fmllanura.com\/?p=8021#breadcrumb","itemListElement":[{"@type":"ListItem","position":1,"name":"Portada","item":"https:\/\/fmllanura.com\/"},{"@type":"ListItem","position":2,"name":"Santa Teresa y Alpachiri se suman a los festejos de Carnaval en La Pampa"}]},{"@type":"WebSite","@id":"https:\/\/fmllanura.com\/#website","url":"https:\/\/fmllanura.com\/","name":"RADIO LLANURA","description":"","potentialAction":[{"@type":"SearchAction","target":{"@type":"EntryPoint","urlTemplate":"https:\/\/fmllanura.com\/?s={search_term_string}"},"query-input":"required name=search_term_string"}],"inLanguage":"es"},{"@type":"Person","@id":"https:\/\/fmllanura.com\/#\/schema\/person\/dd4b4843c2293cd8d5995d115dbd5e96","name":"llanura","image":{"@type":"ImageObject","inLanguage":"es","@id":"https:\/\/fmllanura.com\/#\/schema\/person\/image\/","url":"https:\/\/secure.gravatar.com\/avatar\/f6ee1541937ff3e68dac011173779bde?s=96&d=mm&r=g","contentUrl":"https:\/\/secure.gravatar.com\/avatar\/f6ee1541937ff3e68dac011173779bde?s=96&d=mm&r=g","caption":"llanura"},"url":"https:\/\/fmllanura.com\/?author=4"}]}},"_links":{"self":[{"href":"https:\/\/fmllanura.com\/index.php?rest_route=\/wp\/v2\/posts\/8021"}],"collection":[{"href":"https:\/\/fmllanura.com\/index.php?rest_route=\/wp\/v2\/posts"}],"about":[{"href":"https:\/\/fmllanura.com\/index.php?rest_route=\/wp\/v2\/types\/post"}],"author":[{"embeddable":true,"href":"https:\/\/fmllanura.com\/index.php?rest_route=\/wp\/v2\/users\/4"}],"replies":[{"embeddable":true,"href":"https:\/\/fmllanura.com\/index.php?rest_route=%2Fwp%2Fv2%2Fcomments&post=8021"}],"version-history":[{"count":1,"href":"https:\/\/fmllanura.com\/index.php?rest_route=\/wp\/v2\/posts\/8021\/revisions"}],"predecessor-version":[{"id":8031,"href":"https:\/\/fmllanura.com\/index.php?rest_route=\/wp\/v2\/posts\/8021\/revisions\/8031"}],"wp:featuredmedia":[{"embeddable":true,"href":"https:\/\/fmllanura.com\/index.php?rest_route=\/wp\/v2\/media\/8030"}],"wp:attachment":[{"href":"https:\/\/fmllanura.com\/index.php?rest_route=%2Fwp%2Fv2%2Fmedia&parent=8021"}],"wp:term":[{"taxonomy":"category","embeddable":true,"href":"https:\/\/fmllanura.com\/index.php?rest_route=%2Fwp%2Fv2%2Fcategories&post=8021"},{"taxonomy":"post_tag","embeddable":true,"href":"https:\/\/fmllanura.com\/index.php?rest_route=%2Fwp%2Fv2%2Ftags&post=8021"}],"curies":[{"name":"wp","href":"https:\/\/api.w.org\/{rel}","templated":true}]}}