{"id":8022,"date":"2026-02-14T15:22:53","date_gmt":"2026-02-14T15:22:53","guid":{"rendered":"https:\/\/fmllanura.com\/?p=8022"},"modified":"2026-02-14T15:22:54","modified_gmt":"2026-02-14T15:22:54","slug":"la-pampa-despliega-una-intensa-agenda-cultural-con-fiestas-populares-carnavales-y-el-ciclo-rock-del-centro","status":"publish","type":"post","link":"https:\/\/fmllanura.com\/?p=8022","title":{"rendered":"La Pampa despliega una intensa agenda cultural con fiestas populares, carnavales y el ciclo Rock del Centro"},"content":{"rendered":"\n<figure class=\"wp-block-image size-full\"><img loading=\"lazy\" decoding=\"async\" width=\"900\" height=\"507\" src=\"https:\/\/fmllanura.com\/wp-content\/uploads\/2026\/02\/17710824863864963311360809750006.jpg\" alt=\"\" class=\"wp-image-8032\" srcset=\"https:\/\/fmllanura.com\/wp-content\/uploads\/2026\/02\/17710824863864963311360809750006.jpg 900w, https:\/\/fmllanura.com\/wp-content\/uploads\/2026\/02\/17710824863864963311360809750006-300x169.jpg 300w, https:\/\/fmllanura.com\/wp-content\/uploads\/2026\/02\/17710824863864963311360809750006-768x433.jpg 768w\" sizes=\"(max-width: 900px) 100vw, 900px\" \/><\/figure>\n\n\n\n<p>La Secretar\u00eda de Cultura del Gobierno de La Pampa dio a conocer una extensa y variada cartelera de actividades que abarca gran parte del territorio provincial. La propuesta busca integrar las tradicionales fiestas y encuentros populares con el despliegue de los carnavales y la oferta de los espacios de arte y museos.En lo que respecta a las fiestas populares, este fin de semana se destacan eventos en diversas localidades. En 25 de Mayo, el domingo 15 se realizar\u00e1 el concurso de mujeres asadoras de chivo en la plaza San Mart\u00edn, acompa\u00f1ado por un cierre de peatonal con artesanos. Por su parte, General Pico celebrar\u00e1 la 37\u00b0 Edici\u00f3n del Fog\u00f3n de la Juventud en \u201cEl Parador\u201d, con una grilla que incluye a la Orquesta Popular Barrilete y el cierre de El Loco Amato.<\/p>\n\n\n\n<p>Uno de los eventos centrales ser\u00e1 la 5\u00b0 Fiesta Nacional de la Sal en General San Mart\u00edn, programada para el viernes 20 y s\u00e1bado 21 en el Predio Polideportivo Municipal. La primera noche contar\u00e1 con la presencia de Sele Vera y Kaiser Carabela, mientras que la segunda jornada tendr\u00e1 en el escenario al humorista Iv\u00e1n Ram\u00edrez, Los Cantores del Alba, Argendance y Amar Azul. Asimismo, Lonquimay tendr\u00e1 su 1\u00b0 Pe\u00f1a del Embarcadero el s\u00e1bado 21, y Miguel Riglos ofrecer\u00e1 una pe\u00f1a bailable el s\u00e1bado 28.Febrero se perfila como el mes de los carnavales, aprovechando el fin de semana largo para celebraciones con murgas, comparsas y disfraces en toda la provincia. Localidades como Winifreda, Alpachiri, Santa Isabel, General Acha, 25 de Mayo, Miguel Riglos y Bernardo Larroud\u00e9 han confirmado sus cronogramas bajo la denominaci\u00f3n \u201cCarnavales 2026\u201d. En Bernardo Larroud\u00e9, por ejemplo, se presentar\u00e1n batucadas de distintas localidades bonaerenses y pampeanas, mientras que en General Acha actuar\u00e1n Germ\u00e1n Gaitan y Poca Soda.En el \u00e1mbito de la formaci\u00f3n y la m\u00fasica, Santa Rosa ser\u00e1 sede del ciclo \u201cRock del Centro\u201d en el Centro Cultural MEDASUR, con acceso gratuito el viernes 20 y s\u00e1bado 21. Este espacio incluye talleres de gesti\u00f3n musical a cargo de Inti Raymi y Nicol\u00e1s \u201cParker\u201d Pucci, adem\u00e1s de la inauguraci\u00f3n de la muestra fotogr\u00e1fica \u201cFAN\u201d de la reconocida artista Nora Lezano. El cierre del ciclo contar\u00e1 con bandas pampeanas en vivo como \u201cN\u00f3mades\u201d, \u201cAbstheia\u201d, \u201cRey B\u00faho\u201d y \u201cNaturaleza Ut\u00f3pica\u201d.<\/p>\n\n\n\n<p>Finalmente, los museos provinciales mantienen sus puertas abiertas con exposiciones significativas. El Centro de Artes exhibe \u201cEl Otro Monte\u201d de Julieta Schab; el Museo Provincial de Artes (MPArtes) presenta \u201cAndr\u00e9s Arcuri, el pintor de la tierra\u201d, una muestra homenaje a cien a\u00f1os de su natalicio, junto a una videoinstalaci\u00f3n de Paola Sferco. Por su parte, el Museo Provincial de Historia Natural (MPHN) celebra sus 90 a\u00f1os con muestras sobre biodiversidad, y la Casa Museo Olga Orozco en Toay ofrece recorridos autoguiados y la muestra inclusiva \u201cPoes\u00eda Accesible\u201d<\/p>\n","protected":false},"excerpt":{"rendered":"<p>La Secretar\u00eda de Cultura del Gobierno de La Pampa dio a conocer una extensa y variada cartelera de actividades que abarca gran parte del territorio provincial. La propuesta busca integrar las tradicionales fiestas y encuentros populares con el despliegue de los carnavales y la oferta de los espacios de arte y museos.En lo que respecta &hellip;<\/p>\n","protected":false},"author":4,"featured_media":8032,"comment_status":"open","ping_status":"open","sticky":false,"template":"","format":"standard","meta":{"footnotes":""},"categories":[1],"tags":[],"class_list":["post-8022","post","type-post","status-publish","format-standard","has-post-thumbnail","","category-uncategorized"],"yoast_head":"<!-- This site is optimized with the Yoast SEO plugin v19.9 - https:\/\/yoast.com\/wordpress\/plugins\/seo\/ -->\n<title>La Pampa despliega una intensa agenda cultural con fiestas populares, carnavales y el ciclo Rock del Centro - RADIO LLANURA<\/title>\n<meta name=\"robots\" content=\"index, follow, max-snippet:-1, max-image-preview:large, max-video-preview:-1\" \/>\n<link rel=\"canonical\" href=\"https:\/\/fmllanura.com\/?p=8022\" \/>\n<meta property=\"og:locale\" content=\"es_ES\" \/>\n<meta property=\"og:type\" content=\"article\" \/>\n<meta property=\"og:title\" content=\"La Pampa despliega una intensa agenda cultural con fiestas populares, carnavales y el ciclo Rock del Centro - RADIO LLANURA\" \/>\n<meta property=\"og:description\" content=\"La Secretar\u00eda de Cultura del Gobierno de La Pampa dio a conocer una extensa y variada cartelera de actividades que abarca gran parte del territorio provincial. La propuesta busca integrar las tradicionales fiestas y encuentros populares con el despliegue de los carnavales y la oferta de los espacios de arte y museos.En lo que respecta &hellip;\" \/>\n<meta property=\"og:url\" content=\"https:\/\/fmllanura.com\/?p=8022\" \/>\n<meta property=\"og:site_name\" content=\"RADIO LLANURA\" \/>\n<meta property=\"article:published_time\" content=\"2026-02-14T15:22:53+00:00\" \/>\n<meta property=\"article:modified_time\" content=\"2026-02-14T15:22:54+00:00\" \/>\n<meta property=\"og:image\" content=\"https:\/\/fmllanura.com\/wp-content\/uploads\/2026\/02\/17710824863864963311360809750006.jpg\" \/>\n\t<meta property=\"og:image:width\" content=\"900\" \/>\n\t<meta property=\"og:image:height\" content=\"507\" \/>\n\t<meta property=\"og:image:type\" content=\"image\/jpeg\" \/>\n<meta name=\"author\" content=\"llanura\" \/>\n<meta name=\"twitter:card\" content=\"summary_large_image\" \/>\n<meta name=\"twitter:label1\" content=\"Escrito por\" \/>\n\t<meta name=\"twitter:data1\" content=\"llanura\" \/>\n\t<meta name=\"twitter:label2\" content=\"Tiempo de lectura\" \/>\n\t<meta name=\"twitter:data2\" content=\"3 minutos\" \/>\n<script type=\"application\/ld+json\" class=\"yoast-schema-graph\">{\"@context\":\"https:\/\/schema.org\",\"@graph\":[{\"@type\":\"WebPage\",\"@id\":\"https:\/\/fmllanura.com\/?p=8022\",\"url\":\"https:\/\/fmllanura.com\/?p=8022\",\"name\":\"La Pampa despliega una intensa agenda cultural con fiestas populares, carnavales y el ciclo Rock del Centro - RADIO LLANURA\",\"isPartOf\":{\"@id\":\"https:\/\/fmllanura.com\/#website\"},\"datePublished\":\"2026-02-14T15:22:53+00:00\",\"dateModified\":\"2026-02-14T15:22:54+00:00\",\"author\":{\"@id\":\"https:\/\/fmllanura.com\/#\/schema\/person\/dd4b4843c2293cd8d5995d115dbd5e96\"},\"breadcrumb\":{\"@id\":\"https:\/\/fmllanura.com\/?p=8022#breadcrumb\"},\"inLanguage\":\"es\",\"potentialAction\":[{\"@type\":\"ReadAction\",\"target\":[\"https:\/\/fmllanura.com\/?p=8022\"]}]},{\"@type\":\"BreadcrumbList\",\"@id\":\"https:\/\/fmllanura.com\/?p=8022#breadcrumb\",\"itemListElement\":[{\"@type\":\"ListItem\",\"position\":1,\"name\":\"Portada\",\"item\":\"https:\/\/fmllanura.com\/\"},{\"@type\":\"ListItem\",\"position\":2,\"name\":\"La Pampa despliega una intensa agenda cultural con fiestas populares, carnavales y el ciclo Rock del Centro\"}]},{\"@type\":\"WebSite\",\"@id\":\"https:\/\/fmllanura.com\/#website\",\"url\":\"https:\/\/fmllanura.com\/\",\"name\":\"RADIO LLANURA\",\"description\":\"\",\"potentialAction\":[{\"@type\":\"SearchAction\",\"target\":{\"@type\":\"EntryPoint\",\"urlTemplate\":\"https:\/\/fmllanura.com\/?s={search_term_string}\"},\"query-input\":\"required name=search_term_string\"}],\"inLanguage\":\"es\"},{\"@type\":\"Person\",\"@id\":\"https:\/\/fmllanura.com\/#\/schema\/person\/dd4b4843c2293cd8d5995d115dbd5e96\",\"name\":\"llanura\",\"image\":{\"@type\":\"ImageObject\",\"inLanguage\":\"es\",\"@id\":\"https:\/\/fmllanura.com\/#\/schema\/person\/image\/\",\"url\":\"https:\/\/secure.gravatar.com\/avatar\/f6ee1541937ff3e68dac011173779bde?s=96&d=mm&r=g\",\"contentUrl\":\"https:\/\/secure.gravatar.com\/avatar\/f6ee1541937ff3e68dac011173779bde?s=96&d=mm&r=g\",\"caption\":\"llanura\"},\"url\":\"https:\/\/fmllanura.com\/?author=4\"}]}<\/script>\n<!-- \/ Yoast SEO plugin. -->","yoast_head_json":{"title":"La Pampa despliega una intensa agenda cultural con fiestas populares, carnavales y el ciclo Rock del Centro - RADIO LLANURA","robots":{"index":"index","follow":"follow","max-snippet":"max-snippet:-1","max-image-preview":"max-image-preview:large","max-video-preview":"max-video-preview:-1"},"canonical":"https:\/\/fmllanura.com\/?p=8022","og_locale":"es_ES","og_type":"article","og_title":"La Pampa despliega una intensa agenda cultural con fiestas populares, carnavales y el ciclo Rock del Centro - RADIO LLANURA","og_description":"La Secretar\u00eda de Cultura del Gobierno de La Pampa dio a conocer una extensa y variada cartelera de actividades que abarca gran parte del territorio provincial. La propuesta busca integrar las tradicionales fiestas y encuentros populares con el despliegue de los carnavales y la oferta de los espacios de arte y museos.En lo que respecta &hellip;","og_url":"https:\/\/fmllanura.com\/?p=8022","og_site_name":"RADIO LLANURA","article_published_time":"2026-02-14T15:22:53+00:00","article_modified_time":"2026-02-14T15:22:54+00:00","og_image":[{"width":900,"height":507,"url":"https:\/\/fmllanura.com\/wp-content\/uploads\/2026\/02\/17710824863864963311360809750006.jpg","type":"image\/jpeg"}],"author":"llanura","twitter_card":"summary_large_image","twitter_misc":{"Escrito por":"llanura","Tiempo de lectura":"3 minutos"},"schema":{"@context":"https:\/\/schema.org","@graph":[{"@type":"WebPage","@id":"https:\/\/fmllanura.com\/?p=8022","url":"https:\/\/fmllanura.com\/?p=8022","name":"La Pampa despliega una intensa agenda cultural con fiestas populares, carnavales y el ciclo Rock del Centro - RADIO LLANURA","isPartOf":{"@id":"https:\/\/fmllanura.com\/#website"},"datePublished":"2026-02-14T15:22:53+00:00","dateModified":"2026-02-14T15:22:54+00:00","author":{"@id":"https:\/\/fmllanura.com\/#\/schema\/person\/dd4b4843c2293cd8d5995d115dbd5e96"},"breadcrumb":{"@id":"https:\/\/fmllanura.com\/?p=8022#breadcrumb"},"inLanguage":"es","potentialAction":[{"@type":"ReadAction","target":["https:\/\/fmllanura.com\/?p=8022"]}]},{"@type":"BreadcrumbList","@id":"https:\/\/fmllanura.com\/?p=8022#breadcrumb","itemListElement":[{"@type":"ListItem","position":1,"name":"Portada","item":"https:\/\/fmllanura.com\/"},{"@type":"ListItem","position":2,"name":"La Pampa despliega una intensa agenda cultural con fiestas populares, carnavales y el ciclo Rock del Centro"}]},{"@type":"WebSite","@id":"https:\/\/fmllanura.com\/#website","url":"https:\/\/fmllanura.com\/","name":"RADIO LLANURA","description":"","potentialAction":[{"@type":"SearchAction","target":{"@type":"EntryPoint","urlTemplate":"https:\/\/fmllanura.com\/?s={search_term_string}"},"query-input":"required name=search_term_string"}],"inLanguage":"es"},{"@type":"Person","@id":"https:\/\/fmllanura.com\/#\/schema\/person\/dd4b4843c2293cd8d5995d115dbd5e96","name":"llanura","image":{"@type":"ImageObject","inLanguage":"es","@id":"https:\/\/fmllanura.com\/#\/schema\/person\/image\/","url":"https:\/\/secure.gravatar.com\/avatar\/f6ee1541937ff3e68dac011173779bde?s=96&d=mm&r=g","contentUrl":"https:\/\/secure.gravatar.com\/avatar\/f6ee1541937ff3e68dac011173779bde?s=96&d=mm&r=g","caption":"llanura"},"url":"https:\/\/fmllanura.com\/?author=4"}]}},"_links":{"self":[{"href":"https:\/\/fmllanura.com\/index.php?rest_route=\/wp\/v2\/posts\/8022"}],"collection":[{"href":"https:\/\/fmllanura.com\/index.php?rest_route=\/wp\/v2\/posts"}],"about":[{"href":"https:\/\/fmllanura.com\/index.php?rest_route=\/wp\/v2\/types\/post"}],"author":[{"embeddable":true,"href":"https:\/\/fmllanura.com\/index.php?rest_route=\/wp\/v2\/users\/4"}],"replies":[{"embeddable":true,"href":"https:\/\/fmllanura.com\/index.php?rest_route=%2Fwp%2Fv2%2Fcomments&post=8022"}],"version-history":[{"count":1,"href":"https:\/\/fmllanura.com\/index.php?rest_route=\/wp\/v2\/posts\/8022\/revisions"}],"predecessor-version":[{"id":8033,"href":"https:\/\/fmllanura.com\/index.php?rest_route=\/wp\/v2\/posts\/8022\/revisions\/8033"}],"wp:featuredmedia":[{"embeddable":true,"href":"https:\/\/fmllanura.com\/index.php?rest_route=\/wp\/v2\/media\/8032"}],"wp:attachment":[{"href":"https:\/\/fmllanura.com\/index.php?rest_route=%2Fwp%2Fv2%2Fmedia&parent=8022"}],"wp:term":[{"taxonomy":"category","embeddable":true,"href":"https:\/\/fmllanura.com\/index.php?rest_route=%2Fwp%2Fv2%2Fcategories&post=8022"},{"taxonomy":"post_tag","embeddable":true,"href":"https:\/\/fmllanura.com\/index.php?rest_route=%2Fwp%2Fv2%2Ftags&post=8022"}],"curies":[{"name":"wp","href":"https:\/\/api.w.org\/{rel}","templated":true}]}}