{"id":8044,"date":"2026-02-16T12:54:41","date_gmt":"2026-02-16T12:54:41","guid":{"rendered":"https:\/\/fmllanura.com\/?p=8044"},"modified":"2026-02-16T12:54:42","modified_gmt":"2026-02-16T12:54:42","slug":"un-andinista-pampeano-llevo-el-reclamo-por-el-atuel-a-lo-alto-del-aconcagua","status":"publish","type":"post","link":"https:\/\/fmllanura.com\/?p=8044","title":{"rendered":"Un andinista pampeano llev\u00f3 el reclamo por el Atuel a lo alto del Aconcagua"},"content":{"rendered":"\n<figure class=\"wp-block-image size-full\"><img loading=\"lazy\" decoding=\"async\" width=\"900\" height=\"507\" src=\"https:\/\/fmllanura.com\/wp-content\/uploads\/2026\/02\/17712464091192508510179193630720.jpg\" alt=\"\" class=\"wp-image-8055\" srcset=\"https:\/\/fmllanura.com\/wp-content\/uploads\/2026\/02\/17712464091192508510179193630720.jpg 900w, https:\/\/fmllanura.com\/wp-content\/uploads\/2026\/02\/17712464091192508510179193630720-300x169.jpg 300w, https:\/\/fmllanura.com\/wp-content\/uploads\/2026\/02\/17712464091192508510179193630720-768x433.jpg 768w\" sizes=\"(max-width: 900px) 100vw, 900px\" \/><\/figure>\n\n\n\n<p>El pampeano Adolfo \u201cFito\u201d Molas protagoniz\u00f3 una experiencia significativa en el Aconcagua, la monta\u00f1a m\u00e1s alta de Am\u00e9rica, al llevar hasta all\u00ed el hist\u00f3rico pedido de su provincia por los recursos h\u00eddricos. A pesar de que las condiciones clim\u00e1ticas adversas impidieron que alcanzara la cumbre, el andinista logr\u00f3 desplegar la bandera con la inscripci\u00f3n \u201cPampeanos por el Atuel\u201d a 6.200 metros de altura, dejando sentado el reclamo en uno de los puntos m\u00e1s imponentes del continente.La expedici\u00f3n tuvo una duraci\u00f3n de 15 d\u00edas y estuvo marcada por el esfuerzo f\u00edsico, el fr\u00edo extremo y fuertes vientos, factores que obligaron a priorizar la seguridad del equipo y desistir del intento final de ascenso. No obstante, Molas valor\u00f3 el sentido profundo de la traves\u00eda. \u201cUno se emociona contando la realidad del oeste pampeano\u201d, manifest\u00f3 a la Agencia Provincial de Noticias tras su regreso. Asimismo, destac\u00f3 que la acci\u00f3n \u201ces un granito de arena m\u00e1s para visibilizar el reclamo pampeano por el Atuel\u201d.<\/p>\n\n\n\n<p>Durante el ascenso, Molas comparti\u00f3 la experiencia con monta\u00f1istas tucumanos que desconoc\u00edan en profundidad la problem\u00e1tica del r\u00edo Atuel. En las jornadas de convivencia en la monta\u00f1a, el pampeano les transmiti\u00f3 la historia y la realidad que atraviesa el oeste provincial, lo que gener\u00f3 inter\u00e9s y reflexi\u00f3n en el grupo, ampliando as\u00ed el impacto de la iniciativa m\u00e1s all\u00e1 de lo simb\u00f3lico.Tras su retorno a La Pampa, el andinista mantuvo una reuni\u00f3n con el secretario de Recursos H\u00eddricos, Jos\u00e9 Gobbi, para compartir los detalles de la traves\u00eda. En esa instancia, agradeci\u00f3 el acompa\u00f1amiento de la Secretar\u00eda, as\u00ed como al grupo del curso de Alta Monta\u00f1a de Tucum\u00e1n, dirigido por Marcos Villa Kenning, y al grupo santarrose\u00f1o STR, comandado por H\u00e9ctor \u201cTanque\u201d Lorda y Eric Knudtsen, por el apoyo en la preparaci\u00f3n previa.Lejos de cerrar este cap\u00edtulo, Molas anunci\u00f3 que en diciembre volver\u00e1 al Aconcagua para intentar nuevamente hacer cumbre. Si bien la cima qued\u00f3 pendiente en esta oportunidad, la bandera y la voz del oeste pampeano ya lograron marcar presencia en las alturas.<\/p>\n","protected":false},"excerpt":{"rendered":"<p>El pampeano Adolfo \u201cFito\u201d Molas protagoniz\u00f3 una experiencia significativa en el Aconcagua, la monta\u00f1a m\u00e1s alta de Am\u00e9rica, al llevar hasta all\u00ed el hist\u00f3rico pedido de su provincia por los recursos h\u00eddricos. A pesar de que las condiciones clim\u00e1ticas adversas impidieron que alcanzara la cumbre, el andinista logr\u00f3 desplegar la bandera con la inscripci\u00f3n \u201cPampeanos &hellip;<\/p>\n","protected":false},"author":4,"featured_media":8055,"comment_status":"open","ping_status":"open","sticky":false,"template":"","format":"standard","meta":{"footnotes":""},"categories":[1],"tags":[],"class_list":["post-8044","post","type-post","status-publish","format-standard","has-post-thumbnail","","category-uncategorized"],"yoast_head":"<!-- This site is optimized with the Yoast SEO plugin v19.9 - https:\/\/yoast.com\/wordpress\/plugins\/seo\/ -->\n<title>Un andinista pampeano llev\u00f3 el reclamo por el Atuel a lo alto del Aconcagua - RADIO LLANURA<\/title>\n<meta name=\"robots\" content=\"index, follow, max-snippet:-1, max-image-preview:large, max-video-preview:-1\" \/>\n<link rel=\"canonical\" href=\"https:\/\/fmllanura.com\/?p=8044\" \/>\n<meta property=\"og:locale\" content=\"es_ES\" \/>\n<meta property=\"og:type\" content=\"article\" \/>\n<meta property=\"og:title\" content=\"Un andinista pampeano llev\u00f3 el reclamo por el Atuel a lo alto del Aconcagua - RADIO LLANURA\" \/>\n<meta property=\"og:description\" content=\"El pampeano Adolfo \u201cFito\u201d Molas protagoniz\u00f3 una experiencia significativa en el Aconcagua, la monta\u00f1a m\u00e1s alta de Am\u00e9rica, al llevar hasta all\u00ed el hist\u00f3rico pedido de su provincia por los recursos h\u00eddricos. A pesar de que las condiciones clim\u00e1ticas adversas impidieron que alcanzara la cumbre, el andinista logr\u00f3 desplegar la bandera con la inscripci\u00f3n \u201cPampeanos &hellip;\" \/>\n<meta property=\"og:url\" content=\"https:\/\/fmllanura.com\/?p=8044\" \/>\n<meta property=\"og:site_name\" content=\"RADIO LLANURA\" \/>\n<meta property=\"article:published_time\" content=\"2026-02-16T12:54:41+00:00\" \/>\n<meta property=\"article:modified_time\" content=\"2026-02-16T12:54:42+00:00\" \/>\n<meta property=\"og:image\" content=\"https:\/\/fmllanura.com\/wp-content\/uploads\/2026\/02\/17712464091192508510179193630720.jpg\" \/>\n\t<meta property=\"og:image:width\" content=\"900\" \/>\n\t<meta property=\"og:image:height\" content=\"507\" \/>\n\t<meta property=\"og:image:type\" content=\"image\/jpeg\" \/>\n<meta name=\"author\" content=\"llanura\" \/>\n<meta name=\"twitter:card\" content=\"summary_large_image\" \/>\n<meta name=\"twitter:label1\" content=\"Escrito por\" \/>\n\t<meta name=\"twitter:data1\" content=\"llanura\" \/>\n\t<meta name=\"twitter:label2\" content=\"Tiempo de lectura\" \/>\n\t<meta name=\"twitter:data2\" content=\"2 minutos\" \/>\n<script type=\"application\/ld+json\" class=\"yoast-schema-graph\">{\"@context\":\"https:\/\/schema.org\",\"@graph\":[{\"@type\":\"WebPage\",\"@id\":\"https:\/\/fmllanura.com\/?p=8044\",\"url\":\"https:\/\/fmllanura.com\/?p=8044\",\"name\":\"Un andinista pampeano llev\u00f3 el reclamo por el Atuel a lo alto del Aconcagua - RADIO LLANURA\",\"isPartOf\":{\"@id\":\"https:\/\/fmllanura.com\/#website\"},\"datePublished\":\"2026-02-16T12:54:41+00:00\",\"dateModified\":\"2026-02-16T12:54:42+00:00\",\"author\":{\"@id\":\"https:\/\/fmllanura.com\/#\/schema\/person\/dd4b4843c2293cd8d5995d115dbd5e96\"},\"breadcrumb\":{\"@id\":\"https:\/\/fmllanura.com\/?p=8044#breadcrumb\"},\"inLanguage\":\"es\",\"potentialAction\":[{\"@type\":\"ReadAction\",\"target\":[\"https:\/\/fmllanura.com\/?p=8044\"]}]},{\"@type\":\"BreadcrumbList\",\"@id\":\"https:\/\/fmllanura.com\/?p=8044#breadcrumb\",\"itemListElement\":[{\"@type\":\"ListItem\",\"position\":1,\"name\":\"Portada\",\"item\":\"https:\/\/fmllanura.com\/\"},{\"@type\":\"ListItem\",\"position\":2,\"name\":\"Un andinista pampeano llev\u00f3 el reclamo por el Atuel a lo alto del Aconcagua\"}]},{\"@type\":\"WebSite\",\"@id\":\"https:\/\/fmllanura.com\/#website\",\"url\":\"https:\/\/fmllanura.com\/\",\"name\":\"RADIO LLANURA\",\"description\":\"\",\"potentialAction\":[{\"@type\":\"SearchAction\",\"target\":{\"@type\":\"EntryPoint\",\"urlTemplate\":\"https:\/\/fmllanura.com\/?s={search_term_string}\"},\"query-input\":\"required name=search_term_string\"}],\"inLanguage\":\"es\"},{\"@type\":\"Person\",\"@id\":\"https:\/\/fmllanura.com\/#\/schema\/person\/dd4b4843c2293cd8d5995d115dbd5e96\",\"name\":\"llanura\",\"image\":{\"@type\":\"ImageObject\",\"inLanguage\":\"es\",\"@id\":\"https:\/\/fmllanura.com\/#\/schema\/person\/image\/\",\"url\":\"https:\/\/secure.gravatar.com\/avatar\/f6ee1541937ff3e68dac011173779bde?s=96&d=mm&r=g\",\"contentUrl\":\"https:\/\/secure.gravatar.com\/avatar\/f6ee1541937ff3e68dac011173779bde?s=96&d=mm&r=g\",\"caption\":\"llanura\"},\"url\":\"https:\/\/fmllanura.com\/?author=4\"}]}<\/script>\n<!-- \/ Yoast SEO plugin. -->","yoast_head_json":{"title":"Un andinista pampeano llev\u00f3 el reclamo por el Atuel a lo alto del Aconcagua - RADIO LLANURA","robots":{"index":"index","follow":"follow","max-snippet":"max-snippet:-1","max-image-preview":"max-image-preview:large","max-video-preview":"max-video-preview:-1"},"canonical":"https:\/\/fmllanura.com\/?p=8044","og_locale":"es_ES","og_type":"article","og_title":"Un andinista pampeano llev\u00f3 el reclamo por el Atuel a lo alto del Aconcagua - RADIO LLANURA","og_description":"El pampeano Adolfo \u201cFito\u201d Molas protagoniz\u00f3 una experiencia significativa en el Aconcagua, la monta\u00f1a m\u00e1s alta de Am\u00e9rica, al llevar hasta all\u00ed el hist\u00f3rico pedido de su provincia por los recursos h\u00eddricos. A pesar de que las condiciones clim\u00e1ticas adversas impidieron que alcanzara la cumbre, el andinista logr\u00f3 desplegar la bandera con la inscripci\u00f3n \u201cPampeanos &hellip;","og_url":"https:\/\/fmllanura.com\/?p=8044","og_site_name":"RADIO LLANURA","article_published_time":"2026-02-16T12:54:41+00:00","article_modified_time":"2026-02-16T12:54:42+00:00","og_image":[{"width":900,"height":507,"url":"https:\/\/fmllanura.com\/wp-content\/uploads\/2026\/02\/17712464091192508510179193630720.jpg","type":"image\/jpeg"}],"author":"llanura","twitter_card":"summary_large_image","twitter_misc":{"Escrito por":"llanura","Tiempo de lectura":"2 minutos"},"schema":{"@context":"https:\/\/schema.org","@graph":[{"@type":"WebPage","@id":"https:\/\/fmllanura.com\/?p=8044","url":"https:\/\/fmllanura.com\/?p=8044","name":"Un andinista pampeano llev\u00f3 el reclamo por el Atuel a lo alto del Aconcagua - RADIO LLANURA","isPartOf":{"@id":"https:\/\/fmllanura.com\/#website"},"datePublished":"2026-02-16T12:54:41+00:00","dateModified":"2026-02-16T12:54:42+00:00","author":{"@id":"https:\/\/fmllanura.com\/#\/schema\/person\/dd4b4843c2293cd8d5995d115dbd5e96"},"breadcrumb":{"@id":"https:\/\/fmllanura.com\/?p=8044#breadcrumb"},"inLanguage":"es","potentialAction":[{"@type":"ReadAction","target":["https:\/\/fmllanura.com\/?p=8044"]}]},{"@type":"BreadcrumbList","@id":"https:\/\/fmllanura.com\/?p=8044#breadcrumb","itemListElement":[{"@type":"ListItem","position":1,"name":"Portada","item":"https:\/\/fmllanura.com\/"},{"@type":"ListItem","position":2,"name":"Un andinista pampeano llev\u00f3 el reclamo por el Atuel a lo alto del Aconcagua"}]},{"@type":"WebSite","@id":"https:\/\/fmllanura.com\/#website","url":"https:\/\/fmllanura.com\/","name":"RADIO LLANURA","description":"","potentialAction":[{"@type":"SearchAction","target":{"@type":"EntryPoint","urlTemplate":"https:\/\/fmllanura.com\/?s={search_term_string}"},"query-input":"required name=search_term_string"}],"inLanguage":"es"},{"@type":"Person","@id":"https:\/\/fmllanura.com\/#\/schema\/person\/dd4b4843c2293cd8d5995d115dbd5e96","name":"llanura","image":{"@type":"ImageObject","inLanguage":"es","@id":"https:\/\/fmllanura.com\/#\/schema\/person\/image\/","url":"https:\/\/secure.gravatar.com\/avatar\/f6ee1541937ff3e68dac011173779bde?s=96&d=mm&r=g","contentUrl":"https:\/\/secure.gravatar.com\/avatar\/f6ee1541937ff3e68dac011173779bde?s=96&d=mm&r=g","caption":"llanura"},"url":"https:\/\/fmllanura.com\/?author=4"}]}},"_links":{"self":[{"href":"https:\/\/fmllanura.com\/index.php?rest_route=\/wp\/v2\/posts\/8044"}],"collection":[{"href":"https:\/\/fmllanura.com\/index.php?rest_route=\/wp\/v2\/posts"}],"about":[{"href":"https:\/\/fmllanura.com\/index.php?rest_route=\/wp\/v2\/types\/post"}],"author":[{"embeddable":true,"href":"https:\/\/fmllanura.com\/index.php?rest_route=\/wp\/v2\/users\/4"}],"replies":[{"embeddable":true,"href":"https:\/\/fmllanura.com\/index.php?rest_route=%2Fwp%2Fv2%2Fcomments&post=8044"}],"version-history":[{"count":1,"href":"https:\/\/fmllanura.com\/index.php?rest_route=\/wp\/v2\/posts\/8044\/revisions"}],"predecessor-version":[{"id":8056,"href":"https:\/\/fmllanura.com\/index.php?rest_route=\/wp\/v2\/posts\/8044\/revisions\/8056"}],"wp:featuredmedia":[{"embeddable":true,"href":"https:\/\/fmllanura.com\/index.php?rest_route=\/wp\/v2\/media\/8055"}],"wp:attachment":[{"href":"https:\/\/fmllanura.com\/index.php?rest_route=%2Fwp%2Fv2%2Fmedia&parent=8044"}],"wp:term":[{"taxonomy":"category","embeddable":true,"href":"https:\/\/fmllanura.com\/index.php?rest_route=%2Fwp%2Fv2%2Fcategories&post=8044"},{"taxonomy":"post_tag","embeddable":true,"href":"https:\/\/fmllanura.com\/index.php?rest_route=%2Fwp%2Fv2%2Ftags&post=8044"}],"curies":[{"name":"wp","href":"https:\/\/api.w.org\/{rel}","templated":true}]}}