{"id":8046,"date":"2026-02-16T12:57:33","date_gmt":"2026-02-16T12:57:33","guid":{"rendered":"https:\/\/fmllanura.com\/?p=8046"},"modified":"2026-02-16T12:57:34","modified_gmt":"2026-02-16T12:57:34","slug":"confirmaron-la-condena-de-9-anos-para-un-padre-que-abusaba-de-su-hija-en-general-pico","status":"publish","type":"post","link":"https:\/\/fmllanura.com\/?p=8046","title":{"rendered":"Confirmaron la condena de 9 a\u00f1os para un padre que abusaba de su hija en General Pico"},"content":{"rendered":"\n<figure class=\"wp-block-image size-full\"><img loading=\"lazy\" decoding=\"async\" width=\"770\" height=\"450\" src=\"https:\/\/fmllanura.com\/wp-content\/uploads\/2026\/02\/17712465726538984109398799231459.jpg\" alt=\"\" class=\"wp-image-8060\" srcset=\"https:\/\/fmllanura.com\/wp-content\/uploads\/2026\/02\/17712465726538984109398799231459.jpg 770w, https:\/\/fmllanura.com\/wp-content\/uploads\/2026\/02\/17712465726538984109398799231459-300x175.jpg 300w, https:\/\/fmllanura.com\/wp-content\/uploads\/2026\/02\/17712465726538984109398799231459-768x449.jpg 768w\" sizes=\"(max-width: 770px) 100vw, 770px\" \/><\/figure>\n\n\n\n<p>La Sala B del Superior Tribunal de Justicia declar\u00f3 inadmisible el \u00faltimo recurso de la defensa. El condenado aprovechaba la indefensi\u00f3n de la menor mientras dorm\u00eda para someterla a tocamientos y acceso carnal.La Justicia de La Pampa puso punto final a un aberrante caso de abuso intrafamiliar ocurrido en General Pico. La Sala B del Superior Tribunal de Justicia (STJ), conformada por los jueces Fabricio Ildebrando Luis Losi y Mar\u00eda Ver\u00f3nica Campo, declar\u00f3 inadmisible el recurso de casaci\u00f3n interpuesto por la defensa de M.D.S., confirmando as\u00ed la pena de 9 a\u00f1os de prisi\u00f3n de cumplimiento efectivo.<\/p>\n\n\n\n<p>El condenado hab\u00eda sido hallado culpable de abuso sexual con acceso carnal, abuso gravemente ultrajante y abuso sexual simple, todo agravado por el v\u00ednculo, ya que la v\u00edctima era su propia hija.Los hechosSeg\u00fan la plataforma f\u00e1ctica ratificada por la Justicia, los hechos ocurrieron en una vivienda de General Pico cuando la ni\u00f1a ten\u00eda entre 12 y 14 a\u00f1os. La sentencia describe un accionar \u201creiterado y progresivo\u201d. El padre aprovechaba los momentos en que su hija dorm\u00eda \u2014ya fuera la siesta o por la noche\u2014 para realizar tocamientos imp\u00fadicos.La gravedad de los ataques escal\u00f3 con el tiempo. El fallo detalla que el hombre lleg\u00f3 a practicarle sexo oral mientras ella dorm\u00eda y, en una \u00faltima instancia, la penetr\u00f3 vaginalmente, situaci\u00f3n que se interrumpi\u00f3 cuando la v\u00edctima despert\u00f3 y logr\u00f3 huir de la casa hacia lo de una amiga, mientras su padre la persegu\u00eda rog\u00e1ndole que \u201cno contara nada\u201d.El planteo defensivoEl defensor oficial, H\u00e9ctor A. Freigedo, intent\u00f3 impugnar la sentencia argumentando una violaci\u00f3n al \u201cprincipio de congruencia\u201d. Sostuvo que hubo imprecisiones temporales entre la acusaci\u00f3n y la condena, alegando que a los 12 a\u00f1os la ni\u00f1a no conviv\u00eda con el imputado.Sin embargo, el STJ desestim\u00f3 estos argumentos t\u00e9cnicos. Los magistrados consideraron que las variaciones en la \u201cdicci\u00f3n\u201d o en la delimitaci\u00f3n temporal exacta no afectaron el derecho de defensa, dado que el n\u00facleo de la acusaci\u00f3n \u2014los actos de abuso\u2014 se mantuvo inalterado y fue ampliamente probado por el relato de la v\u00edctima, testigos, pericias psicol\u00f3gicas del Lic. Bugnone y los informes m\u00e9dicos.<\/p>\n\n\n\n<p>Con esta resoluci\u00f3n, firmada este 11 de febrero de 2026, el m\u00e1ximo tribunal provincial cierra la v\u00eda recursiva y deja firme la condena contra el abusador.<\/p>\n","protected":false},"excerpt":{"rendered":"<p>La Sala B del Superior Tribunal de Justicia declar\u00f3 inadmisible el \u00faltimo recurso de la defensa. El condenado aprovechaba la indefensi\u00f3n de la menor mientras dorm\u00eda para someterla a tocamientos y acceso carnal.La Justicia de La Pampa puso punto final a un aberrante caso de abuso intrafamiliar ocurrido en General Pico. La Sala B del &hellip;<\/p>\n","protected":false},"author":4,"featured_media":8060,"comment_status":"open","ping_status":"open","sticky":false,"template":"","format":"standard","meta":{"footnotes":""},"categories":[1],"tags":[],"class_list":["post-8046","post","type-post","status-publish","format-standard","has-post-thumbnail","","category-uncategorized"],"yoast_head":"<!-- This site is optimized with the Yoast SEO plugin v19.9 - https:\/\/yoast.com\/wordpress\/plugins\/seo\/ -->\n<title>Confirmaron la condena de 9 a\u00f1os para un padre que abusaba de su hija en General Pico - RADIO LLANURA<\/title>\n<meta name=\"robots\" content=\"index, follow, max-snippet:-1, max-image-preview:large, max-video-preview:-1\" \/>\n<link rel=\"canonical\" href=\"https:\/\/fmllanura.com\/?p=8046\" \/>\n<meta property=\"og:locale\" content=\"es_ES\" \/>\n<meta property=\"og:type\" content=\"article\" \/>\n<meta property=\"og:title\" content=\"Confirmaron la condena de 9 a\u00f1os para un padre que abusaba de su hija en General Pico - RADIO LLANURA\" \/>\n<meta property=\"og:description\" content=\"La Sala B del Superior Tribunal de Justicia declar\u00f3 inadmisible el \u00faltimo recurso de la defensa. El condenado aprovechaba la indefensi\u00f3n de la menor mientras dorm\u00eda para someterla a tocamientos y acceso carnal.La Justicia de La Pampa puso punto final a un aberrante caso de abuso intrafamiliar ocurrido en General Pico. La Sala B del &hellip;\" \/>\n<meta property=\"og:url\" content=\"https:\/\/fmllanura.com\/?p=8046\" \/>\n<meta property=\"og:site_name\" content=\"RADIO LLANURA\" \/>\n<meta property=\"article:published_time\" content=\"2026-02-16T12:57:33+00:00\" \/>\n<meta property=\"article:modified_time\" content=\"2026-02-16T12:57:34+00:00\" \/>\n<meta property=\"og:image\" content=\"https:\/\/fmllanura.com\/wp-content\/uploads\/2026\/02\/17712465726538984109398799231459.jpg\" \/>\n\t<meta property=\"og:image:width\" content=\"770\" \/>\n\t<meta property=\"og:image:height\" content=\"450\" \/>\n\t<meta property=\"og:image:type\" content=\"image\/jpeg\" \/>\n<meta name=\"author\" content=\"llanura\" \/>\n<meta name=\"twitter:card\" content=\"summary_large_image\" \/>\n<meta name=\"twitter:label1\" content=\"Escrito por\" \/>\n\t<meta name=\"twitter:data1\" content=\"llanura\" \/>\n\t<meta name=\"twitter:label2\" content=\"Tiempo de lectura\" \/>\n\t<meta name=\"twitter:data2\" content=\"2 minutos\" \/>\n<script type=\"application\/ld+json\" class=\"yoast-schema-graph\">{\"@context\":\"https:\/\/schema.org\",\"@graph\":[{\"@type\":\"WebPage\",\"@id\":\"https:\/\/fmllanura.com\/?p=8046\",\"url\":\"https:\/\/fmllanura.com\/?p=8046\",\"name\":\"Confirmaron la condena de 9 a\u00f1os para un padre que abusaba de su hija en General Pico - RADIO LLANURA\",\"isPartOf\":{\"@id\":\"https:\/\/fmllanura.com\/#website\"},\"datePublished\":\"2026-02-16T12:57:33+00:00\",\"dateModified\":\"2026-02-16T12:57:34+00:00\",\"author\":{\"@id\":\"https:\/\/fmllanura.com\/#\/schema\/person\/dd4b4843c2293cd8d5995d115dbd5e96\"},\"breadcrumb\":{\"@id\":\"https:\/\/fmllanura.com\/?p=8046#breadcrumb\"},\"inLanguage\":\"es\",\"potentialAction\":[{\"@type\":\"ReadAction\",\"target\":[\"https:\/\/fmllanura.com\/?p=8046\"]}]},{\"@type\":\"BreadcrumbList\",\"@id\":\"https:\/\/fmllanura.com\/?p=8046#breadcrumb\",\"itemListElement\":[{\"@type\":\"ListItem\",\"position\":1,\"name\":\"Portada\",\"item\":\"https:\/\/fmllanura.com\/\"},{\"@type\":\"ListItem\",\"position\":2,\"name\":\"Confirmaron la condena de 9 a\u00f1os para un padre que abusaba de su hija en General Pico\"}]},{\"@type\":\"WebSite\",\"@id\":\"https:\/\/fmllanura.com\/#website\",\"url\":\"https:\/\/fmllanura.com\/\",\"name\":\"RADIO LLANURA\",\"description\":\"\",\"potentialAction\":[{\"@type\":\"SearchAction\",\"target\":{\"@type\":\"EntryPoint\",\"urlTemplate\":\"https:\/\/fmllanura.com\/?s={search_term_string}\"},\"query-input\":\"required name=search_term_string\"}],\"inLanguage\":\"es\"},{\"@type\":\"Person\",\"@id\":\"https:\/\/fmllanura.com\/#\/schema\/person\/dd4b4843c2293cd8d5995d115dbd5e96\",\"name\":\"llanura\",\"image\":{\"@type\":\"ImageObject\",\"inLanguage\":\"es\",\"@id\":\"https:\/\/fmllanura.com\/#\/schema\/person\/image\/\",\"url\":\"https:\/\/secure.gravatar.com\/avatar\/f6ee1541937ff3e68dac011173779bde?s=96&d=mm&r=g\",\"contentUrl\":\"https:\/\/secure.gravatar.com\/avatar\/f6ee1541937ff3e68dac011173779bde?s=96&d=mm&r=g\",\"caption\":\"llanura\"},\"url\":\"https:\/\/fmllanura.com\/?author=4\"}]}<\/script>\n<!-- \/ Yoast SEO plugin. -->","yoast_head_json":{"title":"Confirmaron la condena de 9 a\u00f1os para un padre que abusaba de su hija en General Pico - RADIO LLANURA","robots":{"index":"index","follow":"follow","max-snippet":"max-snippet:-1","max-image-preview":"max-image-preview:large","max-video-preview":"max-video-preview:-1"},"canonical":"https:\/\/fmllanura.com\/?p=8046","og_locale":"es_ES","og_type":"article","og_title":"Confirmaron la condena de 9 a\u00f1os para un padre que abusaba de su hija en General Pico - RADIO LLANURA","og_description":"La Sala B del Superior Tribunal de Justicia declar\u00f3 inadmisible el \u00faltimo recurso de la defensa. El condenado aprovechaba la indefensi\u00f3n de la menor mientras dorm\u00eda para someterla a tocamientos y acceso carnal.La Justicia de La Pampa puso punto final a un aberrante caso de abuso intrafamiliar ocurrido en General Pico. La Sala B del &hellip;","og_url":"https:\/\/fmllanura.com\/?p=8046","og_site_name":"RADIO LLANURA","article_published_time":"2026-02-16T12:57:33+00:00","article_modified_time":"2026-02-16T12:57:34+00:00","og_image":[{"width":770,"height":450,"url":"https:\/\/fmllanura.com\/wp-content\/uploads\/2026\/02\/17712465726538984109398799231459.jpg","type":"image\/jpeg"}],"author":"llanura","twitter_card":"summary_large_image","twitter_misc":{"Escrito por":"llanura","Tiempo de lectura":"2 minutos"},"schema":{"@context":"https:\/\/schema.org","@graph":[{"@type":"WebPage","@id":"https:\/\/fmllanura.com\/?p=8046","url":"https:\/\/fmllanura.com\/?p=8046","name":"Confirmaron la condena de 9 a\u00f1os para un padre que abusaba de su hija en General Pico - RADIO LLANURA","isPartOf":{"@id":"https:\/\/fmllanura.com\/#website"},"datePublished":"2026-02-16T12:57:33+00:00","dateModified":"2026-02-16T12:57:34+00:00","author":{"@id":"https:\/\/fmllanura.com\/#\/schema\/person\/dd4b4843c2293cd8d5995d115dbd5e96"},"breadcrumb":{"@id":"https:\/\/fmllanura.com\/?p=8046#breadcrumb"},"inLanguage":"es","potentialAction":[{"@type":"ReadAction","target":["https:\/\/fmllanura.com\/?p=8046"]}]},{"@type":"BreadcrumbList","@id":"https:\/\/fmllanura.com\/?p=8046#breadcrumb","itemListElement":[{"@type":"ListItem","position":1,"name":"Portada","item":"https:\/\/fmllanura.com\/"},{"@type":"ListItem","position":2,"name":"Confirmaron la condena de 9 a\u00f1os para un padre que abusaba de su hija en General Pico"}]},{"@type":"WebSite","@id":"https:\/\/fmllanura.com\/#website","url":"https:\/\/fmllanura.com\/","name":"RADIO LLANURA","description":"","potentialAction":[{"@type":"SearchAction","target":{"@type":"EntryPoint","urlTemplate":"https:\/\/fmllanura.com\/?s={search_term_string}"},"query-input":"required name=search_term_string"}],"inLanguage":"es"},{"@type":"Person","@id":"https:\/\/fmllanura.com\/#\/schema\/person\/dd4b4843c2293cd8d5995d115dbd5e96","name":"llanura","image":{"@type":"ImageObject","inLanguage":"es","@id":"https:\/\/fmllanura.com\/#\/schema\/person\/image\/","url":"https:\/\/secure.gravatar.com\/avatar\/f6ee1541937ff3e68dac011173779bde?s=96&d=mm&r=g","contentUrl":"https:\/\/secure.gravatar.com\/avatar\/f6ee1541937ff3e68dac011173779bde?s=96&d=mm&r=g","caption":"llanura"},"url":"https:\/\/fmllanura.com\/?author=4"}]}},"_links":{"self":[{"href":"https:\/\/fmllanura.com\/index.php?rest_route=\/wp\/v2\/posts\/8046"}],"collection":[{"href":"https:\/\/fmllanura.com\/index.php?rest_route=\/wp\/v2\/posts"}],"about":[{"href":"https:\/\/fmllanura.com\/index.php?rest_route=\/wp\/v2\/types\/post"}],"author":[{"embeddable":true,"href":"https:\/\/fmllanura.com\/index.php?rest_route=\/wp\/v2\/users\/4"}],"replies":[{"embeddable":true,"href":"https:\/\/fmllanura.com\/index.php?rest_route=%2Fwp%2Fv2%2Fcomments&post=8046"}],"version-history":[{"count":1,"href":"https:\/\/fmllanura.com\/index.php?rest_route=\/wp\/v2\/posts\/8046\/revisions"}],"predecessor-version":[{"id":8061,"href":"https:\/\/fmllanura.com\/index.php?rest_route=\/wp\/v2\/posts\/8046\/revisions\/8061"}],"wp:featuredmedia":[{"embeddable":true,"href":"https:\/\/fmllanura.com\/index.php?rest_route=\/wp\/v2\/media\/8060"}],"wp:attachment":[{"href":"https:\/\/fmllanura.com\/index.php?rest_route=%2Fwp%2Fv2%2Fmedia&parent=8046"}],"wp:term":[{"taxonomy":"category","embeddable":true,"href":"https:\/\/fmllanura.com\/index.php?rest_route=%2Fwp%2Fv2%2Fcategories&post=8046"},{"taxonomy":"post_tag","embeddable":true,"href":"https:\/\/fmllanura.com\/index.php?rest_route=%2Fwp%2Fv2%2Ftags&post=8046"}],"curies":[{"name":"wp","href":"https:\/\/api.w.org\/{rel}","templated":true}]}}