{"id":8496,"date":"2026-03-14T16:00:53","date_gmt":"2026-03-14T16:00:53","guid":{"rendered":"https:\/\/fmllanura.com\/?p=8496"},"modified":"2026-03-14T16:00:54","modified_gmt":"2026-03-14T16:00:54","slug":"tragico-accidente-en-la-ruta-nacional-5-un-joven-de-22-anos-murio-en-un-choque-frontal","status":"publish","type":"post","link":"https:\/\/fmllanura.com\/?p=8496","title":{"rendered":"Tr\u00e1gico accidente en la Ruta Nacional 5: un joven de 22 a\u00f1os muri\u00f3 en un choque frontal"},"content":{"rendered":"\n<figure class=\"wp-block-image size-large\"><img loading=\"lazy\" decoding=\"async\" width=\"1024\" height=\"684\" src=\"https:\/\/fmllanura.com\/wp-content\/uploads\/2026\/03\/17735039097505127898461938028481-1024x684.jpg\" alt=\"\" class=\"wp-image-8508\" srcset=\"https:\/\/fmllanura.com\/wp-content\/uploads\/2026\/03\/17735039097505127898461938028481-1024x684.jpg 1024w, https:\/\/fmllanura.com\/wp-content\/uploads\/2026\/03\/17735039097505127898461938028481-300x200.jpg 300w, https:\/\/fmllanura.com\/wp-content\/uploads\/2026\/03\/17735039097505127898461938028481-768x513.jpg 768w, https:\/\/fmllanura.com\/wp-content\/uploads\/2026\/03\/17735039097505127898461938028481.jpg 1036w\" sizes=\"(max-width: 1024px) 100vw, 1024px\" \/><\/figure>\n\n\n\n<p>Un grav\u00edsimo siniestro vial tuvo lugar en la Ruta Nacional N\u00b0 5, dejando como saldo una v\u00edctima fatal tras el violento impacto entre un autom\u00f3vil y un veh\u00edculo de carga. La colisi\u00f3n fatal se produjo en el tramo que une Santa Rosa con Anguil.Un nuevo y lamentable siniestro vial enlut\u00f3 las rutas pampeanas en las \u00faltimas horas. El tr\u00e1gico hecho ocurri\u00f3 sobre la Ruta Nacional N\u00b0 5, espec\u00edficamente en el tramo comprendido entre los kil\u00f3metros 583 y 584.<\/p>\n\n\n\n<p>Los protagonistas del choque frontal fueron un cami\u00f3n y un autom\u00f3vil Volkswagen Gol. Por causas que a\u00fan son materia de investigaci\u00f3n y que deber\u00e1n ser determinadas por las pericias correspondientes, ambos rodados impactaron violentamente de frente sobre la cinta asf\u00e1ltica.<\/p>\n\n\n\n<p>Como consecuencia directa del fort\u00edsimo impacto, se confirm\u00f3 el fallecimiento de una persona de 22 a\u00f1os de edad, quien circulaba a bordo del veh\u00edculo de menor porte. El autom\u00f3vil qued\u00f3 con da\u00f1os totales y la v\u00edctima perdi\u00f3 la vida a ra\u00edz de la gravedad de las heridas sufridas en la colisi\u00f3n.En el lugar del siniestro se despleg\u00f3 un r\u00e1pido operativo que incluy\u00f3 el trabajo del personal policial de la jurisdicci\u00f3n, servicios de emergencias m\u00e9dicas y bomberos, quienes llevaron adelante las tareas de rigor para asegurar la zona. Asimismo, el tr\u00e1nsito debi\u00f3 ser asistido mientras los peritos realizaban los relevamientos planim\u00e9tricos y accidentol\u00f3gicos para establecer la mec\u00e1nica exacta del siniestro.<\/p>\n","protected":false},"excerpt":{"rendered":"<p>Un grav\u00edsimo siniestro vial tuvo lugar en la Ruta Nacional N\u00b0 5, dejando como saldo una v\u00edctima fatal tras el violento impacto entre un autom\u00f3vil y un veh\u00edculo de carga. La colisi\u00f3n fatal se produjo en el tramo que une Santa Rosa con Anguil.Un nuevo y lamentable siniestro vial enlut\u00f3 las rutas pampeanas en las &hellip;<\/p>\n","protected":false},"author":4,"featured_media":8508,"comment_status":"open","ping_status":"open","sticky":false,"template":"","format":"standard","meta":{"footnotes":""},"categories":[1],"tags":[],"class_list":["post-8496","post","type-post","status-publish","format-standard","has-post-thumbnail","","category-uncategorized"],"yoast_head":"<!-- This site is optimized with the Yoast SEO plugin v19.9 - https:\/\/yoast.com\/wordpress\/plugins\/seo\/ -->\n<title>Tr\u00e1gico accidente en la Ruta Nacional 5: un joven de 22 a\u00f1os muri\u00f3 en un choque frontal - RADIO LLANURA<\/title>\n<meta name=\"robots\" content=\"index, follow, max-snippet:-1, max-image-preview:large, max-video-preview:-1\" \/>\n<link rel=\"canonical\" href=\"https:\/\/fmllanura.com\/?p=8496\" \/>\n<meta property=\"og:locale\" content=\"es_ES\" \/>\n<meta property=\"og:type\" content=\"article\" \/>\n<meta property=\"og:title\" content=\"Tr\u00e1gico accidente en la Ruta Nacional 5: un joven de 22 a\u00f1os muri\u00f3 en un choque frontal - RADIO LLANURA\" \/>\n<meta property=\"og:description\" content=\"Un grav\u00edsimo siniestro vial tuvo lugar en la Ruta Nacional N\u00b0 5, dejando como saldo una v\u00edctima fatal tras el violento impacto entre un autom\u00f3vil y un veh\u00edculo de carga. La colisi\u00f3n fatal se produjo en el tramo que une Santa Rosa con Anguil.Un nuevo y lamentable siniestro vial enlut\u00f3 las rutas pampeanas en las &hellip;\" \/>\n<meta property=\"og:url\" content=\"https:\/\/fmllanura.com\/?p=8496\" \/>\n<meta property=\"og:site_name\" content=\"RADIO LLANURA\" \/>\n<meta property=\"article:published_time\" content=\"2026-03-14T16:00:53+00:00\" \/>\n<meta property=\"article:modified_time\" content=\"2026-03-14T16:00:54+00:00\" \/>\n<meta property=\"og:image\" content=\"https:\/\/fmllanura.com\/wp-content\/uploads\/2026\/03\/17735039097505127898461938028481.jpg\" \/>\n\t<meta property=\"og:image:width\" content=\"1036\" \/>\n\t<meta property=\"og:image:height\" content=\"692\" \/>\n\t<meta property=\"og:image:type\" content=\"image\/jpeg\" \/>\n<meta name=\"author\" content=\"llanura\" \/>\n<meta name=\"twitter:card\" content=\"summary_large_image\" \/>\n<meta name=\"twitter:label1\" content=\"Escrito por\" \/>\n\t<meta name=\"twitter:data1\" content=\"llanura\" \/>\n\t<meta name=\"twitter:label2\" content=\"Tiempo de lectura\" \/>\n\t<meta name=\"twitter:data2\" content=\"2 minutos\" \/>\n<script type=\"application\/ld+json\" class=\"yoast-schema-graph\">{\"@context\":\"https:\/\/schema.org\",\"@graph\":[{\"@type\":\"WebPage\",\"@id\":\"https:\/\/fmllanura.com\/?p=8496\",\"url\":\"https:\/\/fmllanura.com\/?p=8496\",\"name\":\"Tr\u00e1gico accidente en la Ruta Nacional 5: un joven de 22 a\u00f1os muri\u00f3 en un choque frontal - RADIO LLANURA\",\"isPartOf\":{\"@id\":\"https:\/\/fmllanura.com\/#website\"},\"datePublished\":\"2026-03-14T16:00:53+00:00\",\"dateModified\":\"2026-03-14T16:00:54+00:00\",\"author\":{\"@id\":\"https:\/\/fmllanura.com\/#\/schema\/person\/dd4b4843c2293cd8d5995d115dbd5e96\"},\"breadcrumb\":{\"@id\":\"https:\/\/fmllanura.com\/?p=8496#breadcrumb\"},\"inLanguage\":\"es\",\"potentialAction\":[{\"@type\":\"ReadAction\",\"target\":[\"https:\/\/fmllanura.com\/?p=8496\"]}]},{\"@type\":\"BreadcrumbList\",\"@id\":\"https:\/\/fmllanura.com\/?p=8496#breadcrumb\",\"itemListElement\":[{\"@type\":\"ListItem\",\"position\":1,\"name\":\"Portada\",\"item\":\"https:\/\/fmllanura.com\/\"},{\"@type\":\"ListItem\",\"position\":2,\"name\":\"Tr\u00e1gico accidente en la Ruta Nacional 5: un joven de 22 a\u00f1os muri\u00f3 en un choque frontal\"}]},{\"@type\":\"WebSite\",\"@id\":\"https:\/\/fmllanura.com\/#website\",\"url\":\"https:\/\/fmllanura.com\/\",\"name\":\"RADIO LLANURA\",\"description\":\"\",\"potentialAction\":[{\"@type\":\"SearchAction\",\"target\":{\"@type\":\"EntryPoint\",\"urlTemplate\":\"https:\/\/fmllanura.com\/?s={search_term_string}\"},\"query-input\":\"required name=search_term_string\"}],\"inLanguage\":\"es\"},{\"@type\":\"Person\",\"@id\":\"https:\/\/fmllanura.com\/#\/schema\/person\/dd4b4843c2293cd8d5995d115dbd5e96\",\"name\":\"llanura\",\"image\":{\"@type\":\"ImageObject\",\"inLanguage\":\"es\",\"@id\":\"https:\/\/fmllanura.com\/#\/schema\/person\/image\/\",\"url\":\"https:\/\/secure.gravatar.com\/avatar\/f6ee1541937ff3e68dac011173779bde?s=96&d=mm&r=g\",\"contentUrl\":\"https:\/\/secure.gravatar.com\/avatar\/f6ee1541937ff3e68dac011173779bde?s=96&d=mm&r=g\",\"caption\":\"llanura\"},\"url\":\"https:\/\/fmllanura.com\/?author=4\"}]}<\/script>\n<!-- \/ Yoast SEO plugin. -->","yoast_head_json":{"title":"Tr\u00e1gico accidente en la Ruta Nacional 5: un joven de 22 a\u00f1os muri\u00f3 en un choque frontal - RADIO LLANURA","robots":{"index":"index","follow":"follow","max-snippet":"max-snippet:-1","max-image-preview":"max-image-preview:large","max-video-preview":"max-video-preview:-1"},"canonical":"https:\/\/fmllanura.com\/?p=8496","og_locale":"es_ES","og_type":"article","og_title":"Tr\u00e1gico accidente en la Ruta Nacional 5: un joven de 22 a\u00f1os muri\u00f3 en un choque frontal - RADIO LLANURA","og_description":"Un grav\u00edsimo siniestro vial tuvo lugar en la Ruta Nacional N\u00b0 5, dejando como saldo una v\u00edctima fatal tras el violento impacto entre un autom\u00f3vil y un veh\u00edculo de carga. La colisi\u00f3n fatal se produjo en el tramo que une Santa Rosa con Anguil.Un nuevo y lamentable siniestro vial enlut\u00f3 las rutas pampeanas en las &hellip;","og_url":"https:\/\/fmllanura.com\/?p=8496","og_site_name":"RADIO LLANURA","article_published_time":"2026-03-14T16:00:53+00:00","article_modified_time":"2026-03-14T16:00:54+00:00","og_image":[{"width":1036,"height":692,"url":"https:\/\/fmllanura.com\/wp-content\/uploads\/2026\/03\/17735039097505127898461938028481.jpg","type":"image\/jpeg"}],"author":"llanura","twitter_card":"summary_large_image","twitter_misc":{"Escrito por":"llanura","Tiempo de lectura":"2 minutos"},"schema":{"@context":"https:\/\/schema.org","@graph":[{"@type":"WebPage","@id":"https:\/\/fmllanura.com\/?p=8496","url":"https:\/\/fmllanura.com\/?p=8496","name":"Tr\u00e1gico accidente en la Ruta Nacional 5: un joven de 22 a\u00f1os muri\u00f3 en un choque frontal - RADIO LLANURA","isPartOf":{"@id":"https:\/\/fmllanura.com\/#website"},"datePublished":"2026-03-14T16:00:53+00:00","dateModified":"2026-03-14T16:00:54+00:00","author":{"@id":"https:\/\/fmllanura.com\/#\/schema\/person\/dd4b4843c2293cd8d5995d115dbd5e96"},"breadcrumb":{"@id":"https:\/\/fmllanura.com\/?p=8496#breadcrumb"},"inLanguage":"es","potentialAction":[{"@type":"ReadAction","target":["https:\/\/fmllanura.com\/?p=8496"]}]},{"@type":"BreadcrumbList","@id":"https:\/\/fmllanura.com\/?p=8496#breadcrumb","itemListElement":[{"@type":"ListItem","position":1,"name":"Portada","item":"https:\/\/fmllanura.com\/"},{"@type":"ListItem","position":2,"name":"Tr\u00e1gico accidente en la Ruta Nacional 5: un joven de 22 a\u00f1os muri\u00f3 en un choque frontal"}]},{"@type":"WebSite","@id":"https:\/\/fmllanura.com\/#website","url":"https:\/\/fmllanura.com\/","name":"RADIO LLANURA","description":"","potentialAction":[{"@type":"SearchAction","target":{"@type":"EntryPoint","urlTemplate":"https:\/\/fmllanura.com\/?s={search_term_string}"},"query-input":"required name=search_term_string"}],"inLanguage":"es"},{"@type":"Person","@id":"https:\/\/fmllanura.com\/#\/schema\/person\/dd4b4843c2293cd8d5995d115dbd5e96","name":"llanura","image":{"@type":"ImageObject","inLanguage":"es","@id":"https:\/\/fmllanura.com\/#\/schema\/person\/image\/","url":"https:\/\/secure.gravatar.com\/avatar\/f6ee1541937ff3e68dac011173779bde?s=96&d=mm&r=g","contentUrl":"https:\/\/secure.gravatar.com\/avatar\/f6ee1541937ff3e68dac011173779bde?s=96&d=mm&r=g","caption":"llanura"},"url":"https:\/\/fmllanura.com\/?author=4"}]}},"_links":{"self":[{"href":"https:\/\/fmllanura.com\/index.php?rest_route=\/wp\/v2\/posts\/8496"}],"collection":[{"href":"https:\/\/fmllanura.com\/index.php?rest_route=\/wp\/v2\/posts"}],"about":[{"href":"https:\/\/fmllanura.com\/index.php?rest_route=\/wp\/v2\/types\/post"}],"author":[{"embeddable":true,"href":"https:\/\/fmllanura.com\/index.php?rest_route=\/wp\/v2\/users\/4"}],"replies":[{"embeddable":true,"href":"https:\/\/fmllanura.com\/index.php?rest_route=%2Fwp%2Fv2%2Fcomments&post=8496"}],"version-history":[{"count":1,"href":"https:\/\/fmllanura.com\/index.php?rest_route=\/wp\/v2\/posts\/8496\/revisions"}],"predecessor-version":[{"id":8509,"href":"https:\/\/fmllanura.com\/index.php?rest_route=\/wp\/v2\/posts\/8496\/revisions\/8509"}],"wp:featuredmedia":[{"embeddable":true,"href":"https:\/\/fmllanura.com\/index.php?rest_route=\/wp\/v2\/media\/8508"}],"wp:attachment":[{"href":"https:\/\/fmllanura.com\/index.php?rest_route=%2Fwp%2Fv2%2Fmedia&parent=8496"}],"wp:term":[{"taxonomy":"category","embeddable":true,"href":"https:\/\/fmllanura.com\/index.php?rest_route=%2Fwp%2Fv2%2Fcategories&post=8496"},{"taxonomy":"post_tag","embeddable":true,"href":"https:\/\/fmllanura.com\/index.php?rest_route=%2Fwp%2Fv2%2Ftags&post=8496"}],"curies":[{"name":"wp","href":"https:\/\/api.w.org\/{rel}","templated":true}]}}