{"id":8605,"date":"2026-03-24T14:35:36","date_gmt":"2026-03-24T14:35:36","guid":{"rendered":"https:\/\/fmllanura.com\/?p=8605"},"modified":"2026-03-24T14:35:37","modified_gmt":"2026-03-24T14:35:37","slug":"peronismo-y-dictadura-los-que-tambien-pusieron-el-cuerpo","status":"publish","type":"post","link":"https:\/\/fmllanura.com\/?p=8605","title":{"rendered":"Peronismo y dictadura: los que tambi\u00e9n pusieron el cuerpo"},"content":{"rendered":"\n<p>Norberto G. Asquini y Nelson Nicoletti<br>El peronismo como actor pol\u00edtico ha sido soslayado en las lecturas sobre la dictadura y el Terrorismo de Estado, y en La Pampa no ha sido la excepci\u00f3n. Al cumplirse 50 a\u00f1os del golpe militar de 1976 es necesario abordar el lugar y el papel que tuvo el peronismo como unos de los objetivos m\u00e1s claros de la represi\u00f3n ilegal.<br>Tal vez porque los protagonistas de los a\u00f1os setenta estaban vivos, tal vez para no desenterrar los conflictos setentistas o por tener que abordar de manera inc\u00f3moda las responsabilidades de sectores de ultraderecha como la Triple A, el peronismo no afront\u00f3 hasta no hace mucho su papel frente al Terrorismo de Estado. Estas contradicciones fueron evidentes: mientras en 1983 se neg\u00f3 a integrar la CONADEP y hasta son\u00f3 un indulto a los militares, en La Pampa se investig\u00f3 a los polic\u00edas represores y se reincorpor\u00f3 a los empleados p\u00fablicos cesanteados.<br>En esta l\u00ednea, en los tres juicios a la Subzona 14 que se hicieron en La Pampa, el peronismo apenas es mencionado como identidad pol\u00edtica de muchas de las v\u00edctimas, si bien los motivos de sus padecimientos estuvieron vinculados directamente con su pertenencia.<br>El Terrorismo de Estado en su m\u00e1s terrible expresi\u00f3n como fue la desaparici\u00f3n tuvo como principal objetivo a organizaciones armadas o agrupaciones juveniles de la izquierda del peronismo. Pero no fue solo la izquierda a donde apunt\u00f3 la dictadura militar.&nbsp;&nbsp;Como indic\u00f3 la proclama del llamado \u201cProceso de Reorganizaci\u00f3n Nacional\u201d, el golpe militar tuvo como causa y justificaci\u00f3n acabar con&nbsp;\u201cel desgobierno, la corrupci\u00f3n y el flagelo subversivo\u201d.<br>Y en La Pampa, adem\u00e1s de la represi\u00f3n contra ciudadanos considerados \u201csubversivos\u201d por sus ideas o militancia, los militares, junto con los civiles que apoyaron y acompa\u00f1aron su gobierno de facto, tuvieron como objetivo perseguir al peronismo y desmantelar al Gobierno puesto en marcha a partir de 1973.<br>Las v\u00edctimas del peronismo<br>El gobernador Jos\u00e9 Aquiles Regazzoli fue detenido, as\u00ed como dos de sus hijos. El vicegobernador Rub\u00e9n Mar\u00edn ser\u00eda arrestado en 1977. El ministro de Obras P\u00fablicas, Santiago Covella, dos diputados nacionales (Aragon\u00e9s y Rolando), tres diputados provinciales (Acc\u00e1toli, Gil y el aliado Cuevas), el intendente de General Pico, Norberto Torres, al menos 17 funcionarios provinciales, m\u00e1s de 45 empleados y contratados de la Provincia (como los ex estudiante de la UTN en Pico), cinco gremialistas y el periodista Nelson Nicoletti, fueron secuestrados y en algunos casos torturados por el grupo de tareas de la Subzona 1.4. Mireya Regazzoli, Acc\u00e1toli, Gil y Nicoletti pasar\u00edan m\u00e1s de un a\u00f1o en una c\u00e1rcel de m\u00e1xima seguridad.<br>Tambi\u00e9n hubo detenidos por causas pol\u00edticas entre las autoridades y funcionarios nombrados durante el gobierno peronista. Muchos antes del golpe militar, cuando comenz\u00f3 a funcionar la Subzona 1.4 y el gobierno provincial bajo presi\u00f3n tuvo que ceder en la avanzada autoritaria: en la Universidad Nacional de La Pampa (el ex rector Jorge Bragulat y el docente Hugo Chumbita, por nombrar dos de una larga lista), en el Servicio Provincial de Salud (puesto en marcha por el peronismo), en la delegaci\u00f3n de la Universidad Tecnol\u00f3gica Nacional de General Pico (el ex decano Agaya, entre otros) y la delegada del plan nacional de alfabetizaci\u00f3n, Cristina Ercoli, encarcelada fuera de la provincia. Y lo mismo ocurri\u00f3 con el colegio secundario de Jacinto Arauz (varios docentes de Bah\u00eda Blanca) y en la Escuela Hogar de Santa Rosa (el director Crist\u00f3bal Rodr\u00edguez Kessy, entre otros).<br>El Terrorismo de Estado se desat\u00f3 sobre cualquier manifestaci\u00f3n que \u201csubvert\u00eda\u201d el orden que quer\u00eda implementar el denominado Proceso (hubo detenidos de diferentes expresiones de la izquierda local), y la aniquilaci\u00f3n de las organizaciones armadas, pero el peronismo fue un objetivo claro por su representaci\u00f3n popular y estatal. Por supuesto que esto no puede desvincularse de la represi\u00f3n y persecuci\u00f3n iniciada en 1955 hacia las clases populares.<br>Docentes cesanteados, perseguidos o sospechados, empleados p\u00fablicos que se quedaron sin trabajo o periodistas censurados tambi\u00e9n fueron parte de ese Terrorismo de Estado m\u00e1s silente pero presente.<br>El Estado peronista como objetivo<br>M\u00e1s all\u00e1 de la crisis econ\u00f3mica e institucional en que se encontraba el pa\u00eds antes del golpe, de los enfrentamientos al interior del peronismo, situaci\u00f3n hist\u00f3rica atravesada por problemas profundos, y de la violencia pol\u00edtica en la que ya actuaban grupos parapoliciales y organizaciones armadas, el golpe tambi\u00e9n tuvo el objetivo de eliminar la idea del Estado de Bienestar.<br>Si durante el gobierno de Regazzoli y a instancias del peronismo se sancion\u00f3 la Ley 643, el estatuto para los agentes de la Administraci\u00f3n P\u00fablica, una de las primeras tareas en que se empe\u00f1aron las nuevas autoridades de facto asumidas en marzo del 76 fue acusar al gobierno leg\u00edtimo depuesto de incrementar la planta estatal, argumento para comenzar la purga de cientos de empleados.<br>Y si bien en muchos casos los secuestros-detenciones tuvieron como causas las militancias e ideas consideradas \u201csubversivas\u201d por las Fuerzas Armadas, los golpistas buscaron destruir al Estado puesto en marcha durante el peronismo bajo acusaciones de \u201ccorrupci\u00f3n\u201d.<br>A varios de los secuestrados que eran ex funcionarios peronistas se les pregunt\u00f3 durante los \u201cinterrogatorios\u201d bajo tortura una y otra vez sobre \u201clos campos\u201d y el dinero del ex gobernador o de ex funcionarios. Hubo empleados y empleadas y 18 proveedores del Estado de obras p\u00fablicas detenidos y torturados a los que se les iniciaron causas para investigar supuestos sobornos que nunca se comprobaron. Una de las pocas que prosper\u00f3 fue la iniciada a una empleada que tuvo que firmar su declaraci\u00f3n luego de sufrir tormentos.<br>En los 50 a\u00f1os del golpe de Estado es necesario revisitar la responsabilidad hist\u00f3rica y pol\u00edtica del peronismo con respecto a la violencia pol\u00edtica de los a\u00f1os previos, pero tambi\u00e9n es necesario reivindicar a las v\u00edctimas y a un movimiento popular que tambi\u00e9n fue v\u00edctima del Terrorismo de Estado en muchas de sus formas.<\/p>\n","protected":false},"excerpt":{"rendered":"<p>Norberto G. Asquini y Nelson NicolettiEl peronismo como actor pol\u00edtico ha sido soslayado en las lecturas sobre la dictadura y el Terrorismo de Estado, y en La Pampa no ha sido la excepci\u00f3n. Al cumplirse 50 a\u00f1os del golpe militar de 1976 es necesario abordar el lugar y el papel que tuvo el peronismo como &hellip;<\/p>\n","protected":false},"author":4,"featured_media":8606,"comment_status":"open","ping_status":"open","sticky":false,"template":"","format":"standard","meta":{"footnotes":""},"categories":[1],"tags":[],"class_list":["post-8605","post","type-post","status-publish","format-standard","has-post-thumbnail","","category-uncategorized"],"yoast_head":"<!-- This site is optimized with the Yoast SEO plugin v19.9 - https:\/\/yoast.com\/wordpress\/plugins\/seo\/ -->\n<title>Peronismo y dictadura: los que tambi\u00e9n pusieron el cuerpo - RADIO LLANURA<\/title>\n<meta name=\"robots\" content=\"index, follow, max-snippet:-1, max-image-preview:large, max-video-preview:-1\" \/>\n<link rel=\"canonical\" href=\"https:\/\/fmllanura.com\/?p=8605\" \/>\n<meta property=\"og:locale\" content=\"es_ES\" \/>\n<meta property=\"og:type\" content=\"article\" \/>\n<meta property=\"og:title\" content=\"Peronismo y dictadura: los que tambi\u00e9n pusieron el cuerpo - RADIO LLANURA\" \/>\n<meta property=\"og:description\" content=\"Norberto G. Asquini y Nelson NicolettiEl peronismo como actor pol\u00edtico ha sido soslayado en las lecturas sobre la dictadura y el Terrorismo de Estado, y en La Pampa no ha sido la excepci\u00f3n. Al cumplirse 50 a\u00f1os del golpe militar de 1976 es necesario abordar el lugar y el papel que tuvo el peronismo como &hellip;\" \/>\n<meta property=\"og:url\" content=\"https:\/\/fmllanura.com\/?p=8605\" \/>\n<meta property=\"og:site_name\" content=\"RADIO LLANURA\" \/>\n<meta property=\"article:published_time\" content=\"2026-03-24T14:35:36+00:00\" \/>\n<meta property=\"article:modified_time\" content=\"2026-03-24T14:35:37+00:00\" \/>\n<meta property=\"og:image\" content=\"https:\/\/fmllanura.com\/wp-content\/uploads\/2026\/03\/peronismo-dictadura.gif\" \/>\n\t<meta property=\"og:image:width\" content=\"300\" \/>\n\t<meta property=\"og:image:height\" content=\"300\" \/>\n\t<meta property=\"og:image:type\" content=\"image\/gif\" \/>\n<meta name=\"author\" content=\"llanura\" \/>\n<meta name=\"twitter:card\" content=\"summary_large_image\" \/>\n<meta name=\"twitter:image\" content=\"https:\/\/fmllanura.com\/wp-content\/uploads\/2026\/03\/peronismo-dictadura.gif\" \/>\n<meta name=\"twitter:label1\" content=\"Escrito por\" \/>\n\t<meta name=\"twitter:data1\" content=\"llanura\" \/>\n\t<meta name=\"twitter:label2\" content=\"Tiempo de lectura\" \/>\n\t<meta name=\"twitter:data2\" content=\"5 minutos\" \/>\n<script type=\"application\/ld+json\" class=\"yoast-schema-graph\">{\"@context\":\"https:\/\/schema.org\",\"@graph\":[{\"@type\":\"WebPage\",\"@id\":\"https:\/\/fmllanura.com\/?p=8605\",\"url\":\"https:\/\/fmllanura.com\/?p=8605\",\"name\":\"Peronismo y dictadura: los que tambi\u00e9n pusieron el cuerpo - RADIO LLANURA\",\"isPartOf\":{\"@id\":\"https:\/\/fmllanura.com\/#website\"},\"datePublished\":\"2026-03-24T14:35:36+00:00\",\"dateModified\":\"2026-03-24T14:35:37+00:00\",\"author\":{\"@id\":\"https:\/\/fmllanura.com\/#\/schema\/person\/dd4b4843c2293cd8d5995d115dbd5e96\"},\"breadcrumb\":{\"@id\":\"https:\/\/fmllanura.com\/?p=8605#breadcrumb\"},\"inLanguage\":\"es\",\"potentialAction\":[{\"@type\":\"ReadAction\",\"target\":[\"https:\/\/fmllanura.com\/?p=8605\"]}]},{\"@type\":\"BreadcrumbList\",\"@id\":\"https:\/\/fmllanura.com\/?p=8605#breadcrumb\",\"itemListElement\":[{\"@type\":\"ListItem\",\"position\":1,\"name\":\"Portada\",\"item\":\"https:\/\/fmllanura.com\/\"},{\"@type\":\"ListItem\",\"position\":2,\"name\":\"Peronismo y dictadura: los que tambi\u00e9n pusieron el cuerpo\"}]},{\"@type\":\"WebSite\",\"@id\":\"https:\/\/fmllanura.com\/#website\",\"url\":\"https:\/\/fmllanura.com\/\",\"name\":\"RADIO LLANURA\",\"description\":\"\",\"potentialAction\":[{\"@type\":\"SearchAction\",\"target\":{\"@type\":\"EntryPoint\",\"urlTemplate\":\"https:\/\/fmllanura.com\/?s={search_term_string}\"},\"query-input\":\"required name=search_term_string\"}],\"inLanguage\":\"es\"},{\"@type\":\"Person\",\"@id\":\"https:\/\/fmllanura.com\/#\/schema\/person\/dd4b4843c2293cd8d5995d115dbd5e96\",\"name\":\"llanura\",\"image\":{\"@type\":\"ImageObject\",\"inLanguage\":\"es\",\"@id\":\"https:\/\/fmllanura.com\/#\/schema\/person\/image\/\",\"url\":\"https:\/\/secure.gravatar.com\/avatar\/f6ee1541937ff3e68dac011173779bde?s=96&d=mm&r=g\",\"contentUrl\":\"https:\/\/secure.gravatar.com\/avatar\/f6ee1541937ff3e68dac011173779bde?s=96&d=mm&r=g\",\"caption\":\"llanura\"},\"url\":\"https:\/\/fmllanura.com\/?author=4\"}]}<\/script>\n<!-- \/ Yoast SEO plugin. -->","yoast_head_json":{"title":"Peronismo y dictadura: los que tambi\u00e9n pusieron el cuerpo - RADIO LLANURA","robots":{"index":"index","follow":"follow","max-snippet":"max-snippet:-1","max-image-preview":"max-image-preview:large","max-video-preview":"max-video-preview:-1"},"canonical":"https:\/\/fmllanura.com\/?p=8605","og_locale":"es_ES","og_type":"article","og_title":"Peronismo y dictadura: los que tambi\u00e9n pusieron el cuerpo - RADIO LLANURA","og_description":"Norberto G. Asquini y Nelson NicolettiEl peronismo como actor pol\u00edtico ha sido soslayado en las lecturas sobre la dictadura y el Terrorismo de Estado, y en La Pampa no ha sido la excepci\u00f3n. Al cumplirse 50 a\u00f1os del golpe militar de 1976 es necesario abordar el lugar y el papel que tuvo el peronismo como &hellip;","og_url":"https:\/\/fmllanura.com\/?p=8605","og_site_name":"RADIO LLANURA","article_published_time":"2026-03-24T14:35:36+00:00","article_modified_time":"2026-03-24T14:35:37+00:00","og_image":[{"width":300,"height":300,"url":"https:\/\/fmllanura.com\/wp-content\/uploads\/2026\/03\/peronismo-dictadura.gif","type":"image\/gif"}],"author":"llanura","twitter_card":"summary_large_image","twitter_image":"https:\/\/fmllanura.com\/wp-content\/uploads\/2026\/03\/peronismo-dictadura.gif","twitter_misc":{"Escrito por":"llanura","Tiempo de lectura":"5 minutos"},"schema":{"@context":"https:\/\/schema.org","@graph":[{"@type":"WebPage","@id":"https:\/\/fmllanura.com\/?p=8605","url":"https:\/\/fmllanura.com\/?p=8605","name":"Peronismo y dictadura: los que tambi\u00e9n pusieron el cuerpo - RADIO LLANURA","isPartOf":{"@id":"https:\/\/fmllanura.com\/#website"},"datePublished":"2026-03-24T14:35:36+00:00","dateModified":"2026-03-24T14:35:37+00:00","author":{"@id":"https:\/\/fmllanura.com\/#\/schema\/person\/dd4b4843c2293cd8d5995d115dbd5e96"},"breadcrumb":{"@id":"https:\/\/fmllanura.com\/?p=8605#breadcrumb"},"inLanguage":"es","potentialAction":[{"@type":"ReadAction","target":["https:\/\/fmllanura.com\/?p=8605"]}]},{"@type":"BreadcrumbList","@id":"https:\/\/fmllanura.com\/?p=8605#breadcrumb","itemListElement":[{"@type":"ListItem","position":1,"name":"Portada","item":"https:\/\/fmllanura.com\/"},{"@type":"ListItem","position":2,"name":"Peronismo y dictadura: los que tambi\u00e9n pusieron el cuerpo"}]},{"@type":"WebSite","@id":"https:\/\/fmllanura.com\/#website","url":"https:\/\/fmllanura.com\/","name":"RADIO LLANURA","description":"","potentialAction":[{"@type":"SearchAction","target":{"@type":"EntryPoint","urlTemplate":"https:\/\/fmllanura.com\/?s={search_term_string}"},"query-input":"required name=search_term_string"}],"inLanguage":"es"},{"@type":"Person","@id":"https:\/\/fmllanura.com\/#\/schema\/person\/dd4b4843c2293cd8d5995d115dbd5e96","name":"llanura","image":{"@type":"ImageObject","inLanguage":"es","@id":"https:\/\/fmllanura.com\/#\/schema\/person\/image\/","url":"https:\/\/secure.gravatar.com\/avatar\/f6ee1541937ff3e68dac011173779bde?s=96&d=mm&r=g","contentUrl":"https:\/\/secure.gravatar.com\/avatar\/f6ee1541937ff3e68dac011173779bde?s=96&d=mm&r=g","caption":"llanura"},"url":"https:\/\/fmllanura.com\/?author=4"}]}},"_links":{"self":[{"href":"https:\/\/fmllanura.com\/index.php?rest_route=\/wp\/v2\/posts\/8605"}],"collection":[{"href":"https:\/\/fmllanura.com\/index.php?rest_route=\/wp\/v2\/posts"}],"about":[{"href":"https:\/\/fmllanura.com\/index.php?rest_route=\/wp\/v2\/types\/post"}],"author":[{"embeddable":true,"href":"https:\/\/fmllanura.com\/index.php?rest_route=\/wp\/v2\/users\/4"}],"replies":[{"embeddable":true,"href":"https:\/\/fmllanura.com\/index.php?rest_route=%2Fwp%2Fv2%2Fcomments&post=8605"}],"version-history":[{"count":1,"href":"https:\/\/fmllanura.com\/index.php?rest_route=\/wp\/v2\/posts\/8605\/revisions"}],"predecessor-version":[{"id":8607,"href":"https:\/\/fmllanura.com\/index.php?rest_route=\/wp\/v2\/posts\/8605\/revisions\/8607"}],"wp:featuredmedia":[{"embeddable":true,"href":"https:\/\/fmllanura.com\/index.php?rest_route=\/wp\/v2\/media\/8606"}],"wp:attachment":[{"href":"https:\/\/fmllanura.com\/index.php?rest_route=%2Fwp%2Fv2%2Fmedia&parent=8605"}],"wp:term":[{"taxonomy":"category","embeddable":true,"href":"https:\/\/fmllanura.com\/index.php?rest_route=%2Fwp%2Fv2%2Fcategories&post=8605"},{"taxonomy":"post_tag","embeddable":true,"href":"https:\/\/fmllanura.com\/index.php?rest_route=%2Fwp%2Fv2%2Ftags&post=8605"}],"curies":[{"name":"wp","href":"https:\/\/api.w.org\/{rel}","templated":true}]}}