{"id":9020,"date":"2026-04-25T20:33:35","date_gmt":"2026-04-25T20:33:35","guid":{"rendered":"https:\/\/fmllanura.com\/?p=9020"},"modified":"2026-04-25T20:33:36","modified_gmt":"2026-04-25T20:33:36","slug":"%f0%9f%8e%a8%e2%9c%a8-inauguracion-de-mural-en-la-escuela-n41-de-nuestra-localidad","status":"publish","type":"post","link":"https:\/\/fmllanura.com\/?p=9020","title":{"rendered":"\ud83c\udfa8\u2728 Inauguraci\u00f3n de mural en la Escuela N\u00b041 de nuestra localidad"},"content":{"rendered":"\n<figure class=\"wp-block-image size-large\"><img loading=\"lazy\" decoding=\"async\" width=\"609\" height=\"1024\" src=\"https:\/\/fmllanura.com\/wp-content\/uploads\/2026\/04\/1000421055-609x1024.jpg\" alt=\"\" class=\"wp-image-9021\" srcset=\"https:\/\/fmllanura.com\/wp-content\/uploads\/2026\/04\/1000421055-609x1024.jpg 609w, https:\/\/fmllanura.com\/wp-content\/uploads\/2026\/04\/1000421055-179x300.jpg 179w, https:\/\/fmllanura.com\/wp-content\/uploads\/2026\/04\/1000421055.jpg 720w\" sizes=\"(max-width: 609px) 100vw, 609px\" \/><\/figure>\n\n\n\n<p>Con mucha alegr\u00eda compartimos la inauguraci\u00f3n del mural realizado por el Taller Municipal de Cer\u00e1mica, una obra colectiva inspirada en el artista Emilio Ferrero, que celebra la infancia, la creatividad y la alegr\u00eda de ser ni\u00f1os.Este hermoso trabajo, emplazado en la Escuela N\u00b041, es el resultado del compromiso, la dedicaci\u00f3n y el talento de quienes forman parte del taller, dejando una huella art\u00edstica para toda la comunidad educativa.\u201cCuando sea grande quiero haber sido un ni\u00f1o feliz\u201d, una frase que nos invita a valorar la ni\u00f1ez y seguir construyendo espacios llenos de amor, juego y expresi\u00f3n.Felicitamos al Taller Municipal de Cer\u00e1mica, a la comunidad educativa y a todas las personas que hicieron posible este proyecto. \ud83d\udc99<\/p>\n\n\n\n<figure class=\"wp-block-image size-large\"><img loading=\"lazy\" decoding=\"async\" width=\"457\" height=\"1024\" src=\"https:\/\/fmllanura.com\/wp-content\/uploads\/2026\/04\/1000421054-457x1024.jpg\" alt=\"\" class=\"wp-image-9022\" srcset=\"https:\/\/fmllanura.com\/wp-content\/uploads\/2026\/04\/1000421054-457x1024.jpg 457w, https:\/\/fmllanura.com\/wp-content\/uploads\/2026\/04\/1000421054-134x300.jpg 134w, https:\/\/fmllanura.com\/wp-content\/uploads\/2026\/04\/1000421054.jpg 571w\" sizes=\"(max-width: 457px) 100vw, 457px\" \/><\/figure>\n","protected":false},"excerpt":{"rendered":"<p>Con mucha alegr\u00eda compartimos la inauguraci\u00f3n del mural realizado por el Taller Municipal de Cer\u00e1mica, una obra colectiva inspirada en el artista Emilio Ferrero, que celebra la infancia, la creatividad y la alegr\u00eda de ser ni\u00f1os.Este hermoso trabajo, emplazado en la Escuela N\u00b041, es el resultado del compromiso, la dedicaci\u00f3n y el talento de quienes &hellip;<\/p>\n","protected":false},"author":4,"featured_media":9021,"comment_status":"open","ping_status":"open","sticky":false,"template":"","format":"standard","meta":{"footnotes":""},"categories":[69],"tags":[],"class_list":["post-9020","post","type-post","status-publish","format-standard","has-post-thumbnail","","category-localidades"],"yoast_head":"<!-- This site is optimized with the Yoast SEO plugin v19.9 - https:\/\/yoast.com\/wordpress\/plugins\/seo\/ -->\n<title>\ud83c\udfa8\u2728 Inauguraci\u00f3n de mural en la Escuela N\u00b041 de nuestra localidad - RADIO LLANURA<\/title>\n<meta name=\"robots\" content=\"index, follow, max-snippet:-1, max-image-preview:large, max-video-preview:-1\" \/>\n<link rel=\"canonical\" href=\"https:\/\/fmllanura.com\/?p=9020\" \/>\n<meta property=\"og:locale\" content=\"es_ES\" \/>\n<meta property=\"og:type\" content=\"article\" \/>\n<meta property=\"og:title\" content=\"\ud83c\udfa8\u2728 Inauguraci\u00f3n de mural en la Escuela N\u00b041 de nuestra localidad - RADIO LLANURA\" \/>\n<meta property=\"og:description\" content=\"Con mucha alegr\u00eda compartimos la inauguraci\u00f3n del mural realizado por el Taller Municipal de Cer\u00e1mica, una obra colectiva inspirada en el artista Emilio Ferrero, que celebra la infancia, la creatividad y la alegr\u00eda de ser ni\u00f1os.Este hermoso trabajo, emplazado en la Escuela N\u00b041, es el resultado del compromiso, la dedicaci\u00f3n y el talento de quienes &hellip;\" \/>\n<meta property=\"og:url\" content=\"https:\/\/fmllanura.com\/?p=9020\" \/>\n<meta property=\"og:site_name\" content=\"RADIO LLANURA\" \/>\n<meta property=\"article:published_time\" content=\"2026-04-25T20:33:35+00:00\" \/>\n<meta property=\"article:modified_time\" content=\"2026-04-25T20:33:36+00:00\" \/>\n<meta property=\"og:image\" content=\"https:\/\/fmllanura.com\/wp-content\/uploads\/2026\/04\/1000421055.jpg\" \/>\n\t<meta property=\"og:image:width\" content=\"720\" \/>\n\t<meta property=\"og:image:height\" content=\"1210\" \/>\n\t<meta property=\"og:image:type\" content=\"image\/jpeg\" \/>\n<meta name=\"author\" content=\"llanura\" \/>\n<meta name=\"twitter:card\" content=\"summary_large_image\" \/>\n<meta name=\"twitter:label1\" content=\"Escrito por\" \/>\n\t<meta name=\"twitter:data1\" content=\"llanura\" \/>\n\t<meta name=\"twitter:label2\" content=\"Tiempo de lectura\" \/>\n\t<meta name=\"twitter:data2\" content=\"1 minuto\" \/>\n<script type=\"application\/ld+json\" class=\"yoast-schema-graph\">{\"@context\":\"https:\/\/schema.org\",\"@graph\":[{\"@type\":\"WebPage\",\"@id\":\"https:\/\/fmllanura.com\/?p=9020\",\"url\":\"https:\/\/fmllanura.com\/?p=9020\",\"name\":\"\ud83c\udfa8\u2728 Inauguraci\u00f3n de mural en la Escuela N\u00b041 de nuestra localidad - RADIO LLANURA\",\"isPartOf\":{\"@id\":\"https:\/\/fmllanura.com\/#website\"},\"datePublished\":\"2026-04-25T20:33:35+00:00\",\"dateModified\":\"2026-04-25T20:33:36+00:00\",\"author\":{\"@id\":\"https:\/\/fmllanura.com\/#\/schema\/person\/dd4b4843c2293cd8d5995d115dbd5e96\"},\"breadcrumb\":{\"@id\":\"https:\/\/fmllanura.com\/?p=9020#breadcrumb\"},\"inLanguage\":\"es\",\"potentialAction\":[{\"@type\":\"ReadAction\",\"target\":[\"https:\/\/fmllanura.com\/?p=9020\"]}]},{\"@type\":\"BreadcrumbList\",\"@id\":\"https:\/\/fmllanura.com\/?p=9020#breadcrumb\",\"itemListElement\":[{\"@type\":\"ListItem\",\"position\":1,\"name\":\"Portada\",\"item\":\"https:\/\/fmllanura.com\/\"},{\"@type\":\"ListItem\",\"position\":2,\"name\":\"\ud83c\udfa8\u2728 Inauguraci\u00f3n de mural en la Escuela N\u00b041 de nuestra localidad\"}]},{\"@type\":\"WebSite\",\"@id\":\"https:\/\/fmllanura.com\/#website\",\"url\":\"https:\/\/fmllanura.com\/\",\"name\":\"RADIO LLANURA\",\"description\":\"\",\"potentialAction\":[{\"@type\":\"SearchAction\",\"target\":{\"@type\":\"EntryPoint\",\"urlTemplate\":\"https:\/\/fmllanura.com\/?s={search_term_string}\"},\"query-input\":\"required name=search_term_string\"}],\"inLanguage\":\"es\"},{\"@type\":\"Person\",\"@id\":\"https:\/\/fmllanura.com\/#\/schema\/person\/dd4b4843c2293cd8d5995d115dbd5e96\",\"name\":\"llanura\",\"image\":{\"@type\":\"ImageObject\",\"inLanguage\":\"es\",\"@id\":\"https:\/\/fmllanura.com\/#\/schema\/person\/image\/\",\"url\":\"https:\/\/secure.gravatar.com\/avatar\/f6ee1541937ff3e68dac011173779bde?s=96&d=mm&r=g\",\"contentUrl\":\"https:\/\/secure.gravatar.com\/avatar\/f6ee1541937ff3e68dac011173779bde?s=96&d=mm&r=g\",\"caption\":\"llanura\"},\"url\":\"https:\/\/fmllanura.com\/?author=4\"}]}<\/script>\n<!-- \/ Yoast SEO plugin. -->","yoast_head_json":{"title":"\ud83c\udfa8\u2728 Inauguraci\u00f3n de mural en la Escuela N\u00b041 de nuestra localidad - RADIO LLANURA","robots":{"index":"index","follow":"follow","max-snippet":"max-snippet:-1","max-image-preview":"max-image-preview:large","max-video-preview":"max-video-preview:-1"},"canonical":"https:\/\/fmllanura.com\/?p=9020","og_locale":"es_ES","og_type":"article","og_title":"\ud83c\udfa8\u2728 Inauguraci\u00f3n de mural en la Escuela N\u00b041 de nuestra localidad - RADIO LLANURA","og_description":"Con mucha alegr\u00eda compartimos la inauguraci\u00f3n del mural realizado por el Taller Municipal de Cer\u00e1mica, una obra colectiva inspirada en el artista Emilio Ferrero, que celebra la infancia, la creatividad y la alegr\u00eda de ser ni\u00f1os.Este hermoso trabajo, emplazado en la Escuela N\u00b041, es el resultado del compromiso, la dedicaci\u00f3n y el talento de quienes &hellip;","og_url":"https:\/\/fmllanura.com\/?p=9020","og_site_name":"RADIO LLANURA","article_published_time":"2026-04-25T20:33:35+00:00","article_modified_time":"2026-04-25T20:33:36+00:00","og_image":[{"width":720,"height":1210,"url":"https:\/\/fmllanura.com\/wp-content\/uploads\/2026\/04\/1000421055.jpg","type":"image\/jpeg"}],"author":"llanura","twitter_card":"summary_large_image","twitter_misc":{"Escrito por":"llanura","Tiempo de lectura":"1 minuto"},"schema":{"@context":"https:\/\/schema.org","@graph":[{"@type":"WebPage","@id":"https:\/\/fmllanura.com\/?p=9020","url":"https:\/\/fmllanura.com\/?p=9020","name":"\ud83c\udfa8\u2728 Inauguraci\u00f3n de mural en la Escuela N\u00b041 de nuestra localidad - RADIO LLANURA","isPartOf":{"@id":"https:\/\/fmllanura.com\/#website"},"datePublished":"2026-04-25T20:33:35+00:00","dateModified":"2026-04-25T20:33:36+00:00","author":{"@id":"https:\/\/fmllanura.com\/#\/schema\/person\/dd4b4843c2293cd8d5995d115dbd5e96"},"breadcrumb":{"@id":"https:\/\/fmllanura.com\/?p=9020#breadcrumb"},"inLanguage":"es","potentialAction":[{"@type":"ReadAction","target":["https:\/\/fmllanura.com\/?p=9020"]}]},{"@type":"BreadcrumbList","@id":"https:\/\/fmllanura.com\/?p=9020#breadcrumb","itemListElement":[{"@type":"ListItem","position":1,"name":"Portada","item":"https:\/\/fmllanura.com\/"},{"@type":"ListItem","position":2,"name":"\ud83c\udfa8\u2728 Inauguraci\u00f3n de mural en la Escuela N\u00b041 de nuestra localidad"}]},{"@type":"WebSite","@id":"https:\/\/fmllanura.com\/#website","url":"https:\/\/fmllanura.com\/","name":"RADIO LLANURA","description":"","potentialAction":[{"@type":"SearchAction","target":{"@type":"EntryPoint","urlTemplate":"https:\/\/fmllanura.com\/?s={search_term_string}"},"query-input":"required name=search_term_string"}],"inLanguage":"es"},{"@type":"Person","@id":"https:\/\/fmllanura.com\/#\/schema\/person\/dd4b4843c2293cd8d5995d115dbd5e96","name":"llanura","image":{"@type":"ImageObject","inLanguage":"es","@id":"https:\/\/fmllanura.com\/#\/schema\/person\/image\/","url":"https:\/\/secure.gravatar.com\/avatar\/f6ee1541937ff3e68dac011173779bde?s=96&d=mm&r=g","contentUrl":"https:\/\/secure.gravatar.com\/avatar\/f6ee1541937ff3e68dac011173779bde?s=96&d=mm&r=g","caption":"llanura"},"url":"https:\/\/fmllanura.com\/?author=4"}]}},"_links":{"self":[{"href":"https:\/\/fmllanura.com\/index.php?rest_route=\/wp\/v2\/posts\/9020"}],"collection":[{"href":"https:\/\/fmllanura.com\/index.php?rest_route=\/wp\/v2\/posts"}],"about":[{"href":"https:\/\/fmllanura.com\/index.php?rest_route=\/wp\/v2\/types\/post"}],"author":[{"embeddable":true,"href":"https:\/\/fmllanura.com\/index.php?rest_route=\/wp\/v2\/users\/4"}],"replies":[{"embeddable":true,"href":"https:\/\/fmllanura.com\/index.php?rest_route=%2Fwp%2Fv2%2Fcomments&post=9020"}],"version-history":[{"count":1,"href":"https:\/\/fmllanura.com\/index.php?rest_route=\/wp\/v2\/posts\/9020\/revisions"}],"predecessor-version":[{"id":9023,"href":"https:\/\/fmllanura.com\/index.php?rest_route=\/wp\/v2\/posts\/9020\/revisions\/9023"}],"wp:featuredmedia":[{"embeddable":true,"href":"https:\/\/fmllanura.com\/index.php?rest_route=\/wp\/v2\/media\/9021"}],"wp:attachment":[{"href":"https:\/\/fmllanura.com\/index.php?rest_route=%2Fwp%2Fv2%2Fmedia&parent=9020"}],"wp:term":[{"taxonomy":"category","embeddable":true,"href":"https:\/\/fmllanura.com\/index.php?rest_route=%2Fwp%2Fv2%2Fcategories&post=9020"},{"taxonomy":"post_tag","embeddable":true,"href":"https:\/\/fmllanura.com\/index.php?rest_route=%2Fwp%2Fv2%2Ftags&post=9020"}],"curies":[{"name":"wp","href":"https:\/\/api.w.org\/{rel}","templated":true}]}}