{"id":9024,"date":"2026-04-27T14:20:58","date_gmt":"2026-04-27T14:20:58","guid":{"rendered":"https:\/\/fmllanura.com\/?p=9024"},"modified":"2026-04-27T14:21:02","modified_gmt":"2026-04-27T14:21:02","slug":"historico-reconocimiento-la-pampa-se-incorpora-al-programa-nacional-de-cardiopatias-congenitas","status":"publish","type":"post","link":"https:\/\/fmllanura.com\/?p=9024","title":{"rendered":"Hist\u00f3rico reconocimiento: La Pampa se incorpora al Programa Nacional de Cardiopat\u00edas Cong\u00e9nitas"},"content":{"rendered":"\n<figure class=\"wp-block-image size-large\"><img loading=\"lazy\" decoding=\"async\" width=\"1024\" height=\"768\" src=\"https:\/\/fmllanura.com\/wp-content\/uploads\/2026\/04\/17772994938804649569197075664131-1024x768.jpg\" alt=\"\" class=\"wp-image-9029\" srcset=\"https:\/\/fmllanura.com\/wp-content\/uploads\/2026\/04\/17772994938804649569197075664131-1024x768.jpg 1024w, https:\/\/fmllanura.com\/wp-content\/uploads\/2026\/04\/17772994938804649569197075664131-300x225.jpg 300w, https:\/\/fmllanura.com\/wp-content\/uploads\/2026\/04\/17772994938804649569197075664131-768x576.jpg 768w, https:\/\/fmllanura.com\/wp-content\/uploads\/2026\/04\/17772994938804649569197075664131.jpg 1280w\" sizes=\"(max-width: 1024px) 100vw, 1024px\" \/><\/figure>\n\n\n\n<p>La provincia de La Pampa alcanz\u00f3 un estatus sanitario de gran trascendencia al formalizar su incorporaci\u00f3n al Programa Nacional de Cardiopat\u00edas Cong\u00e9nitas (PNCC). La noticia fue oficializada durante el \u00faltimo Consejo Federal de Salud (COFESA), donde las autoridades nacionales reconocieron la trayectoria y excelencia de los equipos del Hospital de Complejidad Creciente \u201cRen\u00e9 Favaloro\u201d.Esta validaci\u00f3n posiciona al establecimiento pampeano como un referente regional para el tratamiento de patolog\u00edas cardiovasculares de mediana y alta complejidad. Con su integraci\u00f3n al programa, el hospital se equipara a los grandes centros del pa\u00eds, lo que garantiza el financiamiento nacional para estas cirug\u00edas y elimina barreras administrativas.<\/p>\n\n\n\n<p>La Pampa cuenta con una s\u00f3lida historia en el abordaje de estas patolog\u00edas, iniciada en el Hospital Lucio Molas y continuada en el Favaloro. Dicho trabajo ha sido posible gracias a la conformaci\u00f3n de equipos mixtos, compuestos por especialistas del Hospital Garrahan, liderados por el cirujano Dr. Javier Cornelis, y profesionales locales que operan conjuntamente en la provincia.El ministro de Salud, Mario Rub\u00e9n Kohan, expres\u00f3 su satisfacci\u00f3n por el logro. \u201cDespu\u00e9s de mucho esfuerzo, en el \u00faltimo COFESA recibimos la grat\u00edsima noticia de ver a La Pampa incorporada en el mapa argentino como parte de la red federal. Es un hecho que nos enorgullece porque valida la eficiencia de nuestros equipos\u201d, declar\u00f3 a la Agencia Provincial de Noticias.El titular de la cartera sanitaria destac\u00f3 el rol del Ejecutivo provincial en este avance. \u201cEste avance es el resultado de una decisi\u00f3n pol\u00edtica clara, el acompa\u00f1amiento incondicional del gobernador Sergio Ziliotto durante todo este tiempo; su apoyo constante es un pilar que nos permite sostener y jerarquizar la atenci\u00f3n en Salud hasta lograr este reconocimiento nacional\u201d, afirm\u00f3.Kohan explic\u00f3 que el ingreso al programa resuelve un obst\u00e1culo hist\u00f3rico vinculado a la baja densidad poblacional de la provincia, ya que se prioriz\u00f3 la capacidad profesional y el alto volumen de intervenciones de los especialistas por sobre la estad\u00edstica local. \u201cGracias a los equipos mixtos liderados por el Dr. Cornelis, cuya pr\u00e1ctica en el Garrahan garantiza un entrenamiento constante en casos de alta complejidad, y al trabajo conjunto con los profesionales de nuestros servicios locales, contamos con una experiencia cl\u00ednica inigualable que hoy se vuelca plenamente en nuestro hospital\u201d, se\u00f1al\u00f3.<\/p>\n\n\n\n<p>Javier Cornelis, cirujano card\u00edaco pedi\u00e1trico pampeano e integrante del equipo del Hospital Garrahan, detall\u00f3 que la capacidad t\u00e9cnica super\u00f3 los r\u00edgidos criterios de casu\u00edstica del programa. \u201cLo que no ten\u00edamos en cantidad de casos lo superamos con creces en capacidad t\u00e9cnica (\u2026) logrando, junto a todo el equipo de trabajo local que es excelente, \u00f3ptimos resultados y una calidad prestacional con niveles de \u00e9xito superiores a los de muchos centros tradicionales\u201d, explic\u00f3. Agreg\u00f3 que \u201cesta acci\u00f3n permitir\u00e1 que la Provincia acceda al recupero de costos a trav\u00e9s del Plan Sumar por una labor que ya ven\u00eda realizando con fondos propios\u201d.El cirujano inform\u00f3 que desde 2006 el equipo ha realizado 330 cirug\u00edas de alta complejidad con grandes resultados, siendo pioneros en el modelo de equipos mixtos que luego fue replicado por otras especialidades en la provincia. Este modelo, asegur\u00f3, permite hoy resolver \u201ccasi la totalidad de las cardiopat\u00edas en territorio pampeano\u201d.Cornelis tambi\u00e9n enfatiz\u00f3 la importancia del capital humano. \u201cEn La Pampa priorizamos la capacitaci\u00f3n antes que el equipamiento. La tecnolog\u00eda de vanguardia del Hospital \u2018Ren\u00e9 Favaloro\u2019 es impresionante, pero solo cobra sentido porque rodea a un equipo altamente entrenado. El Hospital debe rodear al profesional y no al rev\u00e9s. Si la tecnolog\u00eda est\u00e1 vac\u00eda de recurso humano capacitado, los resultados fallan\u201d, afirm\u00f3.Gracias a la capacidad instalada y los resultados obtenidos, el especialista asegur\u00f3 que la provincia se consolida como un centro regional. \u201cNo solo eliminamos las derivaciones a Buenos Aires, sino que desde La Pampa nos consolidamos como un centro regional capaz de recibir pacientes de provincias vecinas, optimizando la Red Federal de Cardiopat\u00edas Cong\u00e9nitas\u201d, justific\u00f3.Un aspecto clave del Hospital Favaloro es su car\u00e1cter polivalente, que permite atender desde reci\u00e9n nacidos hasta adultos con cardiopat\u00edas cong\u00e9nitas, evitando el desarraigo de las familias. \u201cResolvemos patolog\u00edas en adultos que no encuentran respuesta en otros centros\u201d, concluy\u00f3 Cornelis, agradeciendo el apoyo de las autoridades provinciales.Finalmente, el cardi\u00f3logo pedi\u00e1trico Carlos Vallejos destac\u00f3 que el logro rompi\u00f3 con la rigidez administrativa que hist\u00f3ricamente exclu\u00eda a La Pampa por su baja casu\u00edstica. \u201cSe propon\u00eda que se evaluara la experiencia real del equipo quir\u00fargico mixto y no solo la estad\u00edstica del hospital. El equipo mixto opera con \u00e9xito desde hace m\u00e1s de 20 a\u00f1os\u201d, se\u00f1al\u00f3. La incorporaci\u00f3n, afirm\u00f3, \u201cposibilitar\u00e1 el recupero de costos a trav\u00e9s de Naci\u00f3n por la atenci\u00f3n de aquellos pacientes que no tienen cobertura\u201d.<\/p>\n\n\n\n<p>Vallejos concluy\u00f3 que se trata de \u201cun reconocimiento al equipo de trabajo; una validaci\u00f3n al compromiso de un grupo que siempre prioriz\u00f3 la vida y el arraigo de las familias por sobre las estad\u00edsticas\u201d, consolidando un modelo de salud m\u00e1s justo y de vanguardia en el territorio provincial.<\/p>\n","protected":false},"excerpt":{"rendered":"<p>La provincia de La Pampa alcanz\u00f3 un estatus sanitario de gran trascendencia al formalizar su incorporaci\u00f3n al Programa Nacional de Cardiopat\u00edas Cong\u00e9nitas (PNCC). La noticia fue oficializada durante el \u00faltimo Consejo Federal de Salud (COFESA), donde las autoridades nacionales reconocieron la trayectoria y excelencia de los equipos del Hospital de Complejidad Creciente \u201cRen\u00e9 Favaloro\u201d.Esta validaci\u00f3n &hellip;<\/p>\n","protected":false},"author":4,"featured_media":9029,"comment_status":"open","ping_status":"open","sticky":false,"template":"","format":"standard","meta":{"footnotes":""},"categories":[69],"tags":[],"class_list":["post-9024","post","type-post","status-publish","format-standard","has-post-thumbnail","","category-localidades"],"yoast_head":"<!-- This site is optimized with the Yoast SEO plugin v19.9 - https:\/\/yoast.com\/wordpress\/plugins\/seo\/ -->\n<title>Hist\u00f3rico reconocimiento: La Pampa se incorpora al Programa Nacional de Cardiopat\u00edas Cong\u00e9nitas - RADIO LLANURA<\/title>\n<meta name=\"robots\" content=\"index, follow, max-snippet:-1, max-image-preview:large, max-video-preview:-1\" \/>\n<link rel=\"canonical\" href=\"https:\/\/fmllanura.com\/?p=9024\" \/>\n<meta property=\"og:locale\" content=\"es_ES\" \/>\n<meta property=\"og:type\" content=\"article\" \/>\n<meta property=\"og:title\" content=\"Hist\u00f3rico reconocimiento: La Pampa se incorpora al Programa Nacional de Cardiopat\u00edas Cong\u00e9nitas - RADIO LLANURA\" \/>\n<meta property=\"og:description\" content=\"La provincia de La Pampa alcanz\u00f3 un estatus sanitario de gran trascendencia al formalizar su incorporaci\u00f3n al Programa Nacional de Cardiopat\u00edas Cong\u00e9nitas (PNCC). La noticia fue oficializada durante el \u00faltimo Consejo Federal de Salud (COFESA), donde las autoridades nacionales reconocieron la trayectoria y excelencia de los equipos del Hospital de Complejidad Creciente \u201cRen\u00e9 Favaloro\u201d.Esta validaci\u00f3n &hellip;\" \/>\n<meta property=\"og:url\" content=\"https:\/\/fmllanura.com\/?p=9024\" \/>\n<meta property=\"og:site_name\" content=\"RADIO LLANURA\" \/>\n<meta property=\"article:published_time\" content=\"2026-04-27T14:20:58+00:00\" \/>\n<meta property=\"article:modified_time\" content=\"2026-04-27T14:21:02+00:00\" \/>\n<meta property=\"og:image\" content=\"https:\/\/fmllanura.com\/wp-content\/uploads\/2026\/04\/17772994938804649569197075664131.jpg\" \/>\n\t<meta property=\"og:image:width\" content=\"1280\" \/>\n\t<meta property=\"og:image:height\" content=\"960\" \/>\n\t<meta property=\"og:image:type\" content=\"image\/jpeg\" \/>\n<meta name=\"author\" content=\"llanura\" \/>\n<meta name=\"twitter:card\" content=\"summary_large_image\" \/>\n<meta name=\"twitter:label1\" content=\"Escrito por\" \/>\n\t<meta name=\"twitter:data1\" content=\"llanura\" \/>\n\t<meta name=\"twitter:label2\" content=\"Tiempo de lectura\" \/>\n\t<meta name=\"twitter:data2\" content=\"4 minutos\" \/>\n<script type=\"application\/ld+json\" class=\"yoast-schema-graph\">{\"@context\":\"https:\/\/schema.org\",\"@graph\":[{\"@type\":\"WebPage\",\"@id\":\"https:\/\/fmllanura.com\/?p=9024\",\"url\":\"https:\/\/fmllanura.com\/?p=9024\",\"name\":\"Hist\u00f3rico reconocimiento: La Pampa se incorpora al Programa Nacional de Cardiopat\u00edas Cong\u00e9nitas - RADIO LLANURA\",\"isPartOf\":{\"@id\":\"https:\/\/fmllanura.com\/#website\"},\"datePublished\":\"2026-04-27T14:20:58+00:00\",\"dateModified\":\"2026-04-27T14:21:02+00:00\",\"author\":{\"@id\":\"https:\/\/fmllanura.com\/#\/schema\/person\/dd4b4843c2293cd8d5995d115dbd5e96\"},\"breadcrumb\":{\"@id\":\"https:\/\/fmllanura.com\/?p=9024#breadcrumb\"},\"inLanguage\":\"es\",\"potentialAction\":[{\"@type\":\"ReadAction\",\"target\":[\"https:\/\/fmllanura.com\/?p=9024\"]}]},{\"@type\":\"BreadcrumbList\",\"@id\":\"https:\/\/fmllanura.com\/?p=9024#breadcrumb\",\"itemListElement\":[{\"@type\":\"ListItem\",\"position\":1,\"name\":\"Portada\",\"item\":\"https:\/\/fmllanura.com\/\"},{\"@type\":\"ListItem\",\"position\":2,\"name\":\"Hist\u00f3rico reconocimiento: La Pampa se incorpora al Programa Nacional de Cardiopat\u00edas Cong\u00e9nitas\"}]},{\"@type\":\"WebSite\",\"@id\":\"https:\/\/fmllanura.com\/#website\",\"url\":\"https:\/\/fmllanura.com\/\",\"name\":\"RADIO LLANURA\",\"description\":\"\",\"potentialAction\":[{\"@type\":\"SearchAction\",\"target\":{\"@type\":\"EntryPoint\",\"urlTemplate\":\"https:\/\/fmllanura.com\/?s={search_term_string}\"},\"query-input\":\"required name=search_term_string\"}],\"inLanguage\":\"es\"},{\"@type\":\"Person\",\"@id\":\"https:\/\/fmllanura.com\/#\/schema\/person\/dd4b4843c2293cd8d5995d115dbd5e96\",\"name\":\"llanura\",\"image\":{\"@type\":\"ImageObject\",\"inLanguage\":\"es\",\"@id\":\"https:\/\/fmllanura.com\/#\/schema\/person\/image\/\",\"url\":\"https:\/\/secure.gravatar.com\/avatar\/f6ee1541937ff3e68dac011173779bde?s=96&d=mm&r=g\",\"contentUrl\":\"https:\/\/secure.gravatar.com\/avatar\/f6ee1541937ff3e68dac011173779bde?s=96&d=mm&r=g\",\"caption\":\"llanura\"},\"url\":\"https:\/\/fmllanura.com\/?author=4\"}]}<\/script>\n<!-- \/ Yoast SEO plugin. -->","yoast_head_json":{"title":"Hist\u00f3rico reconocimiento: La Pampa se incorpora al Programa Nacional de Cardiopat\u00edas Cong\u00e9nitas - RADIO LLANURA","robots":{"index":"index","follow":"follow","max-snippet":"max-snippet:-1","max-image-preview":"max-image-preview:large","max-video-preview":"max-video-preview:-1"},"canonical":"https:\/\/fmllanura.com\/?p=9024","og_locale":"es_ES","og_type":"article","og_title":"Hist\u00f3rico reconocimiento: La Pampa se incorpora al Programa Nacional de Cardiopat\u00edas Cong\u00e9nitas - RADIO LLANURA","og_description":"La provincia de La Pampa alcanz\u00f3 un estatus sanitario de gran trascendencia al formalizar su incorporaci\u00f3n al Programa Nacional de Cardiopat\u00edas Cong\u00e9nitas (PNCC). La noticia fue oficializada durante el \u00faltimo Consejo Federal de Salud (COFESA), donde las autoridades nacionales reconocieron la trayectoria y excelencia de los equipos del Hospital de Complejidad Creciente \u201cRen\u00e9 Favaloro\u201d.Esta validaci\u00f3n &hellip;","og_url":"https:\/\/fmllanura.com\/?p=9024","og_site_name":"RADIO LLANURA","article_published_time":"2026-04-27T14:20:58+00:00","article_modified_time":"2026-04-27T14:21:02+00:00","og_image":[{"width":1280,"height":960,"url":"https:\/\/fmllanura.com\/wp-content\/uploads\/2026\/04\/17772994938804649569197075664131.jpg","type":"image\/jpeg"}],"author":"llanura","twitter_card":"summary_large_image","twitter_misc":{"Escrito por":"llanura","Tiempo de lectura":"4 minutos"},"schema":{"@context":"https:\/\/schema.org","@graph":[{"@type":"WebPage","@id":"https:\/\/fmllanura.com\/?p=9024","url":"https:\/\/fmllanura.com\/?p=9024","name":"Hist\u00f3rico reconocimiento: La Pampa se incorpora al Programa Nacional de Cardiopat\u00edas Cong\u00e9nitas - RADIO LLANURA","isPartOf":{"@id":"https:\/\/fmllanura.com\/#website"},"datePublished":"2026-04-27T14:20:58+00:00","dateModified":"2026-04-27T14:21:02+00:00","author":{"@id":"https:\/\/fmllanura.com\/#\/schema\/person\/dd4b4843c2293cd8d5995d115dbd5e96"},"breadcrumb":{"@id":"https:\/\/fmllanura.com\/?p=9024#breadcrumb"},"inLanguage":"es","potentialAction":[{"@type":"ReadAction","target":["https:\/\/fmllanura.com\/?p=9024"]}]},{"@type":"BreadcrumbList","@id":"https:\/\/fmllanura.com\/?p=9024#breadcrumb","itemListElement":[{"@type":"ListItem","position":1,"name":"Portada","item":"https:\/\/fmllanura.com\/"},{"@type":"ListItem","position":2,"name":"Hist\u00f3rico reconocimiento: La Pampa se incorpora al Programa Nacional de Cardiopat\u00edas Cong\u00e9nitas"}]},{"@type":"WebSite","@id":"https:\/\/fmllanura.com\/#website","url":"https:\/\/fmllanura.com\/","name":"RADIO LLANURA","description":"","potentialAction":[{"@type":"SearchAction","target":{"@type":"EntryPoint","urlTemplate":"https:\/\/fmllanura.com\/?s={search_term_string}"},"query-input":"required name=search_term_string"}],"inLanguage":"es"},{"@type":"Person","@id":"https:\/\/fmllanura.com\/#\/schema\/person\/dd4b4843c2293cd8d5995d115dbd5e96","name":"llanura","image":{"@type":"ImageObject","inLanguage":"es","@id":"https:\/\/fmllanura.com\/#\/schema\/person\/image\/","url":"https:\/\/secure.gravatar.com\/avatar\/f6ee1541937ff3e68dac011173779bde?s=96&d=mm&r=g","contentUrl":"https:\/\/secure.gravatar.com\/avatar\/f6ee1541937ff3e68dac011173779bde?s=96&d=mm&r=g","caption":"llanura"},"url":"https:\/\/fmllanura.com\/?author=4"}]}},"_links":{"self":[{"href":"https:\/\/fmllanura.com\/index.php?rest_route=\/wp\/v2\/posts\/9024"}],"collection":[{"href":"https:\/\/fmllanura.com\/index.php?rest_route=\/wp\/v2\/posts"}],"about":[{"href":"https:\/\/fmllanura.com\/index.php?rest_route=\/wp\/v2\/types\/post"}],"author":[{"embeddable":true,"href":"https:\/\/fmllanura.com\/index.php?rest_route=\/wp\/v2\/users\/4"}],"replies":[{"embeddable":true,"href":"https:\/\/fmllanura.com\/index.php?rest_route=%2Fwp%2Fv2%2Fcomments&post=9024"}],"version-history":[{"count":1,"href":"https:\/\/fmllanura.com\/index.php?rest_route=\/wp\/v2\/posts\/9024\/revisions"}],"predecessor-version":[{"id":9030,"href":"https:\/\/fmllanura.com\/index.php?rest_route=\/wp\/v2\/posts\/9024\/revisions\/9030"}],"wp:featuredmedia":[{"embeddable":true,"href":"https:\/\/fmllanura.com\/index.php?rest_route=\/wp\/v2\/media\/9029"}],"wp:attachment":[{"href":"https:\/\/fmllanura.com\/index.php?rest_route=%2Fwp%2Fv2%2Fmedia&parent=9024"}],"wp:term":[{"taxonomy":"category","embeddable":true,"href":"https:\/\/fmllanura.com\/index.php?rest_route=%2Fwp%2Fv2%2Fcategories&post=9024"},{"taxonomy":"post_tag","embeddable":true,"href":"https:\/\/fmllanura.com\/index.php?rest_route=%2Fwp%2Fv2%2Ftags&post=9024"}],"curies":[{"name":"wp","href":"https:\/\/api.w.org\/{rel}","templated":true}]}}