{"id":9025,"date":"2026-04-27T14:21:59","date_gmt":"2026-04-27T14:21:59","guid":{"rendered":"https:\/\/fmllanura.com\/?p=9025"},"modified":"2026-04-27T14:22:05","modified_gmt":"2026-04-27T14:22:05","slug":"abren-convocatoria-para-un-cargo-docente-en-el-instituto-superior-de-bellas-artes-de-general-pico","status":"publish","type":"post","link":"https:\/\/fmllanura.com\/?p=9025","title":{"rendered":"Abren convocatoria para un cargo docente en el Instituto Superior de Bellas Artes de General Pico"},"content":{"rendered":"\n<figure class=\"wp-block-image size-full\"><img loading=\"lazy\" decoding=\"async\" width=\"1011\" height=\"674\" src=\"https:\/\/fmllanura.com\/wp-content\/uploads\/2026\/04\/17772996652795385109129727801507.jpg\" alt=\"\" class=\"wp-image-9031\" srcset=\"https:\/\/fmllanura.com\/wp-content\/uploads\/2026\/04\/17772996652795385109129727801507.jpg 1011w, https:\/\/fmllanura.com\/wp-content\/uploads\/2026\/04\/17772996652795385109129727801507-300x200.jpg 300w, https:\/\/fmllanura.com\/wp-content\/uploads\/2026\/04\/17772996652795385109129727801507-768x512.jpg 768w\" sizes=\"(max-width: 1011px) 100vw, 1011px\" \/><\/figure>\n\n\n\n<p>El Ministerio de Educaci\u00f3n de La Pampa, a trav\u00e9s de la Direcci\u00f3n General de Educaci\u00f3n Superior, inform\u00f3 la apertura de una convocatoria para cubrir un cargo docente en el Instituto Superior de Bellas Artes (ISBA) de la ciudad de General Pico. La b\u00fasqueda se orienta a cubrir el espacio curricular EDI: \u201cLenguajes Art\u00edsticos Integrados\u201d, con perfil en Teatro, para el Profesorado de Artes Visuales.La designaci\u00f3n corresponde a un interinato que se extender\u00e1 hasta la finalizaci\u00f3n del Ciclo Lectivo 2026. Las inscripciones se recibir\u00e1n de manera online hasta el d\u00eda 27 de abril a las 21 horas, a trav\u00e9s del portal oficial del sistema educativo provincial.<\/p>\n\n\n\n<p>Entre los requisitos para postularse se solicita ser Profesor\/a de Teatro o poseer una titulaci\u00f3n af\u00edn, la cual debe estar registrada en el Departamento de T\u00edtulos. El horario estipulado para el dictado de la materia es los d\u00edas viernes de 14:30 a 15:50 horas.Para obtener m\u00e1s informaci\u00f3n o realizar consultas, los interesados pueden contactarse con el Consejo Consultivo Provincial al correo electr\u00f3nico consejoconsultivo.superior@lapampa.edu.ar o al tel\u00e9fono 2954-831481.<\/p>\n","protected":false},"excerpt":{"rendered":"<p>El Ministerio de Educaci\u00f3n de La Pampa, a trav\u00e9s de la Direcci\u00f3n General de Educaci\u00f3n Superior, inform\u00f3 la apertura de una convocatoria para cubrir un cargo docente en el Instituto Superior de Bellas Artes (ISBA) de la ciudad de General Pico. La b\u00fasqueda se orienta a cubrir el espacio curricular EDI: \u201cLenguajes Art\u00edsticos Integrados\u201d, con &hellip;<\/p>\n","protected":false},"author":4,"featured_media":9031,"comment_status":"open","ping_status":"open","sticky":false,"template":"","format":"standard","meta":{"footnotes":""},"categories":[69],"tags":[],"class_list":["post-9025","post","type-post","status-publish","format-standard","has-post-thumbnail","","category-localidades"],"yoast_head":"<!-- This site is optimized with the Yoast SEO plugin v19.9 - https:\/\/yoast.com\/wordpress\/plugins\/seo\/ -->\n<title>Abren convocatoria para un cargo docente en el Instituto Superior de Bellas Artes de General Pico - RADIO LLANURA<\/title>\n<meta name=\"robots\" content=\"index, follow, max-snippet:-1, max-image-preview:large, max-video-preview:-1\" \/>\n<link rel=\"canonical\" href=\"https:\/\/fmllanura.com\/?p=9025\" \/>\n<meta property=\"og:locale\" content=\"es_ES\" \/>\n<meta property=\"og:type\" content=\"article\" \/>\n<meta property=\"og:title\" content=\"Abren convocatoria para un cargo docente en el Instituto Superior de Bellas Artes de General Pico - RADIO LLANURA\" \/>\n<meta property=\"og:description\" content=\"El Ministerio de Educaci\u00f3n de La Pampa, a trav\u00e9s de la Direcci\u00f3n General de Educaci\u00f3n Superior, inform\u00f3 la apertura de una convocatoria para cubrir un cargo docente en el Instituto Superior de Bellas Artes (ISBA) de la ciudad de General Pico. La b\u00fasqueda se orienta a cubrir el espacio curricular EDI: \u201cLenguajes Art\u00edsticos Integrados\u201d, con &hellip;\" \/>\n<meta property=\"og:url\" content=\"https:\/\/fmllanura.com\/?p=9025\" \/>\n<meta property=\"og:site_name\" content=\"RADIO LLANURA\" \/>\n<meta property=\"article:published_time\" content=\"2026-04-27T14:21:59+00:00\" \/>\n<meta property=\"article:modified_time\" content=\"2026-04-27T14:22:05+00:00\" \/>\n<meta property=\"og:image\" content=\"https:\/\/fmllanura.com\/wp-content\/uploads\/2026\/04\/17772996652795385109129727801507.jpg\" \/>\n\t<meta property=\"og:image:width\" content=\"1011\" \/>\n\t<meta property=\"og:image:height\" content=\"674\" \/>\n\t<meta property=\"og:image:type\" content=\"image\/jpeg\" \/>\n<meta name=\"author\" content=\"llanura\" \/>\n<meta name=\"twitter:card\" content=\"summary_large_image\" \/>\n<meta name=\"twitter:label1\" content=\"Escrito por\" \/>\n\t<meta name=\"twitter:data1\" content=\"llanura\" \/>\n\t<meta name=\"twitter:label2\" content=\"Tiempo de lectura\" \/>\n\t<meta name=\"twitter:data2\" content=\"1 minuto\" \/>\n<script type=\"application\/ld+json\" class=\"yoast-schema-graph\">{\"@context\":\"https:\/\/schema.org\",\"@graph\":[{\"@type\":\"WebPage\",\"@id\":\"https:\/\/fmllanura.com\/?p=9025\",\"url\":\"https:\/\/fmllanura.com\/?p=9025\",\"name\":\"Abren convocatoria para un cargo docente en el Instituto Superior de Bellas Artes de General Pico - RADIO LLANURA\",\"isPartOf\":{\"@id\":\"https:\/\/fmllanura.com\/#website\"},\"datePublished\":\"2026-04-27T14:21:59+00:00\",\"dateModified\":\"2026-04-27T14:22:05+00:00\",\"author\":{\"@id\":\"https:\/\/fmllanura.com\/#\/schema\/person\/dd4b4843c2293cd8d5995d115dbd5e96\"},\"breadcrumb\":{\"@id\":\"https:\/\/fmllanura.com\/?p=9025#breadcrumb\"},\"inLanguage\":\"es\",\"potentialAction\":[{\"@type\":\"ReadAction\",\"target\":[\"https:\/\/fmllanura.com\/?p=9025\"]}]},{\"@type\":\"BreadcrumbList\",\"@id\":\"https:\/\/fmllanura.com\/?p=9025#breadcrumb\",\"itemListElement\":[{\"@type\":\"ListItem\",\"position\":1,\"name\":\"Portada\",\"item\":\"https:\/\/fmllanura.com\/\"},{\"@type\":\"ListItem\",\"position\":2,\"name\":\"Abren convocatoria para un cargo docente en el Instituto Superior de Bellas Artes de General Pico\"}]},{\"@type\":\"WebSite\",\"@id\":\"https:\/\/fmllanura.com\/#website\",\"url\":\"https:\/\/fmllanura.com\/\",\"name\":\"RADIO LLANURA\",\"description\":\"\",\"potentialAction\":[{\"@type\":\"SearchAction\",\"target\":{\"@type\":\"EntryPoint\",\"urlTemplate\":\"https:\/\/fmllanura.com\/?s={search_term_string}\"},\"query-input\":\"required name=search_term_string\"}],\"inLanguage\":\"es\"},{\"@type\":\"Person\",\"@id\":\"https:\/\/fmllanura.com\/#\/schema\/person\/dd4b4843c2293cd8d5995d115dbd5e96\",\"name\":\"llanura\",\"image\":{\"@type\":\"ImageObject\",\"inLanguage\":\"es\",\"@id\":\"https:\/\/fmllanura.com\/#\/schema\/person\/image\/\",\"url\":\"https:\/\/secure.gravatar.com\/avatar\/f6ee1541937ff3e68dac011173779bde?s=96&d=mm&r=g\",\"contentUrl\":\"https:\/\/secure.gravatar.com\/avatar\/f6ee1541937ff3e68dac011173779bde?s=96&d=mm&r=g\",\"caption\":\"llanura\"},\"url\":\"https:\/\/fmllanura.com\/?author=4\"}]}<\/script>\n<!-- \/ Yoast SEO plugin. -->","yoast_head_json":{"title":"Abren convocatoria para un cargo docente en el Instituto Superior de Bellas Artes de General Pico - RADIO LLANURA","robots":{"index":"index","follow":"follow","max-snippet":"max-snippet:-1","max-image-preview":"max-image-preview:large","max-video-preview":"max-video-preview:-1"},"canonical":"https:\/\/fmllanura.com\/?p=9025","og_locale":"es_ES","og_type":"article","og_title":"Abren convocatoria para un cargo docente en el Instituto Superior de Bellas Artes de General Pico - RADIO LLANURA","og_description":"El Ministerio de Educaci\u00f3n de La Pampa, a trav\u00e9s de la Direcci\u00f3n General de Educaci\u00f3n Superior, inform\u00f3 la apertura de una convocatoria para cubrir un cargo docente en el Instituto Superior de Bellas Artes (ISBA) de la ciudad de General Pico. La b\u00fasqueda se orienta a cubrir el espacio curricular EDI: \u201cLenguajes Art\u00edsticos Integrados\u201d, con &hellip;","og_url":"https:\/\/fmllanura.com\/?p=9025","og_site_name":"RADIO LLANURA","article_published_time":"2026-04-27T14:21:59+00:00","article_modified_time":"2026-04-27T14:22:05+00:00","og_image":[{"width":1011,"height":674,"url":"https:\/\/fmllanura.com\/wp-content\/uploads\/2026\/04\/17772996652795385109129727801507.jpg","type":"image\/jpeg"}],"author":"llanura","twitter_card":"summary_large_image","twitter_misc":{"Escrito por":"llanura","Tiempo de lectura":"1 minuto"},"schema":{"@context":"https:\/\/schema.org","@graph":[{"@type":"WebPage","@id":"https:\/\/fmllanura.com\/?p=9025","url":"https:\/\/fmllanura.com\/?p=9025","name":"Abren convocatoria para un cargo docente en el Instituto Superior de Bellas Artes de General Pico - RADIO LLANURA","isPartOf":{"@id":"https:\/\/fmllanura.com\/#website"},"datePublished":"2026-04-27T14:21:59+00:00","dateModified":"2026-04-27T14:22:05+00:00","author":{"@id":"https:\/\/fmllanura.com\/#\/schema\/person\/dd4b4843c2293cd8d5995d115dbd5e96"},"breadcrumb":{"@id":"https:\/\/fmllanura.com\/?p=9025#breadcrumb"},"inLanguage":"es","potentialAction":[{"@type":"ReadAction","target":["https:\/\/fmllanura.com\/?p=9025"]}]},{"@type":"BreadcrumbList","@id":"https:\/\/fmllanura.com\/?p=9025#breadcrumb","itemListElement":[{"@type":"ListItem","position":1,"name":"Portada","item":"https:\/\/fmllanura.com\/"},{"@type":"ListItem","position":2,"name":"Abren convocatoria para un cargo docente en el Instituto Superior de Bellas Artes de General Pico"}]},{"@type":"WebSite","@id":"https:\/\/fmllanura.com\/#website","url":"https:\/\/fmllanura.com\/","name":"RADIO LLANURA","description":"","potentialAction":[{"@type":"SearchAction","target":{"@type":"EntryPoint","urlTemplate":"https:\/\/fmllanura.com\/?s={search_term_string}"},"query-input":"required name=search_term_string"}],"inLanguage":"es"},{"@type":"Person","@id":"https:\/\/fmllanura.com\/#\/schema\/person\/dd4b4843c2293cd8d5995d115dbd5e96","name":"llanura","image":{"@type":"ImageObject","inLanguage":"es","@id":"https:\/\/fmllanura.com\/#\/schema\/person\/image\/","url":"https:\/\/secure.gravatar.com\/avatar\/f6ee1541937ff3e68dac011173779bde?s=96&d=mm&r=g","contentUrl":"https:\/\/secure.gravatar.com\/avatar\/f6ee1541937ff3e68dac011173779bde?s=96&d=mm&r=g","caption":"llanura"},"url":"https:\/\/fmllanura.com\/?author=4"}]}},"_links":{"self":[{"href":"https:\/\/fmllanura.com\/index.php?rest_route=\/wp\/v2\/posts\/9025"}],"collection":[{"href":"https:\/\/fmllanura.com\/index.php?rest_route=\/wp\/v2\/posts"}],"about":[{"href":"https:\/\/fmllanura.com\/index.php?rest_route=\/wp\/v2\/types\/post"}],"author":[{"embeddable":true,"href":"https:\/\/fmllanura.com\/index.php?rest_route=\/wp\/v2\/users\/4"}],"replies":[{"embeddable":true,"href":"https:\/\/fmllanura.com\/index.php?rest_route=%2Fwp%2Fv2%2Fcomments&post=9025"}],"version-history":[{"count":1,"href":"https:\/\/fmllanura.com\/index.php?rest_route=\/wp\/v2\/posts\/9025\/revisions"}],"predecessor-version":[{"id":9032,"href":"https:\/\/fmllanura.com\/index.php?rest_route=\/wp\/v2\/posts\/9025\/revisions\/9032"}],"wp:featuredmedia":[{"embeddable":true,"href":"https:\/\/fmllanura.com\/index.php?rest_route=\/wp\/v2\/media\/9031"}],"wp:attachment":[{"href":"https:\/\/fmllanura.com\/index.php?rest_route=%2Fwp%2Fv2%2Fmedia&parent=9025"}],"wp:term":[{"taxonomy":"category","embeddable":true,"href":"https:\/\/fmllanura.com\/index.php?rest_route=%2Fwp%2Fv2%2Fcategories&post=9025"},{"taxonomy":"post_tag","embeddable":true,"href":"https:\/\/fmllanura.com\/index.php?rest_route=%2Fwp%2Fv2%2Ftags&post=9025"}],"curies":[{"name":"wp","href":"https:\/\/api.w.org\/{rel}","templated":true}]}}