{"id":9027,"date":"2026-04-27T14:24:28","date_gmt":"2026-04-27T14:24:28","guid":{"rendered":"https:\/\/fmllanura.com\/?p=9027"},"modified":"2026-04-27T14:24:35","modified_gmt":"2026-04-27T14:24:35","slug":"el-gobierno-nacional-reduce-el-plan-remediar-a-tres-medicamentos-y-la-pampa-garantizara-la-cobertura","status":"publish","type":"post","link":"https:\/\/fmllanura.com\/?p=9027","title":{"rendered":"El gobierno nacional reduce el plan Remediar a tres medicamentos y La Pampa garantizar\u00e1 la cobertura"},"content":{"rendered":"\n<figure class=\"wp-block-image size-full\"><img loading=\"lazy\" decoding=\"async\" width=\"900\" height=\"507\" src=\"https:\/\/fmllanura.com\/wp-content\/uploads\/2026\/04\/17772997962375925533977465609472.jpg\" alt=\"\" class=\"wp-image-9035\" srcset=\"https:\/\/fmllanura.com\/wp-content\/uploads\/2026\/04\/17772997962375925533977465609472.jpg 900w, https:\/\/fmllanura.com\/wp-content\/uploads\/2026\/04\/17772997962375925533977465609472-300x169.jpg 300w, https:\/\/fmllanura.com\/wp-content\/uploads\/2026\/04\/17772997962375925533977465609472-768x433.jpg 768w\" sizes=\"(max-width: 900px) 100vw, 900px\" \/><\/figure>\n\n\n\n<p>El gobierno nacional confirm\u00f3 una dr\u00e1stica reducci\u00f3n en el programa Remediar, la iniciativa que desde 2002 provee medicamentos a los centros de atenci\u00f3n primaria de todo el pa\u00eds. De un promedio hist\u00f3rico de casi 80 f\u00e1rmacos, el botiqu\u00edn pasar\u00e1 a contar con apenas tres a partir de septiembre. Frente a este panorama, el subsecretario de Salud de La Pampa, Gustavo Vera, asegur\u00f3 que la provincia se har\u00e1 cargo de garantizar los tratamientos, aunque advirti\u00f3 sobre el fuerte impacto social de la medida.<\/p>\n\n\n\n<p>El plan Remediar fue dise\u00f1ado exclusivamente para asistir al sector de la poblaci\u00f3n que no cuenta con obra social, lo que representa entre un 25% y un 35% de los argentinos. Seg\u00fan explic\u00f3 Vera en di\u00e1logo con InfoPico Radio 99.9, los recortes ser\u00e1n escalonados: en mayo ingresar\u00e1n botiquines con 30 medicamentos, en julio y agosto se reducir\u00e1n a 16, y para septiembre solo quedar\u00e1n tres.\u201cNaci\u00f3n est\u00e1 trasladando el problema a la comunidad, no a la provincia. Le est\u00e1 diciendo a este sector m\u00e1s vulnerable, que est\u00e1 en negro, desprotegido o sin trabajo, que se compre los medicamentos \u00e9l mismo\u201d, sentenci\u00f3 el funcionario pampeano.Para el subsecretario, la decisi\u00f3n del gobierno central refleja una profunda \u201cinsensibilidad que profundiza la desigualdad\u201d. En sus declaraciones, dej\u00f3 en claro que la quita no afecta a quienes tienen un respaldo econ\u00f3mico, PAMI o una prepaga, sino a los vecinos de menores recursos que dependen exclusivamente del sistema de salud p\u00fablico.La respuesta de La PampaHist\u00f3ricamente, los botiquines del Remediar llegaban de forma directa a las postas sanitarias y centros de salud (CAPS) de los barrios y localidades, sin pasar por los grandes hospitales con internaci\u00f3n como el Gobernador Centeno. Esto permit\u00eda a la provincia destinar sus fondos a otras necesidades m\u00e9dicas sin duplicar gastos al momento de comprar antibi\u00f3ticos como amoxicilina o cefalexina.Ante el inminente vaciamiento del programa, Vera llev\u00f3 tranquilidad a los pampeanos. \u201cVamos a garantizar que los centros de salud tengan los medicamentos que siempre tuvieron. La provincia se va a hacer cargo, como se hizo cargo siempre\u201d, afirm\u00f3 contundente.<\/p>\n\n\n\n<p>Sin embargo, aclar\u00f3 que esta obligaci\u00f3n forzada supone un reacomodamiento econ\u00f3mico importante. La Pampa deber\u00e1 reubicar sus compras y aumentar el presupuesto destinado a farmacia, asumiendo una responsabilidad nacional en un contexto adverso. \u201cVamos a tratar de buscar todos los medios, pero con menos recursos, porque Naci\u00f3n manda menos plata\u201d, remarc\u00f3.Dudas sobre los medicamentos restantesEl programa, creado durante la gesti\u00f3n de Gin\u00e9s Gonz\u00e1lez Garc\u00eda tras la crisis de 2001, se mantuvo ininterrumpido durante m\u00e1s de dos d\u00e9cadas debido a su probada eficacia en el territorio. Ahora, la reducci\u00f3n no solo es cuantitativa, sino que tambi\u00e9n genera dudas en el \u00e1mbito m\u00e9dico.Reducci\u00f3n dr\u00e1stica: De 79 medicamentos hist\u00f3ricos, se pasar\u00e1 a solo 3.Cuestionamientos t\u00e9cnicos: Vera desliz\u00f3 que existen discusiones entre los cardi\u00f3logos sobre los f\u00e1rmacos que sobrevivir\u00e1n al recorte (como la hidroclorotiazida y el losart\u00e1n).Dosis al l\u00edmite: Los especialistas se\u00f1alan que se enviar\u00e1n dosis m\u00ednimas que obligan a replantear los tratamientos de base.\u201cPodr\u00eda haber medicamentos mejores o con indicaci\u00f3n m\u00e1s precisa. Pero la realidad es que el gobierno nacional no le hace un recorte a la provincia, se lo hace a los grupos m\u00e1s vulnerables de nuestra sociedad que no ha detectado y que no le interesan\u201d, concluy\u00f3 el subsecretario.<\/p>\n","protected":false},"excerpt":{"rendered":"<p>El gobierno nacional confirm\u00f3 una dr\u00e1stica reducci\u00f3n en el programa Remediar, la iniciativa que desde 2002 provee medicamentos a los centros de atenci\u00f3n primaria de todo el pa\u00eds. De un promedio hist\u00f3rico de casi 80 f\u00e1rmacos, el botiqu\u00edn pasar\u00e1 a contar con apenas tres a partir de septiembre. Frente a este panorama, el subsecretario de &hellip;<\/p>\n","protected":false},"author":4,"featured_media":9035,"comment_status":"open","ping_status":"open","sticky":false,"template":"","format":"standard","meta":{"footnotes":""},"categories":[69],"tags":[],"class_list":["post-9027","post","type-post","status-publish","format-standard","has-post-thumbnail","","category-localidades"],"yoast_head":"<!-- This site is optimized with the Yoast SEO plugin v19.9 - https:\/\/yoast.com\/wordpress\/plugins\/seo\/ -->\n<title>El gobierno nacional reduce el plan Remediar a tres medicamentos y La Pampa garantizar\u00e1 la cobertura - RADIO LLANURA<\/title>\n<meta name=\"robots\" content=\"index, follow, max-snippet:-1, max-image-preview:large, max-video-preview:-1\" \/>\n<link rel=\"canonical\" href=\"https:\/\/fmllanura.com\/?p=9027\" \/>\n<meta property=\"og:locale\" content=\"es_ES\" \/>\n<meta property=\"og:type\" content=\"article\" \/>\n<meta property=\"og:title\" content=\"El gobierno nacional reduce el plan Remediar a tres medicamentos y La Pampa garantizar\u00e1 la cobertura - RADIO LLANURA\" \/>\n<meta property=\"og:description\" content=\"El gobierno nacional confirm\u00f3 una dr\u00e1stica reducci\u00f3n en el programa Remediar, la iniciativa que desde 2002 provee medicamentos a los centros de atenci\u00f3n primaria de todo el pa\u00eds. De un promedio hist\u00f3rico de casi 80 f\u00e1rmacos, el botiqu\u00edn pasar\u00e1 a contar con apenas tres a partir de septiembre. Frente a este panorama, el subsecretario de &hellip;\" \/>\n<meta property=\"og:url\" content=\"https:\/\/fmllanura.com\/?p=9027\" \/>\n<meta property=\"og:site_name\" content=\"RADIO LLANURA\" \/>\n<meta property=\"article:published_time\" content=\"2026-04-27T14:24:28+00:00\" \/>\n<meta property=\"article:modified_time\" content=\"2026-04-27T14:24:35+00:00\" \/>\n<meta property=\"og:image\" content=\"https:\/\/fmllanura.com\/wp-content\/uploads\/2026\/04\/17772997962375925533977465609472.jpg\" \/>\n\t<meta property=\"og:image:width\" content=\"900\" \/>\n\t<meta property=\"og:image:height\" content=\"507\" \/>\n\t<meta property=\"og:image:type\" content=\"image\/jpeg\" \/>\n<meta name=\"author\" content=\"llanura\" \/>\n<meta name=\"twitter:card\" content=\"summary_large_image\" \/>\n<meta name=\"twitter:label1\" content=\"Escrito por\" \/>\n\t<meta name=\"twitter:data1\" content=\"llanura\" \/>\n\t<meta name=\"twitter:label2\" content=\"Tiempo de lectura\" \/>\n\t<meta name=\"twitter:data2\" content=\"3 minutos\" \/>\n<script type=\"application\/ld+json\" class=\"yoast-schema-graph\">{\"@context\":\"https:\/\/schema.org\",\"@graph\":[{\"@type\":\"WebPage\",\"@id\":\"https:\/\/fmllanura.com\/?p=9027\",\"url\":\"https:\/\/fmllanura.com\/?p=9027\",\"name\":\"El gobierno nacional reduce el plan Remediar a tres medicamentos y La Pampa garantizar\u00e1 la cobertura - RADIO LLANURA\",\"isPartOf\":{\"@id\":\"https:\/\/fmllanura.com\/#website\"},\"datePublished\":\"2026-04-27T14:24:28+00:00\",\"dateModified\":\"2026-04-27T14:24:35+00:00\",\"author\":{\"@id\":\"https:\/\/fmllanura.com\/#\/schema\/person\/dd4b4843c2293cd8d5995d115dbd5e96\"},\"breadcrumb\":{\"@id\":\"https:\/\/fmllanura.com\/?p=9027#breadcrumb\"},\"inLanguage\":\"es\",\"potentialAction\":[{\"@type\":\"ReadAction\",\"target\":[\"https:\/\/fmllanura.com\/?p=9027\"]}]},{\"@type\":\"BreadcrumbList\",\"@id\":\"https:\/\/fmllanura.com\/?p=9027#breadcrumb\",\"itemListElement\":[{\"@type\":\"ListItem\",\"position\":1,\"name\":\"Portada\",\"item\":\"https:\/\/fmllanura.com\/\"},{\"@type\":\"ListItem\",\"position\":2,\"name\":\"El gobierno nacional reduce el plan Remediar a tres medicamentos y La Pampa garantizar\u00e1 la cobertura\"}]},{\"@type\":\"WebSite\",\"@id\":\"https:\/\/fmllanura.com\/#website\",\"url\":\"https:\/\/fmllanura.com\/\",\"name\":\"RADIO LLANURA\",\"description\":\"\",\"potentialAction\":[{\"@type\":\"SearchAction\",\"target\":{\"@type\":\"EntryPoint\",\"urlTemplate\":\"https:\/\/fmllanura.com\/?s={search_term_string}\"},\"query-input\":\"required name=search_term_string\"}],\"inLanguage\":\"es\"},{\"@type\":\"Person\",\"@id\":\"https:\/\/fmllanura.com\/#\/schema\/person\/dd4b4843c2293cd8d5995d115dbd5e96\",\"name\":\"llanura\",\"image\":{\"@type\":\"ImageObject\",\"inLanguage\":\"es\",\"@id\":\"https:\/\/fmllanura.com\/#\/schema\/person\/image\/\",\"url\":\"https:\/\/secure.gravatar.com\/avatar\/f6ee1541937ff3e68dac011173779bde?s=96&d=mm&r=g\",\"contentUrl\":\"https:\/\/secure.gravatar.com\/avatar\/f6ee1541937ff3e68dac011173779bde?s=96&d=mm&r=g\",\"caption\":\"llanura\"},\"url\":\"https:\/\/fmllanura.com\/?author=4\"}]}<\/script>\n<!-- \/ Yoast SEO plugin. -->","yoast_head_json":{"title":"El gobierno nacional reduce el plan Remediar a tres medicamentos y La Pampa garantizar\u00e1 la cobertura - RADIO LLANURA","robots":{"index":"index","follow":"follow","max-snippet":"max-snippet:-1","max-image-preview":"max-image-preview:large","max-video-preview":"max-video-preview:-1"},"canonical":"https:\/\/fmllanura.com\/?p=9027","og_locale":"es_ES","og_type":"article","og_title":"El gobierno nacional reduce el plan Remediar a tres medicamentos y La Pampa garantizar\u00e1 la cobertura - RADIO LLANURA","og_description":"El gobierno nacional confirm\u00f3 una dr\u00e1stica reducci\u00f3n en el programa Remediar, la iniciativa que desde 2002 provee medicamentos a los centros de atenci\u00f3n primaria de todo el pa\u00eds. De un promedio hist\u00f3rico de casi 80 f\u00e1rmacos, el botiqu\u00edn pasar\u00e1 a contar con apenas tres a partir de septiembre. Frente a este panorama, el subsecretario de &hellip;","og_url":"https:\/\/fmllanura.com\/?p=9027","og_site_name":"RADIO LLANURA","article_published_time":"2026-04-27T14:24:28+00:00","article_modified_time":"2026-04-27T14:24:35+00:00","og_image":[{"width":900,"height":507,"url":"https:\/\/fmllanura.com\/wp-content\/uploads\/2026\/04\/17772997962375925533977465609472.jpg","type":"image\/jpeg"}],"author":"llanura","twitter_card":"summary_large_image","twitter_misc":{"Escrito por":"llanura","Tiempo de lectura":"3 minutos"},"schema":{"@context":"https:\/\/schema.org","@graph":[{"@type":"WebPage","@id":"https:\/\/fmllanura.com\/?p=9027","url":"https:\/\/fmllanura.com\/?p=9027","name":"El gobierno nacional reduce el plan Remediar a tres medicamentos y La Pampa garantizar\u00e1 la cobertura - RADIO LLANURA","isPartOf":{"@id":"https:\/\/fmllanura.com\/#website"},"datePublished":"2026-04-27T14:24:28+00:00","dateModified":"2026-04-27T14:24:35+00:00","author":{"@id":"https:\/\/fmllanura.com\/#\/schema\/person\/dd4b4843c2293cd8d5995d115dbd5e96"},"breadcrumb":{"@id":"https:\/\/fmllanura.com\/?p=9027#breadcrumb"},"inLanguage":"es","potentialAction":[{"@type":"ReadAction","target":["https:\/\/fmllanura.com\/?p=9027"]}]},{"@type":"BreadcrumbList","@id":"https:\/\/fmllanura.com\/?p=9027#breadcrumb","itemListElement":[{"@type":"ListItem","position":1,"name":"Portada","item":"https:\/\/fmllanura.com\/"},{"@type":"ListItem","position":2,"name":"El gobierno nacional reduce el plan Remediar a tres medicamentos y La Pampa garantizar\u00e1 la cobertura"}]},{"@type":"WebSite","@id":"https:\/\/fmllanura.com\/#website","url":"https:\/\/fmllanura.com\/","name":"RADIO LLANURA","description":"","potentialAction":[{"@type":"SearchAction","target":{"@type":"EntryPoint","urlTemplate":"https:\/\/fmllanura.com\/?s={search_term_string}"},"query-input":"required name=search_term_string"}],"inLanguage":"es"},{"@type":"Person","@id":"https:\/\/fmllanura.com\/#\/schema\/person\/dd4b4843c2293cd8d5995d115dbd5e96","name":"llanura","image":{"@type":"ImageObject","inLanguage":"es","@id":"https:\/\/fmllanura.com\/#\/schema\/person\/image\/","url":"https:\/\/secure.gravatar.com\/avatar\/f6ee1541937ff3e68dac011173779bde?s=96&d=mm&r=g","contentUrl":"https:\/\/secure.gravatar.com\/avatar\/f6ee1541937ff3e68dac011173779bde?s=96&d=mm&r=g","caption":"llanura"},"url":"https:\/\/fmllanura.com\/?author=4"}]}},"_links":{"self":[{"href":"https:\/\/fmllanura.com\/index.php?rest_route=\/wp\/v2\/posts\/9027"}],"collection":[{"href":"https:\/\/fmllanura.com\/index.php?rest_route=\/wp\/v2\/posts"}],"about":[{"href":"https:\/\/fmllanura.com\/index.php?rest_route=\/wp\/v2\/types\/post"}],"author":[{"embeddable":true,"href":"https:\/\/fmllanura.com\/index.php?rest_route=\/wp\/v2\/users\/4"}],"replies":[{"embeddable":true,"href":"https:\/\/fmllanura.com\/index.php?rest_route=%2Fwp%2Fv2%2Fcomments&post=9027"}],"version-history":[{"count":1,"href":"https:\/\/fmllanura.com\/index.php?rest_route=\/wp\/v2\/posts\/9027\/revisions"}],"predecessor-version":[{"id":9036,"href":"https:\/\/fmllanura.com\/index.php?rest_route=\/wp\/v2\/posts\/9027\/revisions\/9036"}],"wp:featuredmedia":[{"embeddable":true,"href":"https:\/\/fmllanura.com\/index.php?rest_route=\/wp\/v2\/media\/9035"}],"wp:attachment":[{"href":"https:\/\/fmllanura.com\/index.php?rest_route=%2Fwp%2Fv2%2Fmedia&parent=9027"}],"wp:term":[{"taxonomy":"category","embeddable":true,"href":"https:\/\/fmllanura.com\/index.php?rest_route=%2Fwp%2Fv2%2Fcategories&post=9027"},{"taxonomy":"post_tag","embeddable":true,"href":"https:\/\/fmllanura.com\/index.php?rest_route=%2Fwp%2Fv2%2Ftags&post=9027"}],"curies":[{"name":"wp","href":"https:\/\/api.w.org\/{rel}","templated":true}]}}