{"id":9047,"date":"2026-04-28T16:09:43","date_gmt":"2026-04-28T16:09:43","guid":{"rendered":"https:\/\/fmllanura.com\/?p=9047"},"modified":"2026-04-28T16:09:50","modified_gmt":"2026-04-28T16:09:50","slug":"exitosa-capacitacion-en-jardineria-en-general-acha-para-emprendedores-y-trabajadores-municipales","status":"publish","type":"post","link":"https:\/\/fmllanura.com\/?p=9047","title":{"rendered":"Exitosa capacitaci\u00f3n en jardiner\u00eda en General Acha para emprendedores y trabajadores municipales"},"content":{"rendered":"\n<figure class=\"wp-block-image size-large\"><img loading=\"lazy\" decoding=\"async\" width=\"1024\" height=\"684\" src=\"https:\/\/fmllanura.com\/wp-content\/uploads\/2026\/04\/17773924781718486026937337042628-1024x684.jpg\" alt=\"\" class=\"wp-image-9052\" srcset=\"https:\/\/fmllanura.com\/wp-content\/uploads\/2026\/04\/17773924781718486026937337042628-1024x684.jpg 1024w, https:\/\/fmllanura.com\/wp-content\/uploads\/2026\/04\/17773924781718486026937337042628-300x200.jpg 300w, https:\/\/fmllanura.com\/wp-content\/uploads\/2026\/04\/17773924781718486026937337042628-768x513.jpg 768w, https:\/\/fmllanura.com\/wp-content\/uploads\/2026\/04\/17773924781718486026937337042628.jpg 1536w\" sizes=\"(max-width: 1024px) 100vw, 1024px\" \/><\/figure>\n\n\n\n<p>Con una importante participaci\u00f3n de emprendedores, trabajadores municipales y otros sectores de la comunidad, se desarroll\u00f3 en la localidad de General Acha un ciclo de capacitaci\u00f3n sobre dise\u00f1o y mantenimiento de parques y jardines. La formaci\u00f3n consisti\u00f3 en tres encuentros que completaron una totalidad de 12 horas.La iniciativa se pudo concretar a partir del trabajo coordinado entre la Subsecretar\u00eda de Econom\u00eda Social del Ministerio de Desarrollo Social y Derechos Humanos, a trav\u00e9s de la Direcci\u00f3n de Agricultura Familiar, y la municipalidad de General Acha. Seg\u00fan se inform\u00f3, el objetivo de estas actividades es construir el fortalecimiento del entramado emprendedor de cada localidad.<\/p>\n\n\n\n<p>Las clases estuvieron a cargo de la t\u00e9cnica en Floricultura Jimena Asquini, quien explic\u00f3 a la Agencia Provincial de Noticias que \u201cse dictaron todas las t\u00e9cnicas de jardiner\u00eda adaptadas a la provincia de La Pampa\u201d. En este sentido, la especialista destac\u00f3 el inter\u00e9s de los asistentes.\u201cHubo much\u00edsimas consultas de aquellos que se dedican en forma profesional a la jardiner\u00eda y tambi\u00e9n de aquellos que son empleados del municipio que est\u00e1n a cargo de los espacios p\u00fablicos\u201d, remarc\u00f3 Asquini. En la \u00faltima jornada se expusieron temas como las principales modificaciones de cormo y ra\u00edz; el rosal como planta, flor y follaje; y el mantenimiento general del jard\u00edn.<\/p>\n\n\n\n<p><\/p>\n","protected":false},"excerpt":{"rendered":"<p>Con una importante participaci\u00f3n de emprendedores, trabajadores municipales y otros sectores de la comunidad, se desarroll\u00f3 en la localidad de General Acha un ciclo de capacitaci\u00f3n sobre dise\u00f1o y mantenimiento de parques y jardines. La formaci\u00f3n consisti\u00f3 en tres encuentros que completaron una totalidad de 12 horas.La iniciativa se pudo concretar a partir del trabajo &hellip;<\/p>\n","protected":false},"author":4,"featured_media":9052,"comment_status":"open","ping_status":"open","sticky":false,"template":"","format":"standard","meta":{"footnotes":""},"categories":[69],"tags":[],"class_list":["post-9047","post","type-post","status-publish","format-standard","has-post-thumbnail","","category-localidades"],"yoast_head":"<!-- This site is optimized with the Yoast SEO plugin v19.9 - https:\/\/yoast.com\/wordpress\/plugins\/seo\/ -->\n<title>Exitosa capacitaci\u00f3n en jardiner\u00eda en General Acha para emprendedores y trabajadores municipales - RADIO LLANURA<\/title>\n<meta name=\"robots\" content=\"index, follow, max-snippet:-1, max-image-preview:large, max-video-preview:-1\" \/>\n<link rel=\"canonical\" href=\"https:\/\/fmllanura.com\/?p=9047\" \/>\n<meta property=\"og:locale\" content=\"es_ES\" \/>\n<meta property=\"og:type\" content=\"article\" \/>\n<meta property=\"og:title\" content=\"Exitosa capacitaci\u00f3n en jardiner\u00eda en General Acha para emprendedores y trabajadores municipales - RADIO LLANURA\" \/>\n<meta property=\"og:description\" content=\"Con una importante participaci\u00f3n de emprendedores, trabajadores municipales y otros sectores de la comunidad, se desarroll\u00f3 en la localidad de General Acha un ciclo de capacitaci\u00f3n sobre dise\u00f1o y mantenimiento de parques y jardines. La formaci\u00f3n consisti\u00f3 en tres encuentros que completaron una totalidad de 12 horas.La iniciativa se pudo concretar a partir del trabajo &hellip;\" \/>\n<meta property=\"og:url\" content=\"https:\/\/fmllanura.com\/?p=9047\" \/>\n<meta property=\"og:site_name\" content=\"RADIO LLANURA\" \/>\n<meta property=\"article:published_time\" content=\"2026-04-28T16:09:43+00:00\" \/>\n<meta property=\"article:modified_time\" content=\"2026-04-28T16:09:50+00:00\" \/>\n<meta property=\"og:image\" content=\"https:\/\/fmllanura.com\/wp-content\/uploads\/2026\/04\/17773924781718486026937337042628.jpg\" \/>\n\t<meta property=\"og:image:width\" content=\"1536\" \/>\n\t<meta property=\"og:image:height\" content=\"1026\" \/>\n\t<meta property=\"og:image:type\" content=\"image\/jpeg\" \/>\n<meta name=\"author\" content=\"llanura\" \/>\n<meta name=\"twitter:card\" content=\"summary_large_image\" \/>\n<meta name=\"twitter:label1\" content=\"Escrito por\" \/>\n\t<meta name=\"twitter:data1\" content=\"llanura\" \/>\n\t<meta name=\"twitter:label2\" content=\"Tiempo de lectura\" \/>\n\t<meta name=\"twitter:data2\" content=\"2 minutos\" \/>\n<script type=\"application\/ld+json\" class=\"yoast-schema-graph\">{\"@context\":\"https:\/\/schema.org\",\"@graph\":[{\"@type\":\"WebPage\",\"@id\":\"https:\/\/fmllanura.com\/?p=9047\",\"url\":\"https:\/\/fmllanura.com\/?p=9047\",\"name\":\"Exitosa capacitaci\u00f3n en jardiner\u00eda en General Acha para emprendedores y trabajadores municipales - RADIO LLANURA\",\"isPartOf\":{\"@id\":\"https:\/\/fmllanura.com\/#website\"},\"datePublished\":\"2026-04-28T16:09:43+00:00\",\"dateModified\":\"2026-04-28T16:09:50+00:00\",\"author\":{\"@id\":\"https:\/\/fmllanura.com\/#\/schema\/person\/dd4b4843c2293cd8d5995d115dbd5e96\"},\"breadcrumb\":{\"@id\":\"https:\/\/fmllanura.com\/?p=9047#breadcrumb\"},\"inLanguage\":\"es\",\"potentialAction\":[{\"@type\":\"ReadAction\",\"target\":[\"https:\/\/fmllanura.com\/?p=9047\"]}]},{\"@type\":\"BreadcrumbList\",\"@id\":\"https:\/\/fmllanura.com\/?p=9047#breadcrumb\",\"itemListElement\":[{\"@type\":\"ListItem\",\"position\":1,\"name\":\"Portada\",\"item\":\"https:\/\/fmllanura.com\/\"},{\"@type\":\"ListItem\",\"position\":2,\"name\":\"Exitosa capacitaci\u00f3n en jardiner\u00eda en General Acha para emprendedores y trabajadores municipales\"}]},{\"@type\":\"WebSite\",\"@id\":\"https:\/\/fmllanura.com\/#website\",\"url\":\"https:\/\/fmllanura.com\/\",\"name\":\"RADIO LLANURA\",\"description\":\"\",\"potentialAction\":[{\"@type\":\"SearchAction\",\"target\":{\"@type\":\"EntryPoint\",\"urlTemplate\":\"https:\/\/fmllanura.com\/?s={search_term_string}\"},\"query-input\":\"required name=search_term_string\"}],\"inLanguage\":\"es\"},{\"@type\":\"Person\",\"@id\":\"https:\/\/fmllanura.com\/#\/schema\/person\/dd4b4843c2293cd8d5995d115dbd5e96\",\"name\":\"llanura\",\"image\":{\"@type\":\"ImageObject\",\"inLanguage\":\"es\",\"@id\":\"https:\/\/fmllanura.com\/#\/schema\/person\/image\/\",\"url\":\"https:\/\/secure.gravatar.com\/avatar\/f6ee1541937ff3e68dac011173779bde?s=96&d=mm&r=g\",\"contentUrl\":\"https:\/\/secure.gravatar.com\/avatar\/f6ee1541937ff3e68dac011173779bde?s=96&d=mm&r=g\",\"caption\":\"llanura\"},\"url\":\"https:\/\/fmllanura.com\/?author=4\"}]}<\/script>\n<!-- \/ Yoast SEO plugin. -->","yoast_head_json":{"title":"Exitosa capacitaci\u00f3n en jardiner\u00eda en General Acha para emprendedores y trabajadores municipales - RADIO LLANURA","robots":{"index":"index","follow":"follow","max-snippet":"max-snippet:-1","max-image-preview":"max-image-preview:large","max-video-preview":"max-video-preview:-1"},"canonical":"https:\/\/fmllanura.com\/?p=9047","og_locale":"es_ES","og_type":"article","og_title":"Exitosa capacitaci\u00f3n en jardiner\u00eda en General Acha para emprendedores y trabajadores municipales - RADIO LLANURA","og_description":"Con una importante participaci\u00f3n de emprendedores, trabajadores municipales y otros sectores de la comunidad, se desarroll\u00f3 en la localidad de General Acha un ciclo de capacitaci\u00f3n sobre dise\u00f1o y mantenimiento de parques y jardines. La formaci\u00f3n consisti\u00f3 en tres encuentros que completaron una totalidad de 12 horas.La iniciativa se pudo concretar a partir del trabajo &hellip;","og_url":"https:\/\/fmllanura.com\/?p=9047","og_site_name":"RADIO LLANURA","article_published_time":"2026-04-28T16:09:43+00:00","article_modified_time":"2026-04-28T16:09:50+00:00","og_image":[{"width":1536,"height":1026,"url":"https:\/\/fmllanura.com\/wp-content\/uploads\/2026\/04\/17773924781718486026937337042628.jpg","type":"image\/jpeg"}],"author":"llanura","twitter_card":"summary_large_image","twitter_misc":{"Escrito por":"llanura","Tiempo de lectura":"2 minutos"},"schema":{"@context":"https:\/\/schema.org","@graph":[{"@type":"WebPage","@id":"https:\/\/fmllanura.com\/?p=9047","url":"https:\/\/fmllanura.com\/?p=9047","name":"Exitosa capacitaci\u00f3n en jardiner\u00eda en General Acha para emprendedores y trabajadores municipales - RADIO LLANURA","isPartOf":{"@id":"https:\/\/fmllanura.com\/#website"},"datePublished":"2026-04-28T16:09:43+00:00","dateModified":"2026-04-28T16:09:50+00:00","author":{"@id":"https:\/\/fmllanura.com\/#\/schema\/person\/dd4b4843c2293cd8d5995d115dbd5e96"},"breadcrumb":{"@id":"https:\/\/fmllanura.com\/?p=9047#breadcrumb"},"inLanguage":"es","potentialAction":[{"@type":"ReadAction","target":["https:\/\/fmllanura.com\/?p=9047"]}]},{"@type":"BreadcrumbList","@id":"https:\/\/fmllanura.com\/?p=9047#breadcrumb","itemListElement":[{"@type":"ListItem","position":1,"name":"Portada","item":"https:\/\/fmllanura.com\/"},{"@type":"ListItem","position":2,"name":"Exitosa capacitaci\u00f3n en jardiner\u00eda en General Acha para emprendedores y trabajadores municipales"}]},{"@type":"WebSite","@id":"https:\/\/fmllanura.com\/#website","url":"https:\/\/fmllanura.com\/","name":"RADIO LLANURA","description":"","potentialAction":[{"@type":"SearchAction","target":{"@type":"EntryPoint","urlTemplate":"https:\/\/fmllanura.com\/?s={search_term_string}"},"query-input":"required name=search_term_string"}],"inLanguage":"es"},{"@type":"Person","@id":"https:\/\/fmllanura.com\/#\/schema\/person\/dd4b4843c2293cd8d5995d115dbd5e96","name":"llanura","image":{"@type":"ImageObject","inLanguage":"es","@id":"https:\/\/fmllanura.com\/#\/schema\/person\/image\/","url":"https:\/\/secure.gravatar.com\/avatar\/f6ee1541937ff3e68dac011173779bde?s=96&d=mm&r=g","contentUrl":"https:\/\/secure.gravatar.com\/avatar\/f6ee1541937ff3e68dac011173779bde?s=96&d=mm&r=g","caption":"llanura"},"url":"https:\/\/fmllanura.com\/?author=4"}]}},"_links":{"self":[{"href":"https:\/\/fmllanura.com\/index.php?rest_route=\/wp\/v2\/posts\/9047"}],"collection":[{"href":"https:\/\/fmllanura.com\/index.php?rest_route=\/wp\/v2\/posts"}],"about":[{"href":"https:\/\/fmllanura.com\/index.php?rest_route=\/wp\/v2\/types\/post"}],"author":[{"embeddable":true,"href":"https:\/\/fmllanura.com\/index.php?rest_route=\/wp\/v2\/users\/4"}],"replies":[{"embeddable":true,"href":"https:\/\/fmllanura.com\/index.php?rest_route=%2Fwp%2Fv2%2Fcomments&post=9047"}],"version-history":[{"count":1,"href":"https:\/\/fmllanura.com\/index.php?rest_route=\/wp\/v2\/posts\/9047\/revisions"}],"predecessor-version":[{"id":9053,"href":"https:\/\/fmllanura.com\/index.php?rest_route=\/wp\/v2\/posts\/9047\/revisions\/9053"}],"wp:featuredmedia":[{"embeddable":true,"href":"https:\/\/fmllanura.com\/index.php?rest_route=\/wp\/v2\/media\/9052"}],"wp:attachment":[{"href":"https:\/\/fmllanura.com\/index.php?rest_route=%2Fwp%2Fv2%2Fmedia&parent=9047"}],"wp:term":[{"taxonomy":"category","embeddable":true,"href":"https:\/\/fmllanura.com\/index.php?rest_route=%2Fwp%2Fv2%2Fcategories&post=9047"},{"taxonomy":"post_tag","embeddable":true,"href":"https:\/\/fmllanura.com\/index.php?rest_route=%2Fwp%2Fv2%2Ftags&post=9047"}],"curies":[{"name":"wp","href":"https:\/\/api.w.org\/{rel}","templated":true}]}}