{"id":9070,"date":"2026-04-30T16:12:41","date_gmt":"2026-04-30T16:12:41","guid":{"rendered":"https:\/\/fmllanura.com\/?p=9070"},"modified":"2026-04-30T16:12:44","modified_gmt":"2026-04-30T16:12:44","slug":"la-asamblea-del-banco-de-la-pampa-aprobo-la-memoria-y-el-balance-del-ultimo-ejercicio","status":"publish","type":"post","link":"https:\/\/fmllanura.com\/?p=9070","title":{"rendered":"La asamblea del Banco de La Pampa aprob\u00f3 la memoria y el balance del \u00faltimo ejercicio"},"content":{"rendered":"\n<figure class=\"wp-block-image size-large\"><img loading=\"lazy\" decoding=\"async\" width=\"1024\" height=\"633\" src=\"https:\/\/fmllanura.com\/wp-content\/uploads\/2026\/04\/17775654740853530203981544459805-1024x633.jpg\" alt=\"\" class=\"wp-image-9076\" srcset=\"https:\/\/fmllanura.com\/wp-content\/uploads\/2026\/04\/17775654740853530203981544459805-1024x633.jpg 1024w, https:\/\/fmllanura.com\/wp-content\/uploads\/2026\/04\/17775654740853530203981544459805-300x186.jpg 300w, https:\/\/fmllanura.com\/wp-content\/uploads\/2026\/04\/17775654740853530203981544459805-768x475.jpg 768w, https:\/\/fmllanura.com\/wp-content\/uploads\/2026\/04\/17775654740853530203981544459805.jpg 1536w\" sizes=\"(max-width: 1024px) 100vw, 1024px\" \/><\/figure>\n\n\n\n<p>Este mi\u00e9rcoles 29 de abril a las 14 horas se llev\u00f3 a cabo la asamblea del Banco de La Pampa en el sal\u00f3n ubicado en la calle Pellegrini N\u00b0 366 de la ciudad de Santa Rosa. El encuentro institucional estuvo presidido por Alexis Iviglia y cont\u00f3 con la participaci\u00f3n del ministro de Hacienda, Guido Bisterfeld, en representaci\u00f3n de las acciones Clase A (capital p\u00fablico). Asimismo, asistieron representantes de instituciones y accionistas a t\u00edtulo particular por las acciones Clase B (capital privado).Durante la jornada de trabajo, los presentes pusieron a consideraci\u00f3n y aprobaron diversos puntos clave para el funcionamiento de la entidad bancaria provincial. Entre ellos, se destacaron la Memoria, el Estado de Situaci\u00f3n Financiera, el Estado de Resultados, el Estado de Cambios en el Patrimonio Neto y el Estado de Flujo de Efectivo y sus equivalentes, junto a las notas, anexos e informes de la Sindicatura y la Auditor\u00eda Externa. Toda esta documentaci\u00f3n corresponde al Ejercicio Econ\u00f3mico N\u00b0 68, finalizado el 31 de diciembre de 2025.<\/p>\n\n\n\n<p>La asamblea tambi\u00e9n sirvi\u00f3 para avalar la gesti\u00f3n llevada adelante por los integrantes del Directorio y de la Comisi\u00f3n Fiscalizadora durante el mencionado per\u00edodo. De igual forma, se aprob\u00f3 la distribuci\u00f3n de los resultados del ejercicio en base al proyecto propuesto por las autoridades.Renovaci\u00f3n de autoridadesConforme a lo previsto en el art\u00edculo 30\u00b0 del estatuto de la instituci\u00f3n, se procedi\u00f3 a la elecci\u00f3n de dos integrantes titulares para el Directorio y un s\u00edndico titular, con sus respectivos suplentes. Estos cargos, que representan a las acciones Clase B, tendr\u00e1n un mandato de dos a\u00f1os. De esta instancia de votaci\u00f3n participaron exclusivamente quienes poseen este tipo de t\u00edtulos.Las personas elegidas como titulares para integrar el Directorio fueron Virginia Sanz y Claudio Rosales, acompa\u00f1ados por Jos\u00e9 Mar\u00eda Rold\u00e1n y Juan Carlos Varela Irusta en el rol de suplentes. Por su parte, para la Comisi\u00f3n Fiscalizadora fueron designados Hern\u00e1n Mercado Mancinelli y Ramiro Tortone. Cabe destacar que, para cumplimentar estas asunciones, los antecedentes de los profesionales deber\u00e1n ser remitidos al Banco Central de la Rep\u00fablica Argentina (BCRA) para su aprobaci\u00f3n definitiva.<\/p>\n\n\n\n<p>Por \u00faltimo, en cuanto a los funcionarios que integran ambos cuerpos en representaci\u00f3n de las acciones Clase A, se comunic\u00f3 que continuar\u00e1n desempe\u00f1ando sus cargos actuales. Esta situaci\u00f3n se mantendr\u00e1 hasta tanto exista un acuerdo legislativo para concretar su reemplazo, momento en el cual se deber\u00e1 convocar a una nueva asamblea especial.<\/p>\n\n\n\n<p><\/p>\n","protected":false},"excerpt":{"rendered":"<p>Este mi\u00e9rcoles 29 de abril a las 14 horas se llev\u00f3 a cabo la asamblea del Banco de La Pampa en el sal\u00f3n ubicado en la calle Pellegrini N\u00b0 366 de la ciudad de Santa Rosa. El encuentro institucional estuvo presidido por Alexis Iviglia y cont\u00f3 con la participaci\u00f3n del ministro de Hacienda, Guido Bisterfeld, &hellip;<\/p>\n","protected":false},"author":4,"featured_media":9076,"comment_status":"open","ping_status":"open","sticky":false,"template":"","format":"standard","meta":{"footnotes":""},"categories":[69],"tags":[],"class_list":["post-9070","post","type-post","status-publish","format-standard","has-post-thumbnail","","category-localidades"],"yoast_head":"<!-- This site is optimized with the Yoast SEO plugin v19.9 - https:\/\/yoast.com\/wordpress\/plugins\/seo\/ -->\n<title>La asamblea del Banco de La Pampa aprob\u00f3 la memoria y el balance del \u00faltimo ejercicio - RADIO LLANURA<\/title>\n<meta name=\"robots\" content=\"index, follow, max-snippet:-1, max-image-preview:large, max-video-preview:-1\" \/>\n<link rel=\"canonical\" href=\"https:\/\/fmllanura.com\/?p=9070\" \/>\n<meta property=\"og:locale\" content=\"es_ES\" \/>\n<meta property=\"og:type\" content=\"article\" \/>\n<meta property=\"og:title\" content=\"La asamblea del Banco de La Pampa aprob\u00f3 la memoria y el balance del \u00faltimo ejercicio - RADIO LLANURA\" \/>\n<meta property=\"og:description\" content=\"Este mi\u00e9rcoles 29 de abril a las 14 horas se llev\u00f3 a cabo la asamblea del Banco de La Pampa en el sal\u00f3n ubicado en la calle Pellegrini N\u00b0 366 de la ciudad de Santa Rosa. El encuentro institucional estuvo presidido por Alexis Iviglia y cont\u00f3 con la participaci\u00f3n del ministro de Hacienda, Guido Bisterfeld, &hellip;\" \/>\n<meta property=\"og:url\" content=\"https:\/\/fmllanura.com\/?p=9070\" \/>\n<meta property=\"og:site_name\" content=\"RADIO LLANURA\" \/>\n<meta property=\"article:published_time\" content=\"2026-04-30T16:12:41+00:00\" \/>\n<meta property=\"article:modified_time\" content=\"2026-04-30T16:12:44+00:00\" \/>\n<meta property=\"og:image\" content=\"https:\/\/fmllanura.com\/wp-content\/uploads\/2026\/04\/17775654740853530203981544459805.jpg\" \/>\n\t<meta property=\"og:image:width\" content=\"1536\" \/>\n\t<meta property=\"og:image:height\" content=\"950\" \/>\n\t<meta property=\"og:image:type\" content=\"image\/jpeg\" \/>\n<meta name=\"author\" content=\"llanura\" \/>\n<meta name=\"twitter:card\" content=\"summary_large_image\" \/>\n<meta name=\"twitter:label1\" content=\"Escrito por\" \/>\n\t<meta name=\"twitter:data1\" content=\"llanura\" \/>\n\t<meta name=\"twitter:label2\" content=\"Tiempo de lectura\" \/>\n\t<meta name=\"twitter:data2\" content=\"3 minutos\" \/>\n<script type=\"application\/ld+json\" class=\"yoast-schema-graph\">{\"@context\":\"https:\/\/schema.org\",\"@graph\":[{\"@type\":\"WebPage\",\"@id\":\"https:\/\/fmllanura.com\/?p=9070\",\"url\":\"https:\/\/fmllanura.com\/?p=9070\",\"name\":\"La asamblea del Banco de La Pampa aprob\u00f3 la memoria y el balance del \u00faltimo ejercicio - RADIO LLANURA\",\"isPartOf\":{\"@id\":\"https:\/\/fmllanura.com\/#website\"},\"datePublished\":\"2026-04-30T16:12:41+00:00\",\"dateModified\":\"2026-04-30T16:12:44+00:00\",\"author\":{\"@id\":\"https:\/\/fmllanura.com\/#\/schema\/person\/dd4b4843c2293cd8d5995d115dbd5e96\"},\"breadcrumb\":{\"@id\":\"https:\/\/fmllanura.com\/?p=9070#breadcrumb\"},\"inLanguage\":\"es\",\"potentialAction\":[{\"@type\":\"ReadAction\",\"target\":[\"https:\/\/fmllanura.com\/?p=9070\"]}]},{\"@type\":\"BreadcrumbList\",\"@id\":\"https:\/\/fmllanura.com\/?p=9070#breadcrumb\",\"itemListElement\":[{\"@type\":\"ListItem\",\"position\":1,\"name\":\"Portada\",\"item\":\"https:\/\/fmllanura.com\/\"},{\"@type\":\"ListItem\",\"position\":2,\"name\":\"La asamblea del Banco de La Pampa aprob\u00f3 la memoria y el balance del \u00faltimo ejercicio\"}]},{\"@type\":\"WebSite\",\"@id\":\"https:\/\/fmllanura.com\/#website\",\"url\":\"https:\/\/fmllanura.com\/\",\"name\":\"RADIO LLANURA\",\"description\":\"\",\"potentialAction\":[{\"@type\":\"SearchAction\",\"target\":{\"@type\":\"EntryPoint\",\"urlTemplate\":\"https:\/\/fmllanura.com\/?s={search_term_string}\"},\"query-input\":\"required name=search_term_string\"}],\"inLanguage\":\"es\"},{\"@type\":\"Person\",\"@id\":\"https:\/\/fmllanura.com\/#\/schema\/person\/dd4b4843c2293cd8d5995d115dbd5e96\",\"name\":\"llanura\",\"image\":{\"@type\":\"ImageObject\",\"inLanguage\":\"es\",\"@id\":\"https:\/\/fmllanura.com\/#\/schema\/person\/image\/\",\"url\":\"https:\/\/secure.gravatar.com\/avatar\/f6ee1541937ff3e68dac011173779bde?s=96&d=mm&r=g\",\"contentUrl\":\"https:\/\/secure.gravatar.com\/avatar\/f6ee1541937ff3e68dac011173779bde?s=96&d=mm&r=g\",\"caption\":\"llanura\"},\"url\":\"https:\/\/fmllanura.com\/?author=4\"}]}<\/script>\n<!-- \/ Yoast SEO plugin. -->","yoast_head_json":{"title":"La asamblea del Banco de La Pampa aprob\u00f3 la memoria y el balance del \u00faltimo ejercicio - RADIO LLANURA","robots":{"index":"index","follow":"follow","max-snippet":"max-snippet:-1","max-image-preview":"max-image-preview:large","max-video-preview":"max-video-preview:-1"},"canonical":"https:\/\/fmllanura.com\/?p=9070","og_locale":"es_ES","og_type":"article","og_title":"La asamblea del Banco de La Pampa aprob\u00f3 la memoria y el balance del \u00faltimo ejercicio - RADIO LLANURA","og_description":"Este mi\u00e9rcoles 29 de abril a las 14 horas se llev\u00f3 a cabo la asamblea del Banco de La Pampa en el sal\u00f3n ubicado en la calle Pellegrini N\u00b0 366 de la ciudad de Santa Rosa. El encuentro institucional estuvo presidido por Alexis Iviglia y cont\u00f3 con la participaci\u00f3n del ministro de Hacienda, Guido Bisterfeld, &hellip;","og_url":"https:\/\/fmllanura.com\/?p=9070","og_site_name":"RADIO LLANURA","article_published_time":"2026-04-30T16:12:41+00:00","article_modified_time":"2026-04-30T16:12:44+00:00","og_image":[{"width":1536,"height":950,"url":"https:\/\/fmllanura.com\/wp-content\/uploads\/2026\/04\/17775654740853530203981544459805.jpg","type":"image\/jpeg"}],"author":"llanura","twitter_card":"summary_large_image","twitter_misc":{"Escrito por":"llanura","Tiempo de lectura":"3 minutos"},"schema":{"@context":"https:\/\/schema.org","@graph":[{"@type":"WebPage","@id":"https:\/\/fmllanura.com\/?p=9070","url":"https:\/\/fmllanura.com\/?p=9070","name":"La asamblea del Banco de La Pampa aprob\u00f3 la memoria y el balance del \u00faltimo ejercicio - RADIO LLANURA","isPartOf":{"@id":"https:\/\/fmllanura.com\/#website"},"datePublished":"2026-04-30T16:12:41+00:00","dateModified":"2026-04-30T16:12:44+00:00","author":{"@id":"https:\/\/fmllanura.com\/#\/schema\/person\/dd4b4843c2293cd8d5995d115dbd5e96"},"breadcrumb":{"@id":"https:\/\/fmllanura.com\/?p=9070#breadcrumb"},"inLanguage":"es","potentialAction":[{"@type":"ReadAction","target":["https:\/\/fmllanura.com\/?p=9070"]}]},{"@type":"BreadcrumbList","@id":"https:\/\/fmllanura.com\/?p=9070#breadcrumb","itemListElement":[{"@type":"ListItem","position":1,"name":"Portada","item":"https:\/\/fmllanura.com\/"},{"@type":"ListItem","position":2,"name":"La asamblea del Banco de La Pampa aprob\u00f3 la memoria y el balance del \u00faltimo ejercicio"}]},{"@type":"WebSite","@id":"https:\/\/fmllanura.com\/#website","url":"https:\/\/fmllanura.com\/","name":"RADIO LLANURA","description":"","potentialAction":[{"@type":"SearchAction","target":{"@type":"EntryPoint","urlTemplate":"https:\/\/fmllanura.com\/?s={search_term_string}"},"query-input":"required name=search_term_string"}],"inLanguage":"es"},{"@type":"Person","@id":"https:\/\/fmllanura.com\/#\/schema\/person\/dd4b4843c2293cd8d5995d115dbd5e96","name":"llanura","image":{"@type":"ImageObject","inLanguage":"es","@id":"https:\/\/fmllanura.com\/#\/schema\/person\/image\/","url":"https:\/\/secure.gravatar.com\/avatar\/f6ee1541937ff3e68dac011173779bde?s=96&d=mm&r=g","contentUrl":"https:\/\/secure.gravatar.com\/avatar\/f6ee1541937ff3e68dac011173779bde?s=96&d=mm&r=g","caption":"llanura"},"url":"https:\/\/fmllanura.com\/?author=4"}]}},"_links":{"self":[{"href":"https:\/\/fmllanura.com\/index.php?rest_route=\/wp\/v2\/posts\/9070"}],"collection":[{"href":"https:\/\/fmllanura.com\/index.php?rest_route=\/wp\/v2\/posts"}],"about":[{"href":"https:\/\/fmllanura.com\/index.php?rest_route=\/wp\/v2\/types\/post"}],"author":[{"embeddable":true,"href":"https:\/\/fmllanura.com\/index.php?rest_route=\/wp\/v2\/users\/4"}],"replies":[{"embeddable":true,"href":"https:\/\/fmllanura.com\/index.php?rest_route=%2Fwp%2Fv2%2Fcomments&post=9070"}],"version-history":[{"count":1,"href":"https:\/\/fmllanura.com\/index.php?rest_route=\/wp\/v2\/posts\/9070\/revisions"}],"predecessor-version":[{"id":9077,"href":"https:\/\/fmllanura.com\/index.php?rest_route=\/wp\/v2\/posts\/9070\/revisions\/9077"}],"wp:featuredmedia":[{"embeddable":true,"href":"https:\/\/fmllanura.com\/index.php?rest_route=\/wp\/v2\/media\/9076"}],"wp:attachment":[{"href":"https:\/\/fmllanura.com\/index.php?rest_route=%2Fwp%2Fv2%2Fmedia&parent=9070"}],"wp:term":[{"taxonomy":"category","embeddable":true,"href":"https:\/\/fmllanura.com\/index.php?rest_route=%2Fwp%2Fv2%2Fcategories&post=9070"},{"taxonomy":"post_tag","embeddable":true,"href":"https:\/\/fmllanura.com\/index.php?rest_route=%2Fwp%2Fv2%2Ftags&post=9070"}],"curies":[{"name":"wp","href":"https:\/\/api.w.org\/{rel}","templated":true}]}}