{"id":9071,"date":"2026-04-30T16:13:49","date_gmt":"2026-04-30T16:13:49","guid":{"rendered":"https:\/\/fmllanura.com\/?p=9071"},"modified":"2026-04-30T16:13:51","modified_gmt":"2026-04-30T16:13:51","slug":"educacion-y-justicia-estudiantes-de-trenel-presenciaron-un-juicio-oral-en-general-pico","status":"publish","type":"post","link":"https:\/\/fmllanura.com\/?p=9071","title":{"rendered":"Educaci\u00f3n y Justicia: estudiantes de Trenel presenciaron un juicio oral en General Pico"},"content":{"rendered":"\n<figure class=\"wp-block-image size-large\"><img loading=\"lazy\" decoding=\"async\" width=\"1024\" height=\"576\" src=\"https:\/\/fmllanura.com\/wp-content\/uploads\/2026\/04\/17775655692746403845922171830019-1024x576.jpg\" alt=\"\" class=\"wp-image-9078\" srcset=\"https:\/\/fmllanura.com\/wp-content\/uploads\/2026\/04\/17775655692746403845922171830019-1024x576.jpg 1024w, https:\/\/fmllanura.com\/wp-content\/uploads\/2026\/04\/17775655692746403845922171830019-300x169.jpg 300w, https:\/\/fmllanura.com\/wp-content\/uploads\/2026\/04\/17775655692746403845922171830019-768x432.jpg 768w, https:\/\/fmllanura.com\/wp-content\/uploads\/2026\/04\/17775655692746403845922171830019-1536x864.jpg 1536w, https:\/\/fmllanura.com\/wp-content\/uploads\/2026\/04\/17775655692746403845922171830019.jpg 1600w\" sizes=\"(max-width: 1024px) 100vw, 1024px\" \/><\/figure>\n\n\n\n<p>Estudiantes de sexto a\u00f1o de dos colegios de la localidad de Trenel participaron en el Edificio Judicial de General Pico de un debate oral, desarrollado en dos jornadas, como parte del programa \u201cEducaci\u00f3n + Justicia\u201d. La actividad estuvo coordinada por el juez de audiencia de juicio Federico Pellegrino, en el marco de una causa por estafas.En el debate intervinieron, en representaci\u00f3n del Ministerio P\u00fablico Fiscal, el fiscal general Armando Ag\u00fcero junto al fiscal adjunto Mat\u00edas Juan. La representaci\u00f3n de los damnificados, como querellante particular, estuvo a cargo del letrado Guillermo Galcer\u00e1n, mientras que la defensa de los dos imputados fue ejercida por los abogados particulares Jer\u00f3nimo Altamirano y Mart\u00edn Michel Divoy.<\/p>\n\n\n\n<p>A la primera jornada asisti\u00f3 el alumnado de sexto a\u00f1o con orientaci\u00f3n en Ciencias Humanas del Instituto 25 de Mayo. Durante su visita, presenciaron los alegatos de inicio, el testimonio de denunciantes y testigos. Posteriormente, tuvieron la oportunidad de conversar con el juez Pellegrino sobre procesos penales y realizaron una visita guiada por el edificio, donde conocieron la sala de C\u00e1mara Gesell y dialogaron con la Lic. Adriana Piras, una de las psic\u00f3logas forenses, sobre el funcionamiento de dicho espacio.En la segunda y \u00faltima jornada del juicio, fue el turno de estudiantes de sexto a\u00f1o con orientaci\u00f3n en Ciencias Naturales del colegio H\u00e9roes de Malvinas. Este grupo presenci\u00f3 el testimonio de seis testigos, la declaraci\u00f3n de los imputados y los alegatos finales de las partes. Previamente, tambi\u00e9n hab\u00edan realizado una visita guiada por las instalaciones judiciales.Ambos grupos de estudiantes acudieron con el acompa\u00f1amiento de la profesora de Construcci\u00f3n de la Ciudadan\u00eda e Historia, Fernanda Taboada. Adem\u00e1s, por el Instituto 25 de Mayo asisti\u00f3 la auxiliar docente Mar\u00eda Soledad Mondino, y por el colegio H\u00e9roes de Malvinas, la auxiliar Carina Tamagnone.Se inform\u00f3 que el magistrado dictar\u00e1 sentencia el pr\u00f3ximo 13 de mayo, la cual podr\u00e1 ser analizada en clase por el estudiantado. El programa \u201cEducaci\u00f3n + Justicia\u201d es una iniciativa del Superior Tribunal de Justicia que busca acercar el Poder Judicial a la comunidad pampeana, especialmente a j\u00f3venes pr\u00f3ximos a alcanzar la mayor\u00eda de edad.<\/p>\n","protected":false},"excerpt":{"rendered":"<p>Estudiantes de sexto a\u00f1o de dos colegios de la localidad de Trenel participaron en el Edificio Judicial de General Pico de un debate oral, desarrollado en dos jornadas, como parte del programa \u201cEducaci\u00f3n + Justicia\u201d. La actividad estuvo coordinada por el juez de audiencia de juicio Federico Pellegrino, en el marco de una causa por &hellip;<\/p>\n","protected":false},"author":4,"featured_media":9078,"comment_status":"open","ping_status":"open","sticky":false,"template":"","format":"standard","meta":{"footnotes":""},"categories":[69],"tags":[],"class_list":["post-9071","post","type-post","status-publish","format-standard","has-post-thumbnail","","category-localidades"],"yoast_head":"<!-- This site is optimized with the Yoast SEO plugin v19.9 - https:\/\/yoast.com\/wordpress\/plugins\/seo\/ -->\n<title>Educaci\u00f3n y Justicia: estudiantes de Trenel presenciaron un juicio oral en General Pico - RADIO LLANURA<\/title>\n<meta name=\"robots\" content=\"index, follow, max-snippet:-1, max-image-preview:large, max-video-preview:-1\" \/>\n<link rel=\"canonical\" href=\"https:\/\/fmllanura.com\/?p=9071\" \/>\n<meta property=\"og:locale\" content=\"es_ES\" \/>\n<meta property=\"og:type\" content=\"article\" \/>\n<meta property=\"og:title\" content=\"Educaci\u00f3n y Justicia: estudiantes de Trenel presenciaron un juicio oral en General Pico - RADIO LLANURA\" \/>\n<meta property=\"og:description\" content=\"Estudiantes de sexto a\u00f1o de dos colegios de la localidad de Trenel participaron en el Edificio Judicial de General Pico de un debate oral, desarrollado en dos jornadas, como parte del programa \u201cEducaci\u00f3n + Justicia\u201d. La actividad estuvo coordinada por el juez de audiencia de juicio Federico Pellegrino, en el marco de una causa por &hellip;\" \/>\n<meta property=\"og:url\" content=\"https:\/\/fmllanura.com\/?p=9071\" \/>\n<meta property=\"og:site_name\" content=\"RADIO LLANURA\" \/>\n<meta property=\"article:published_time\" content=\"2026-04-30T16:13:49+00:00\" \/>\n<meta property=\"article:modified_time\" content=\"2026-04-30T16:13:51+00:00\" \/>\n<meta property=\"og:image\" content=\"https:\/\/fmllanura.com\/wp-content\/uploads\/2026\/04\/17775655692746403845922171830019.jpg\" \/>\n\t<meta property=\"og:image:width\" content=\"1600\" \/>\n\t<meta property=\"og:image:height\" content=\"900\" \/>\n\t<meta property=\"og:image:type\" content=\"image\/jpeg\" \/>\n<meta name=\"author\" content=\"llanura\" \/>\n<meta name=\"twitter:card\" content=\"summary_large_image\" \/>\n<meta name=\"twitter:label1\" content=\"Escrito por\" \/>\n\t<meta name=\"twitter:data1\" content=\"llanura\" \/>\n\t<meta name=\"twitter:label2\" content=\"Tiempo de lectura\" \/>\n\t<meta name=\"twitter:data2\" content=\"2 minutos\" \/>\n<script type=\"application\/ld+json\" class=\"yoast-schema-graph\">{\"@context\":\"https:\/\/schema.org\",\"@graph\":[{\"@type\":\"WebPage\",\"@id\":\"https:\/\/fmllanura.com\/?p=9071\",\"url\":\"https:\/\/fmllanura.com\/?p=9071\",\"name\":\"Educaci\u00f3n y Justicia: estudiantes de Trenel presenciaron un juicio oral en General Pico - RADIO LLANURA\",\"isPartOf\":{\"@id\":\"https:\/\/fmllanura.com\/#website\"},\"datePublished\":\"2026-04-30T16:13:49+00:00\",\"dateModified\":\"2026-04-30T16:13:51+00:00\",\"author\":{\"@id\":\"https:\/\/fmllanura.com\/#\/schema\/person\/dd4b4843c2293cd8d5995d115dbd5e96\"},\"breadcrumb\":{\"@id\":\"https:\/\/fmllanura.com\/?p=9071#breadcrumb\"},\"inLanguage\":\"es\",\"potentialAction\":[{\"@type\":\"ReadAction\",\"target\":[\"https:\/\/fmllanura.com\/?p=9071\"]}]},{\"@type\":\"BreadcrumbList\",\"@id\":\"https:\/\/fmllanura.com\/?p=9071#breadcrumb\",\"itemListElement\":[{\"@type\":\"ListItem\",\"position\":1,\"name\":\"Portada\",\"item\":\"https:\/\/fmllanura.com\/\"},{\"@type\":\"ListItem\",\"position\":2,\"name\":\"Educaci\u00f3n y Justicia: estudiantes de Trenel presenciaron un juicio oral en General Pico\"}]},{\"@type\":\"WebSite\",\"@id\":\"https:\/\/fmllanura.com\/#website\",\"url\":\"https:\/\/fmllanura.com\/\",\"name\":\"RADIO LLANURA\",\"description\":\"\",\"potentialAction\":[{\"@type\":\"SearchAction\",\"target\":{\"@type\":\"EntryPoint\",\"urlTemplate\":\"https:\/\/fmllanura.com\/?s={search_term_string}\"},\"query-input\":\"required name=search_term_string\"}],\"inLanguage\":\"es\"},{\"@type\":\"Person\",\"@id\":\"https:\/\/fmllanura.com\/#\/schema\/person\/dd4b4843c2293cd8d5995d115dbd5e96\",\"name\":\"llanura\",\"image\":{\"@type\":\"ImageObject\",\"inLanguage\":\"es\",\"@id\":\"https:\/\/fmllanura.com\/#\/schema\/person\/image\/\",\"url\":\"https:\/\/secure.gravatar.com\/avatar\/f6ee1541937ff3e68dac011173779bde?s=96&d=mm&r=g\",\"contentUrl\":\"https:\/\/secure.gravatar.com\/avatar\/f6ee1541937ff3e68dac011173779bde?s=96&d=mm&r=g\",\"caption\":\"llanura\"},\"url\":\"https:\/\/fmllanura.com\/?author=4\"}]}<\/script>\n<!-- \/ Yoast SEO plugin. -->","yoast_head_json":{"title":"Educaci\u00f3n y Justicia: estudiantes de Trenel presenciaron un juicio oral en General Pico - RADIO LLANURA","robots":{"index":"index","follow":"follow","max-snippet":"max-snippet:-1","max-image-preview":"max-image-preview:large","max-video-preview":"max-video-preview:-1"},"canonical":"https:\/\/fmllanura.com\/?p=9071","og_locale":"es_ES","og_type":"article","og_title":"Educaci\u00f3n y Justicia: estudiantes de Trenel presenciaron un juicio oral en General Pico - RADIO LLANURA","og_description":"Estudiantes de sexto a\u00f1o de dos colegios de la localidad de Trenel participaron en el Edificio Judicial de General Pico de un debate oral, desarrollado en dos jornadas, como parte del programa \u201cEducaci\u00f3n + Justicia\u201d. La actividad estuvo coordinada por el juez de audiencia de juicio Federico Pellegrino, en el marco de una causa por &hellip;","og_url":"https:\/\/fmllanura.com\/?p=9071","og_site_name":"RADIO LLANURA","article_published_time":"2026-04-30T16:13:49+00:00","article_modified_time":"2026-04-30T16:13:51+00:00","og_image":[{"width":1600,"height":900,"url":"https:\/\/fmllanura.com\/wp-content\/uploads\/2026\/04\/17775655692746403845922171830019.jpg","type":"image\/jpeg"}],"author":"llanura","twitter_card":"summary_large_image","twitter_misc":{"Escrito por":"llanura","Tiempo de lectura":"2 minutos"},"schema":{"@context":"https:\/\/schema.org","@graph":[{"@type":"WebPage","@id":"https:\/\/fmllanura.com\/?p=9071","url":"https:\/\/fmllanura.com\/?p=9071","name":"Educaci\u00f3n y Justicia: estudiantes de Trenel presenciaron un juicio oral en General Pico - RADIO LLANURA","isPartOf":{"@id":"https:\/\/fmllanura.com\/#website"},"datePublished":"2026-04-30T16:13:49+00:00","dateModified":"2026-04-30T16:13:51+00:00","author":{"@id":"https:\/\/fmllanura.com\/#\/schema\/person\/dd4b4843c2293cd8d5995d115dbd5e96"},"breadcrumb":{"@id":"https:\/\/fmllanura.com\/?p=9071#breadcrumb"},"inLanguage":"es","potentialAction":[{"@type":"ReadAction","target":["https:\/\/fmllanura.com\/?p=9071"]}]},{"@type":"BreadcrumbList","@id":"https:\/\/fmllanura.com\/?p=9071#breadcrumb","itemListElement":[{"@type":"ListItem","position":1,"name":"Portada","item":"https:\/\/fmllanura.com\/"},{"@type":"ListItem","position":2,"name":"Educaci\u00f3n y Justicia: estudiantes de Trenel presenciaron un juicio oral en General Pico"}]},{"@type":"WebSite","@id":"https:\/\/fmllanura.com\/#website","url":"https:\/\/fmllanura.com\/","name":"RADIO LLANURA","description":"","potentialAction":[{"@type":"SearchAction","target":{"@type":"EntryPoint","urlTemplate":"https:\/\/fmllanura.com\/?s={search_term_string}"},"query-input":"required name=search_term_string"}],"inLanguage":"es"},{"@type":"Person","@id":"https:\/\/fmllanura.com\/#\/schema\/person\/dd4b4843c2293cd8d5995d115dbd5e96","name":"llanura","image":{"@type":"ImageObject","inLanguage":"es","@id":"https:\/\/fmllanura.com\/#\/schema\/person\/image\/","url":"https:\/\/secure.gravatar.com\/avatar\/f6ee1541937ff3e68dac011173779bde?s=96&d=mm&r=g","contentUrl":"https:\/\/secure.gravatar.com\/avatar\/f6ee1541937ff3e68dac011173779bde?s=96&d=mm&r=g","caption":"llanura"},"url":"https:\/\/fmllanura.com\/?author=4"}]}},"_links":{"self":[{"href":"https:\/\/fmllanura.com\/index.php?rest_route=\/wp\/v2\/posts\/9071"}],"collection":[{"href":"https:\/\/fmllanura.com\/index.php?rest_route=\/wp\/v2\/posts"}],"about":[{"href":"https:\/\/fmllanura.com\/index.php?rest_route=\/wp\/v2\/types\/post"}],"author":[{"embeddable":true,"href":"https:\/\/fmllanura.com\/index.php?rest_route=\/wp\/v2\/users\/4"}],"replies":[{"embeddable":true,"href":"https:\/\/fmllanura.com\/index.php?rest_route=%2Fwp%2Fv2%2Fcomments&post=9071"}],"version-history":[{"count":1,"href":"https:\/\/fmllanura.com\/index.php?rest_route=\/wp\/v2\/posts\/9071\/revisions"}],"predecessor-version":[{"id":9079,"href":"https:\/\/fmllanura.com\/index.php?rest_route=\/wp\/v2\/posts\/9071\/revisions\/9079"}],"wp:featuredmedia":[{"embeddable":true,"href":"https:\/\/fmllanura.com\/index.php?rest_route=\/wp\/v2\/media\/9078"}],"wp:attachment":[{"href":"https:\/\/fmllanura.com\/index.php?rest_route=%2Fwp%2Fv2%2Fmedia&parent=9071"}],"wp:term":[{"taxonomy":"category","embeddable":true,"href":"https:\/\/fmllanura.com\/index.php?rest_route=%2Fwp%2Fv2%2Fcategories&post=9071"},{"taxonomy":"post_tag","embeddable":true,"href":"https:\/\/fmllanura.com\/index.php?rest_route=%2Fwp%2Fv2%2Ftags&post=9071"}],"curies":[{"name":"wp","href":"https:\/\/api.w.org\/{rel}","templated":true}]}}