{"id":9072,"date":"2026-04-30T16:14:54","date_gmt":"2026-04-30T16:14:54","guid":{"rendered":"https:\/\/fmllanura.com\/?p=9072"},"modified":"2026-04-30T16:14:57","modified_gmt":"2026-04-30T16:14:57","slug":"crisis-en-discapacidad-22-chicos-de-general-pico-podrian-quedarse-sin-atencion-terapeutica-por-la-deuda-de-incluir-salud","status":"publish","type":"post","link":"https:\/\/fmllanura.com\/?p=9072","title":{"rendered":"Crisis en discapacidad: 22 chicos de General Pico podr\u00edan quedarse sin atenci\u00f3n terap\u00e9utica por la deuda de Incluir Salud"},"content":{"rendered":"\n<figure class=\"wp-block-image size-large\"><img loading=\"lazy\" decoding=\"async\" width=\"1024\" height=\"576\" src=\"https:\/\/fmllanura.com\/wp-content\/uploads\/2026\/04\/17775656318025534782694922922370-1024x576.jpg\" alt=\"\" class=\"wp-image-9080\" srcset=\"https:\/\/fmllanura.com\/wp-content\/uploads\/2026\/04\/17775656318025534782694922922370-1024x576.jpg 1024w, https:\/\/fmllanura.com\/wp-content\/uploads\/2026\/04\/17775656318025534782694922922370-300x169.jpg 300w, https:\/\/fmllanura.com\/wp-content\/uploads\/2026\/04\/17775656318025534782694922922370-768x432.jpg 768w, https:\/\/fmllanura.com\/wp-content\/uploads\/2026\/04\/17775656318025534782694922922370.jpg 1280w\" sizes=\"(max-width: 1024px) 100vw, 1024px\" \/><\/figure>\n\n\n\n<p>En la ma\u00f1ana de este mi\u00e9rcoles, familiares de personas con discapacidad, junto a representantes de la Asociaci\u00f3n APAP y la Fundaci\u00f3n \u201cDe Tu Mano\u201d, se concentraron frente al palacio municipal de General Pico para visibilizar una situaci\u00f3n cr\u00edtica: la falta de pago por parte del programa nacional Incluir Salud. El conflicto, que arrastra deudas desde noviembre de 2025, pone en riesgo inminente la continuidad de las prestaciones educativas y terap\u00e9uticas de 22 chicos de la ciudad a partir de este pr\u00f3ximo 1 de mayo.Bajo el lema \u201cContin\u00faan en Emergencia\u201d, la movilizaci\u00f3n busc\u00f3 alertar sobre el impacto integral que esta par\u00e1lisis administrativa tiene en el funcionamiento de los centros de d\u00eda, afectando no solo la educaci\u00f3n de los concurrentes, sino tambi\u00e9n el pago de salarios de los equipos de trabajo y la contenci\u00f3n general de las familias.El reclamo en la municipalidad y la respuesta oficialDurante la manifestaci\u00f3n, los padres entregaron un petitorio formal firmado por las 22 familias afectadas. Fueron recibidos por el secretario de Gobierno del municipio, Nicol\u00e1s Mendoza, quien se comprometi\u00f3 a elevar la nota a la intendenta local una vez que regrese de sus gestiones en Santa Rosa.En di\u00e1logo con los presentes, Mendoza asegur\u00f3 el acompa\u00f1amiento de la gesti\u00f3n local frente a la problem\u00e1tica. \u201cComo bien saben ustedes, esto no depende por competencia del municipio, pero nosotros vamos a tomar este reclamo, lo vamos a hacer propio y vamos a ir a las instancias que correspondan a pelear por los 22 chicos\u201d, manifest\u00f3 el funcionario. Adem\u00e1s, destac\u00f3 el contacto permanente con las instituciones: \u201cSaben que siempre los estamos apoyando y acompa\u00f1ando en la medida de nuestras posibilidades. Vamos a hacer lo posible\u201d.La angustia de las familias y el ultim\u00e1tum del 1 de mayoEl escenario econ\u00f3mico para sostener las prestaciones de manera privada es inviable. Seg\u00fan detallaron las familias a INFOPICO, el costo mensual del servicio asciende a aproximadamente 960 mil pesos por ni\u00f1o. \u201cEs imposible, no hay manera de sostenerlo\u201d, expresaron con profunda preocupaci\u00f3n.El ultim\u00e1tum es claro: la continuidad del servicio est\u00e1 garantizada solo hasta este 30 de abril. Desde las instituciones advirtieron que, si los fondos no ingresan, se suspender\u00e1n las actividades. \u201cEntendemos a las instituciones porque hay costos, hay profesionales que trabajan para nuestros hijos, y necesitan que les paguen por su labor. Si eso no est\u00e1 sucediendo, obviamente van a recortar\u201d, explicaron los padres, demostrando empat\u00eda con la situaci\u00f3n de los trabajadores.<\/p>\n\n\n\n<p>El posible corte de los servicios genera un impacto emocional devastador en la rutina de los chicos. \u201cA ellos les encanta ir, est\u00e1n conformes, est\u00e1n contentos. Yo le digo a mi hijo que no va y llora todo el d\u00eda; es un desequilibrio total para \u00e9l. A los chicos es imposible explicarles que hay una obra social que no paga, no lo van a comprender\u201d, lament\u00f3 una de las madres presentes.\u201cNo nos sirve de nada que nos digan que s\u00ed y nadie se ponga en el lugar de un pap\u00e1 con discapacidad. Te levant\u00e1s todos los d\u00edas y le repet\u00eds veinte veces las cosas, es una lucha constante\u201d, agregaron, remarcando que en 18 a\u00f1os de asistencia jam\u00e1s hab\u00edan atravesado una crisis de esta magnitud.El contexto nacional: una deuda millonaria y reordenamiento administrativoLa situaci\u00f3n que atraviesa General Pico es un reflejo de una crisis a nivel pa\u00eds. Recientemente, en su informe ante la C\u00e1mara de Diputados, el Gobierno nacional reconoci\u00f3 que la deuda acumulada con los prestadores del sistema de discapacidad entre noviembre de 2025 y febrero de 2026 asciende a m\u00e1s de 69.500 millones de pesos ($69.559.120.782).El retraso en los pagos se enmarca en un proceso de \u201cnormalizaci\u00f3n\u201d tras la disoluci\u00f3n de la Agencia Nacional de Discapacidad (ANDIS) y su transferencia a la \u00f3rbita del Ministerio de Salud de la Naci\u00f3n. Seg\u00fan las autoridades nacionales, la intervenci\u00f3n detect\u00f3 \u201ccircuitos administrativos fragmentados y una limitada trazabilidad del gasto\u201d, lo que motiv\u00f3 un reordenamiento estructural que termin\u00f3 impactando de lleno en la cadena de cobros del sector.<\/p>\n\n\n\n<p>A nivel nacional, el n\u00famero de instituciones afectadas escal\u00f3 de 532 en noviembre a 770 en febrero de este a\u00f1o. Aunque desde el Ministerio de Salud aseguran que se avanza en una regularizaci\u00f3n progresiva y niegan recortes, el programa Incluir Salud exhibi\u00f3 recientemente una subejecuci\u00f3n presupuestaria del 15,6%.Mientras en los despachos nacionales se habla de modernizaci\u00f3n de sistemas y revisi\u00f3n de auditor\u00edas, en las calles de General Pico el tiempo se agota. \u201cNos recibieron y escucharon, pero necesitamos una respuesta ya, nuestros hijos no pueden esperar m\u00e1s\u201d, concluyeron las familias piquenses, a la espera de una soluci\u00f3n urgente que evite que 22 chicos queden, literalmente, sin su lugar de pertenencia.<\/p>\n\n\n\n<p><\/p>\n","protected":false},"excerpt":{"rendered":"<p>En la ma\u00f1ana de este mi\u00e9rcoles, familiares de personas con discapacidad, junto a representantes de la Asociaci\u00f3n APAP y la Fundaci\u00f3n \u201cDe Tu Mano\u201d, se concentraron frente al palacio municipal de General Pico para visibilizar una situaci\u00f3n cr\u00edtica: la falta de pago por parte del programa nacional Incluir Salud. El conflicto, que arrastra deudas desde &hellip;<\/p>\n","protected":false},"author":4,"featured_media":9080,"comment_status":"open","ping_status":"open","sticky":false,"template":"","format":"standard","meta":{"footnotes":""},"categories":[69],"tags":[],"class_list":["post-9072","post","type-post","status-publish","format-standard","has-post-thumbnail","","category-localidades"],"yoast_head":"<!-- This site is optimized with the Yoast SEO plugin v19.9 - https:\/\/yoast.com\/wordpress\/plugins\/seo\/ -->\n<title>Crisis en discapacidad: 22 chicos de General Pico podr\u00edan quedarse sin atenci\u00f3n terap\u00e9utica por la deuda de Incluir Salud - RADIO LLANURA<\/title>\n<meta name=\"robots\" content=\"index, follow, max-snippet:-1, max-image-preview:large, max-video-preview:-1\" \/>\n<link rel=\"canonical\" href=\"https:\/\/fmllanura.com\/?p=9072\" \/>\n<meta property=\"og:locale\" content=\"es_ES\" \/>\n<meta property=\"og:type\" content=\"article\" \/>\n<meta property=\"og:title\" content=\"Crisis en discapacidad: 22 chicos de General Pico podr\u00edan quedarse sin atenci\u00f3n terap\u00e9utica por la deuda de Incluir Salud - RADIO LLANURA\" \/>\n<meta property=\"og:description\" content=\"En la ma\u00f1ana de este mi\u00e9rcoles, familiares de personas con discapacidad, junto a representantes de la Asociaci\u00f3n APAP y la Fundaci\u00f3n \u201cDe Tu Mano\u201d, se concentraron frente al palacio municipal de General Pico para visibilizar una situaci\u00f3n cr\u00edtica: la falta de pago por parte del programa nacional Incluir Salud. El conflicto, que arrastra deudas desde &hellip;\" \/>\n<meta property=\"og:url\" content=\"https:\/\/fmllanura.com\/?p=9072\" \/>\n<meta property=\"og:site_name\" content=\"RADIO LLANURA\" \/>\n<meta property=\"article:published_time\" content=\"2026-04-30T16:14:54+00:00\" \/>\n<meta property=\"article:modified_time\" content=\"2026-04-30T16:14:57+00:00\" \/>\n<meta property=\"og:image\" content=\"https:\/\/fmllanura.com\/wp-content\/uploads\/2026\/04\/17775656318025534782694922922370.jpg\" \/>\n\t<meta property=\"og:image:width\" content=\"1280\" \/>\n\t<meta property=\"og:image:height\" content=\"720\" \/>\n\t<meta property=\"og:image:type\" content=\"image\/jpeg\" \/>\n<meta name=\"author\" content=\"llanura\" \/>\n<meta name=\"twitter:card\" content=\"summary_large_image\" \/>\n<meta name=\"twitter:label1\" content=\"Escrito por\" \/>\n\t<meta name=\"twitter:data1\" content=\"llanura\" \/>\n\t<meta name=\"twitter:label2\" content=\"Tiempo de lectura\" \/>\n\t<meta name=\"twitter:data2\" content=\"4 minutos\" \/>\n<script type=\"application\/ld+json\" class=\"yoast-schema-graph\">{\"@context\":\"https:\/\/schema.org\",\"@graph\":[{\"@type\":\"WebPage\",\"@id\":\"https:\/\/fmllanura.com\/?p=9072\",\"url\":\"https:\/\/fmllanura.com\/?p=9072\",\"name\":\"Crisis en discapacidad: 22 chicos de General Pico podr\u00edan quedarse sin atenci\u00f3n terap\u00e9utica por la deuda de Incluir Salud - RADIO LLANURA\",\"isPartOf\":{\"@id\":\"https:\/\/fmllanura.com\/#website\"},\"datePublished\":\"2026-04-30T16:14:54+00:00\",\"dateModified\":\"2026-04-30T16:14:57+00:00\",\"author\":{\"@id\":\"https:\/\/fmllanura.com\/#\/schema\/person\/dd4b4843c2293cd8d5995d115dbd5e96\"},\"breadcrumb\":{\"@id\":\"https:\/\/fmllanura.com\/?p=9072#breadcrumb\"},\"inLanguage\":\"es\",\"potentialAction\":[{\"@type\":\"ReadAction\",\"target\":[\"https:\/\/fmllanura.com\/?p=9072\"]}]},{\"@type\":\"BreadcrumbList\",\"@id\":\"https:\/\/fmllanura.com\/?p=9072#breadcrumb\",\"itemListElement\":[{\"@type\":\"ListItem\",\"position\":1,\"name\":\"Portada\",\"item\":\"https:\/\/fmllanura.com\/\"},{\"@type\":\"ListItem\",\"position\":2,\"name\":\"Crisis en discapacidad: 22 chicos de General Pico podr\u00edan quedarse sin atenci\u00f3n terap\u00e9utica por la deuda de Incluir Salud\"}]},{\"@type\":\"WebSite\",\"@id\":\"https:\/\/fmllanura.com\/#website\",\"url\":\"https:\/\/fmllanura.com\/\",\"name\":\"RADIO LLANURA\",\"description\":\"\",\"potentialAction\":[{\"@type\":\"SearchAction\",\"target\":{\"@type\":\"EntryPoint\",\"urlTemplate\":\"https:\/\/fmllanura.com\/?s={search_term_string}\"},\"query-input\":\"required name=search_term_string\"}],\"inLanguage\":\"es\"},{\"@type\":\"Person\",\"@id\":\"https:\/\/fmllanura.com\/#\/schema\/person\/dd4b4843c2293cd8d5995d115dbd5e96\",\"name\":\"llanura\",\"image\":{\"@type\":\"ImageObject\",\"inLanguage\":\"es\",\"@id\":\"https:\/\/fmllanura.com\/#\/schema\/person\/image\/\",\"url\":\"https:\/\/secure.gravatar.com\/avatar\/f6ee1541937ff3e68dac011173779bde?s=96&d=mm&r=g\",\"contentUrl\":\"https:\/\/secure.gravatar.com\/avatar\/f6ee1541937ff3e68dac011173779bde?s=96&d=mm&r=g\",\"caption\":\"llanura\"},\"url\":\"https:\/\/fmllanura.com\/?author=4\"}]}<\/script>\n<!-- \/ Yoast SEO plugin. -->","yoast_head_json":{"title":"Crisis en discapacidad: 22 chicos de General Pico podr\u00edan quedarse sin atenci\u00f3n terap\u00e9utica por la deuda de Incluir Salud - RADIO LLANURA","robots":{"index":"index","follow":"follow","max-snippet":"max-snippet:-1","max-image-preview":"max-image-preview:large","max-video-preview":"max-video-preview:-1"},"canonical":"https:\/\/fmllanura.com\/?p=9072","og_locale":"es_ES","og_type":"article","og_title":"Crisis en discapacidad: 22 chicos de General Pico podr\u00edan quedarse sin atenci\u00f3n terap\u00e9utica por la deuda de Incluir Salud - RADIO LLANURA","og_description":"En la ma\u00f1ana de este mi\u00e9rcoles, familiares de personas con discapacidad, junto a representantes de la Asociaci\u00f3n APAP y la Fundaci\u00f3n \u201cDe Tu Mano\u201d, se concentraron frente al palacio municipal de General Pico para visibilizar una situaci\u00f3n cr\u00edtica: la falta de pago por parte del programa nacional Incluir Salud. El conflicto, que arrastra deudas desde &hellip;","og_url":"https:\/\/fmllanura.com\/?p=9072","og_site_name":"RADIO LLANURA","article_published_time":"2026-04-30T16:14:54+00:00","article_modified_time":"2026-04-30T16:14:57+00:00","og_image":[{"width":1280,"height":720,"url":"https:\/\/fmllanura.com\/wp-content\/uploads\/2026\/04\/17775656318025534782694922922370.jpg","type":"image\/jpeg"}],"author":"llanura","twitter_card":"summary_large_image","twitter_misc":{"Escrito por":"llanura","Tiempo de lectura":"4 minutos"},"schema":{"@context":"https:\/\/schema.org","@graph":[{"@type":"WebPage","@id":"https:\/\/fmllanura.com\/?p=9072","url":"https:\/\/fmllanura.com\/?p=9072","name":"Crisis en discapacidad: 22 chicos de General Pico podr\u00edan quedarse sin atenci\u00f3n terap\u00e9utica por la deuda de Incluir Salud - RADIO LLANURA","isPartOf":{"@id":"https:\/\/fmllanura.com\/#website"},"datePublished":"2026-04-30T16:14:54+00:00","dateModified":"2026-04-30T16:14:57+00:00","author":{"@id":"https:\/\/fmllanura.com\/#\/schema\/person\/dd4b4843c2293cd8d5995d115dbd5e96"},"breadcrumb":{"@id":"https:\/\/fmllanura.com\/?p=9072#breadcrumb"},"inLanguage":"es","potentialAction":[{"@type":"ReadAction","target":["https:\/\/fmllanura.com\/?p=9072"]}]},{"@type":"BreadcrumbList","@id":"https:\/\/fmllanura.com\/?p=9072#breadcrumb","itemListElement":[{"@type":"ListItem","position":1,"name":"Portada","item":"https:\/\/fmllanura.com\/"},{"@type":"ListItem","position":2,"name":"Crisis en discapacidad: 22 chicos de General Pico podr\u00edan quedarse sin atenci\u00f3n terap\u00e9utica por la deuda de Incluir Salud"}]},{"@type":"WebSite","@id":"https:\/\/fmllanura.com\/#website","url":"https:\/\/fmllanura.com\/","name":"RADIO LLANURA","description":"","potentialAction":[{"@type":"SearchAction","target":{"@type":"EntryPoint","urlTemplate":"https:\/\/fmllanura.com\/?s={search_term_string}"},"query-input":"required name=search_term_string"}],"inLanguage":"es"},{"@type":"Person","@id":"https:\/\/fmllanura.com\/#\/schema\/person\/dd4b4843c2293cd8d5995d115dbd5e96","name":"llanura","image":{"@type":"ImageObject","inLanguage":"es","@id":"https:\/\/fmllanura.com\/#\/schema\/person\/image\/","url":"https:\/\/secure.gravatar.com\/avatar\/f6ee1541937ff3e68dac011173779bde?s=96&d=mm&r=g","contentUrl":"https:\/\/secure.gravatar.com\/avatar\/f6ee1541937ff3e68dac011173779bde?s=96&d=mm&r=g","caption":"llanura"},"url":"https:\/\/fmllanura.com\/?author=4"}]}},"_links":{"self":[{"href":"https:\/\/fmllanura.com\/index.php?rest_route=\/wp\/v2\/posts\/9072"}],"collection":[{"href":"https:\/\/fmllanura.com\/index.php?rest_route=\/wp\/v2\/posts"}],"about":[{"href":"https:\/\/fmllanura.com\/index.php?rest_route=\/wp\/v2\/types\/post"}],"author":[{"embeddable":true,"href":"https:\/\/fmllanura.com\/index.php?rest_route=\/wp\/v2\/users\/4"}],"replies":[{"embeddable":true,"href":"https:\/\/fmllanura.com\/index.php?rest_route=%2Fwp%2Fv2%2Fcomments&post=9072"}],"version-history":[{"count":1,"href":"https:\/\/fmllanura.com\/index.php?rest_route=\/wp\/v2\/posts\/9072\/revisions"}],"predecessor-version":[{"id":9081,"href":"https:\/\/fmllanura.com\/index.php?rest_route=\/wp\/v2\/posts\/9072\/revisions\/9081"}],"wp:featuredmedia":[{"embeddable":true,"href":"https:\/\/fmllanura.com\/index.php?rest_route=\/wp\/v2\/media\/9080"}],"wp:attachment":[{"href":"https:\/\/fmllanura.com\/index.php?rest_route=%2Fwp%2Fv2%2Fmedia&parent=9072"}],"wp:term":[{"taxonomy":"category","embeddable":true,"href":"https:\/\/fmllanura.com\/index.php?rest_route=%2Fwp%2Fv2%2Fcategories&post=9072"},{"taxonomy":"post_tag","embeddable":true,"href":"https:\/\/fmllanura.com\/index.php?rest_route=%2Fwp%2Fv2%2Ftags&post=9072"}],"curies":[{"name":"wp","href":"https:\/\/api.w.org\/{rel}","templated":true}]}}