{"id":9073,"date":"2026-04-30T16:16:15","date_gmt":"2026-04-30T16:16:15","guid":{"rendered":"https:\/\/fmllanura.com\/?p=9073"},"modified":"2026-04-30T16:16:17","modified_gmt":"2026-04-30T16:16:17","slug":"el-stj-confirmo-la-condena-de-14-anos-de-prision-contra-el-ex-directivo-de-apap-a-14-anos-de-prision-por-abuso-sexual-a-dos-jovenes-con-discapacidad-intelectual","status":"publish","type":"post","link":"https:\/\/fmllanura.com\/?p=9073","title":{"rendered":"El STJ confirm\u00f3 la condena de 14 a\u00f1os de prisi\u00f3n contra el ex directivo de APAP a 14 a\u00f1os de prisi\u00f3n por abuso sexual a dos j\u00f3venes con discapacidad intelectual"},"content":{"rendered":"\n<figure class=\"wp-block-image size-full\"><img loading=\"lazy\" decoding=\"async\" width=\"860\" height=\"452\" src=\"https:\/\/fmllanura.com\/wp-content\/uploads\/2026\/04\/17775656983513193832041163423284.jpg\" alt=\"\" class=\"wp-image-9082\" srcset=\"https:\/\/fmllanura.com\/wp-content\/uploads\/2026\/04\/17775656983513193832041163423284.jpg 860w, https:\/\/fmllanura.com\/wp-content\/uploads\/2026\/04\/17775656983513193832041163423284-300x158.jpg 300w, https:\/\/fmllanura.com\/wp-content\/uploads\/2026\/04\/17775656983513193832041163423284-768x404.jpg 768w\" sizes=\"(max-width: 860px) 100vw, 860px\" \/><\/figure>\n\n\n\n<p>El Superior Tribunal de Justicia de La Pampa ratific\u00f3 la pena para Hugo Roberto Carbonel, quien durante casi una d\u00e9cada abus\u00f3 sistem\u00e1ticamente de dos mujeres vulnerables. Los hechos incluyeron extorsiones y aberrantes grabaciones en video.El Superior Tribunal de Justicia (STJ) de La Pampa puso punto final a los intentos de la defensa y dej\u00f3 firme la condena de 14 a\u00f1os de prisi\u00f3n contra Carbonel, un hombre hallado culpable de abusar sexualmente de dos j\u00f3venes con retraso madurativo entre los a\u00f1os 2014 y 2023.<\/p>\n\n\n\n<p>Los detalles que se desprenden de la sentencia dictada por la Sala B del m\u00e1ximo tribunal provincial exponen un nivel de perversi\u00f3n y abuso de poder escalofriante. Las v\u00edctimas asist\u00edan a la instituci\u00f3n APAP en la ciudad de General Pico. El calvario comenz\u00f3 durante viajes de contingentes a Embalse, provincia de C\u00f3rdoba, y continu\u00f3 luego en el propio domicilio del abusador y en diversos hoteles de General Pico y Santa Rosa.Seg\u00fan logr\u00f3 probar la Justicia, el condenado doblegaba la voluntad de las j\u00f3venes mediante el terror psicol\u00f3gico: las amenazaba con mostrarle fotos de ellas desnudas a sus madres si no acced\u00edan a sus peticiones. El expediente judicial detalla que el hombre las forzaba a desvestirse, las somet\u00eda a abusos con acceso carnal e incluso las obligaba a utilizar objetos \u2014como una zapatilla blanca sin cordones\u2014 para pr\u00e1cticas vejatorias, mientras \u00e9l tomaba fotograf\u00edas y grababa en video las repulsivas escenas.<\/p>\n\n\n\n<p>El rechazo a la coartada de la defensaDurante la instancia de casaci\u00f3n, el abogado defensor del acusado, Jer\u00f3nimo Altamirano, intent\u00f3 revertir la dura condena de la Audiencia de Juicio argumentando que las denuncias eran producto de una especie de complot derivado de un \u201cconflicto laboral y amoroso\u201d orquestado por una tercera persona. En un pol\u00e9mico tramo de su apelaci\u00f3n, el letrado esgrimi\u00f3 tratados internacionales para afirmar que las v\u00edctimas ten\u00edan derecho a \u201cvivir una sexualidad plena\u201d, intentando argumentar que los encuentros hab\u00edan sido consentidos y cuestionando la ilegalidad de unos audios presentados como prueba.Sin embargo, los jueces Fabricio Losi y Eduardo Fern\u00e1ndez Mend\u00eda fueron terminantes al rechazar de plano esos agravios. Los magistrados subrayaron que el tribunal de grado comprob\u00f3 de manera irrefutable que la condici\u00f3n de discapacidad intelectual de las mujeres fue precisamente la llave que posibilit\u00f3 los oscuros designios del victimario, y que los abusos se consumaron a partir de \u201cviolencia f\u00edsica e intimidaci\u00f3n\u201d.c<\/p>\n\n\n\n<p>Con la declaraci\u00f3n de inadmisibilidad del recurso defensivo, el STJ cierra la puerta a nuevas dilaciones y deja firme una sentencia que lleva justicia tras casi diez a\u00f1os de silencio y horror.<\/p>\n\n\n\n<p><\/p>\n\n\n\n<p><\/p>\n","protected":false},"excerpt":{"rendered":"<p>El Superior Tribunal de Justicia de La Pampa ratific\u00f3 la pena para Hugo Roberto Carbonel, quien durante casi una d\u00e9cada abus\u00f3 sistem\u00e1ticamente de dos mujeres vulnerables. Los hechos incluyeron extorsiones y aberrantes grabaciones en video.El Superior Tribunal de Justicia (STJ) de La Pampa puso punto final a los intentos de la defensa y dej\u00f3 firme &hellip;<\/p>\n","protected":false},"author":4,"featured_media":9082,"comment_status":"open","ping_status":"open","sticky":false,"template":"","format":"standard","meta":{"footnotes":""},"categories":[69],"tags":[],"class_list":["post-9073","post","type-post","status-publish","format-standard","has-post-thumbnail","","category-localidades"],"yoast_head":"<!-- This site is optimized with the Yoast SEO plugin v19.9 - https:\/\/yoast.com\/wordpress\/plugins\/seo\/ -->\n<title>El STJ confirm\u00f3 la condena de 14 a\u00f1os de prisi\u00f3n contra el ex directivo de APAP a 14 a\u00f1os de prisi\u00f3n por abuso sexual a dos j\u00f3venes con discapacidad intelectual - RADIO LLANURA<\/title>\n<meta name=\"robots\" content=\"index, follow, max-snippet:-1, max-image-preview:large, max-video-preview:-1\" \/>\n<link rel=\"canonical\" href=\"https:\/\/fmllanura.com\/?p=9073\" \/>\n<meta property=\"og:locale\" content=\"es_ES\" \/>\n<meta property=\"og:type\" content=\"article\" \/>\n<meta property=\"og:title\" content=\"El STJ confirm\u00f3 la condena de 14 a\u00f1os de prisi\u00f3n contra el ex directivo de APAP a 14 a\u00f1os de prisi\u00f3n por abuso sexual a dos j\u00f3venes con discapacidad intelectual - RADIO LLANURA\" \/>\n<meta property=\"og:description\" content=\"El Superior Tribunal de Justicia de La Pampa ratific\u00f3 la pena para Hugo Roberto Carbonel, quien durante casi una d\u00e9cada abus\u00f3 sistem\u00e1ticamente de dos mujeres vulnerables. Los hechos incluyeron extorsiones y aberrantes grabaciones en video.El Superior Tribunal de Justicia (STJ) de La Pampa puso punto final a los intentos de la defensa y dej\u00f3 firme &hellip;\" \/>\n<meta property=\"og:url\" content=\"https:\/\/fmllanura.com\/?p=9073\" \/>\n<meta property=\"og:site_name\" content=\"RADIO LLANURA\" \/>\n<meta property=\"article:published_time\" content=\"2026-04-30T16:16:15+00:00\" \/>\n<meta property=\"article:modified_time\" content=\"2026-04-30T16:16:17+00:00\" \/>\n<meta property=\"og:image\" content=\"https:\/\/fmllanura.com\/wp-content\/uploads\/2026\/04\/17775656983513193832041163423284.jpg\" \/>\n\t<meta property=\"og:image:width\" content=\"860\" \/>\n\t<meta property=\"og:image:height\" content=\"452\" \/>\n\t<meta property=\"og:image:type\" content=\"image\/jpeg\" \/>\n<meta name=\"author\" content=\"llanura\" \/>\n<meta name=\"twitter:card\" content=\"summary_large_image\" \/>\n<meta name=\"twitter:label1\" content=\"Escrito por\" \/>\n\t<meta name=\"twitter:data1\" content=\"llanura\" \/>\n\t<meta name=\"twitter:label2\" content=\"Tiempo de lectura\" \/>\n\t<meta name=\"twitter:data2\" content=\"3 minutos\" \/>\n<script type=\"application\/ld+json\" class=\"yoast-schema-graph\">{\"@context\":\"https:\/\/schema.org\",\"@graph\":[{\"@type\":\"WebPage\",\"@id\":\"https:\/\/fmllanura.com\/?p=9073\",\"url\":\"https:\/\/fmllanura.com\/?p=9073\",\"name\":\"El STJ confirm\u00f3 la condena de 14 a\u00f1os de prisi\u00f3n contra el ex directivo de APAP a 14 a\u00f1os de prisi\u00f3n por abuso sexual a dos j\u00f3venes con discapacidad intelectual - RADIO LLANURA\",\"isPartOf\":{\"@id\":\"https:\/\/fmllanura.com\/#website\"},\"datePublished\":\"2026-04-30T16:16:15+00:00\",\"dateModified\":\"2026-04-30T16:16:17+00:00\",\"author\":{\"@id\":\"https:\/\/fmllanura.com\/#\/schema\/person\/dd4b4843c2293cd8d5995d115dbd5e96\"},\"breadcrumb\":{\"@id\":\"https:\/\/fmllanura.com\/?p=9073#breadcrumb\"},\"inLanguage\":\"es\",\"potentialAction\":[{\"@type\":\"ReadAction\",\"target\":[\"https:\/\/fmllanura.com\/?p=9073\"]}]},{\"@type\":\"BreadcrumbList\",\"@id\":\"https:\/\/fmllanura.com\/?p=9073#breadcrumb\",\"itemListElement\":[{\"@type\":\"ListItem\",\"position\":1,\"name\":\"Portada\",\"item\":\"https:\/\/fmllanura.com\/\"},{\"@type\":\"ListItem\",\"position\":2,\"name\":\"El STJ confirm\u00f3 la condena de 14 a\u00f1os de prisi\u00f3n contra el ex directivo de APAP a 14 a\u00f1os de prisi\u00f3n por abuso sexual a dos j\u00f3venes con discapacidad intelectual\"}]},{\"@type\":\"WebSite\",\"@id\":\"https:\/\/fmllanura.com\/#website\",\"url\":\"https:\/\/fmllanura.com\/\",\"name\":\"RADIO LLANURA\",\"description\":\"\",\"potentialAction\":[{\"@type\":\"SearchAction\",\"target\":{\"@type\":\"EntryPoint\",\"urlTemplate\":\"https:\/\/fmllanura.com\/?s={search_term_string}\"},\"query-input\":\"required name=search_term_string\"}],\"inLanguage\":\"es\"},{\"@type\":\"Person\",\"@id\":\"https:\/\/fmllanura.com\/#\/schema\/person\/dd4b4843c2293cd8d5995d115dbd5e96\",\"name\":\"llanura\",\"image\":{\"@type\":\"ImageObject\",\"inLanguage\":\"es\",\"@id\":\"https:\/\/fmllanura.com\/#\/schema\/person\/image\/\",\"url\":\"https:\/\/secure.gravatar.com\/avatar\/f6ee1541937ff3e68dac011173779bde?s=96&d=mm&r=g\",\"contentUrl\":\"https:\/\/secure.gravatar.com\/avatar\/f6ee1541937ff3e68dac011173779bde?s=96&d=mm&r=g\",\"caption\":\"llanura\"},\"url\":\"https:\/\/fmllanura.com\/?author=4\"}]}<\/script>\n<!-- \/ Yoast SEO plugin. -->","yoast_head_json":{"title":"El STJ confirm\u00f3 la condena de 14 a\u00f1os de prisi\u00f3n contra el ex directivo de APAP a 14 a\u00f1os de prisi\u00f3n por abuso sexual a dos j\u00f3venes con discapacidad intelectual - RADIO LLANURA","robots":{"index":"index","follow":"follow","max-snippet":"max-snippet:-1","max-image-preview":"max-image-preview:large","max-video-preview":"max-video-preview:-1"},"canonical":"https:\/\/fmllanura.com\/?p=9073","og_locale":"es_ES","og_type":"article","og_title":"El STJ confirm\u00f3 la condena de 14 a\u00f1os de prisi\u00f3n contra el ex directivo de APAP a 14 a\u00f1os de prisi\u00f3n por abuso sexual a dos j\u00f3venes con discapacidad intelectual - RADIO LLANURA","og_description":"El Superior Tribunal de Justicia de La Pampa ratific\u00f3 la pena para Hugo Roberto Carbonel, quien durante casi una d\u00e9cada abus\u00f3 sistem\u00e1ticamente de dos mujeres vulnerables. Los hechos incluyeron extorsiones y aberrantes grabaciones en video.El Superior Tribunal de Justicia (STJ) de La Pampa puso punto final a los intentos de la defensa y dej\u00f3 firme &hellip;","og_url":"https:\/\/fmllanura.com\/?p=9073","og_site_name":"RADIO LLANURA","article_published_time":"2026-04-30T16:16:15+00:00","article_modified_time":"2026-04-30T16:16:17+00:00","og_image":[{"width":860,"height":452,"url":"https:\/\/fmllanura.com\/wp-content\/uploads\/2026\/04\/17775656983513193832041163423284.jpg","type":"image\/jpeg"}],"author":"llanura","twitter_card":"summary_large_image","twitter_misc":{"Escrito por":"llanura","Tiempo de lectura":"3 minutos"},"schema":{"@context":"https:\/\/schema.org","@graph":[{"@type":"WebPage","@id":"https:\/\/fmllanura.com\/?p=9073","url":"https:\/\/fmllanura.com\/?p=9073","name":"El STJ confirm\u00f3 la condena de 14 a\u00f1os de prisi\u00f3n contra el ex directivo de APAP a 14 a\u00f1os de prisi\u00f3n por abuso sexual a dos j\u00f3venes con discapacidad intelectual - RADIO LLANURA","isPartOf":{"@id":"https:\/\/fmllanura.com\/#website"},"datePublished":"2026-04-30T16:16:15+00:00","dateModified":"2026-04-30T16:16:17+00:00","author":{"@id":"https:\/\/fmllanura.com\/#\/schema\/person\/dd4b4843c2293cd8d5995d115dbd5e96"},"breadcrumb":{"@id":"https:\/\/fmllanura.com\/?p=9073#breadcrumb"},"inLanguage":"es","potentialAction":[{"@type":"ReadAction","target":["https:\/\/fmllanura.com\/?p=9073"]}]},{"@type":"BreadcrumbList","@id":"https:\/\/fmllanura.com\/?p=9073#breadcrumb","itemListElement":[{"@type":"ListItem","position":1,"name":"Portada","item":"https:\/\/fmllanura.com\/"},{"@type":"ListItem","position":2,"name":"El STJ confirm\u00f3 la condena de 14 a\u00f1os de prisi\u00f3n contra el ex directivo de APAP a 14 a\u00f1os de prisi\u00f3n por abuso sexual a dos j\u00f3venes con discapacidad intelectual"}]},{"@type":"WebSite","@id":"https:\/\/fmllanura.com\/#website","url":"https:\/\/fmllanura.com\/","name":"RADIO LLANURA","description":"","potentialAction":[{"@type":"SearchAction","target":{"@type":"EntryPoint","urlTemplate":"https:\/\/fmllanura.com\/?s={search_term_string}"},"query-input":"required name=search_term_string"}],"inLanguage":"es"},{"@type":"Person","@id":"https:\/\/fmllanura.com\/#\/schema\/person\/dd4b4843c2293cd8d5995d115dbd5e96","name":"llanura","image":{"@type":"ImageObject","inLanguage":"es","@id":"https:\/\/fmllanura.com\/#\/schema\/person\/image\/","url":"https:\/\/secure.gravatar.com\/avatar\/f6ee1541937ff3e68dac011173779bde?s=96&d=mm&r=g","contentUrl":"https:\/\/secure.gravatar.com\/avatar\/f6ee1541937ff3e68dac011173779bde?s=96&d=mm&r=g","caption":"llanura"},"url":"https:\/\/fmllanura.com\/?author=4"}]}},"_links":{"self":[{"href":"https:\/\/fmllanura.com\/index.php?rest_route=\/wp\/v2\/posts\/9073"}],"collection":[{"href":"https:\/\/fmllanura.com\/index.php?rest_route=\/wp\/v2\/posts"}],"about":[{"href":"https:\/\/fmllanura.com\/index.php?rest_route=\/wp\/v2\/types\/post"}],"author":[{"embeddable":true,"href":"https:\/\/fmllanura.com\/index.php?rest_route=\/wp\/v2\/users\/4"}],"replies":[{"embeddable":true,"href":"https:\/\/fmllanura.com\/index.php?rest_route=%2Fwp%2Fv2%2Fcomments&post=9073"}],"version-history":[{"count":1,"href":"https:\/\/fmllanura.com\/index.php?rest_route=\/wp\/v2\/posts\/9073\/revisions"}],"predecessor-version":[{"id":9083,"href":"https:\/\/fmllanura.com\/index.php?rest_route=\/wp\/v2\/posts\/9073\/revisions\/9083"}],"wp:featuredmedia":[{"embeddable":true,"href":"https:\/\/fmllanura.com\/index.php?rest_route=\/wp\/v2\/media\/9082"}],"wp:attachment":[{"href":"https:\/\/fmllanura.com\/index.php?rest_route=%2Fwp%2Fv2%2Fmedia&parent=9073"}],"wp:term":[{"taxonomy":"category","embeddable":true,"href":"https:\/\/fmllanura.com\/index.php?rest_route=%2Fwp%2Fv2%2Fcategories&post=9073"},{"taxonomy":"post_tag","embeddable":true,"href":"https:\/\/fmllanura.com\/index.php?rest_route=%2Fwp%2Fv2%2Ftags&post=9073"}],"curies":[{"name":"wp","href":"https:\/\/api.w.org\/{rel}","templated":true}]}}