{"id":9074,"date":"2026-04-30T16:17:18","date_gmt":"2026-04-30T16:17:18","guid":{"rendered":"https:\/\/fmllanura.com\/?p=9074"},"modified":"2026-04-30T16:17:20","modified_gmt":"2026-04-30T16:17:20","slug":"infractores-por-caza-furtiva-pagaron-los-danos-de-un-jardin-de-infantes-vandalizado-en-victorica","status":"publish","type":"post","link":"https:\/\/fmllanura.com\/?p=9074","title":{"rendered":"Infractores por caza furtiva pagaron los da\u00f1os de un jard\u00edn de infantes vandalizado en Victorica"},"content":{"rendered":"\n<figure class=\"wp-block-image size-large\"><img loading=\"lazy\" decoding=\"async\" width=\"1024\" height=\"643\" src=\"https:\/\/fmllanura.com\/wp-content\/uploads\/2026\/04\/1777565780635550036679824018769-1024x643.jpg\" alt=\"\" class=\"wp-image-9084\" srcset=\"https:\/\/fmllanura.com\/wp-content\/uploads\/2026\/04\/1777565780635550036679824018769-1024x643.jpg 1024w, https:\/\/fmllanura.com\/wp-content\/uploads\/2026\/04\/1777565780635550036679824018769-300x188.jpg 300w, https:\/\/fmllanura.com\/wp-content\/uploads\/2026\/04\/1777565780635550036679824018769-768x482.jpg 768w, https:\/\/fmllanura.com\/wp-content\/uploads\/2026\/04\/1777565780635550036679824018769.jpg 1505w\" sizes=\"(max-width: 1024px) 100vw, 1024px\" \/><\/figure>\n\n\n\n<p>Una causa judicial por caza furtiva en la localidad de Victorica deriv\u00f3 en una importante reparaci\u00f3n econ\u00f3mica para una instituci\u00f3n educativa de la zona. El dinero aportado por los infractores fue destinado a cubrir los graves da\u00f1os ocasionados por actos de vandalismo en el JIN N\u00b0 21, logrando transformar un il\u00edcito en un beneficio directo para la comunidad.<\/p>\n\n\n\n<p>El caso comenz\u00f3 a tramitarse en el Ministerio P\u00fablico Fiscal con tres personas imputadas, provenientes de las provincias de Buenos Aires y C\u00f3rdoba, acusadas de practicar la caza ilegal en la regi\u00f3n. Los involucrados decidieron acceder a un \u201ccriterio de oportunidad\u201d, una herramienta que permite una salida alternativa al proceso penal mediante una reparaci\u00f3n econ\u00f3mica.La intervenci\u00f3n de la JusticiaEl fiscal de la IV Circunscripci\u00f3n, Nicol\u00e1s Rojo, explic\u00f3 que en este marco los imputados ofrecieron un resarcimiento que tuvo un destino sumamente concreto y necesario. El monto de la reparaci\u00f3n alcanz\u00f3 los 800 mil pesos, a los que se sumaron otros 150 mil provenientes de un expediente de similares caracter\u00edsticas, totalizando casi un mill\u00f3n de pesos.\u201cDesde el Ministerio P\u00fablico Fiscal actuamos como intermediarios. Me comuniqu\u00e9 con autoridades del jard\u00edn para conocer el costo de los elementos que debieron reponer luego del hecho de vandalismo en su interior. Me enviaron las facturas y el total rondaba el mill\u00f3n de pesos\u201d, detall\u00f3 el fiscal Rojo.<\/p>\n\n\n\n<p>A partir de esa informaci\u00f3n, el funcionario judicial traslad\u00f3 la propuesta de salida alternativa a la defensa de los acusados, quienes se comprometieron a asumir el gasto. Seg\u00fan se confirm\u00f3, el pago ya fue efectivizado durante la audiencia donde se aplic\u00f3 formalmente el criterio de oportunidad, y los imputados est\u00e1n en pleno conocimiento del destino de esos fondos.Los destrozos en el jard\u00ednEl JIN N\u00b0 21 hab\u00eda sido blanco de vandalismo durante dos noches consecutivas. El lamentable episodio fue protagonizado por tres menores de entre 8 y 11 a\u00f1os, quienes ingresaron al edificio tras romper los vidrios de una de las puertas de acceso.Una vez en el interior de la instituci\u00f3n educativa, los ni\u00f1os provocaron un enorme desorden y m\u00faltiples roturas, afectando principalmente material did\u00e1ctico y de librer\u00eda indispensable para el trabajo diario con los alumnos. Tras ser descubiertos dentro del establecimiento, los menores fueron restituidos a sus progenitores. Asimismo, se dio r\u00e1pida intervenci\u00f3n a los organismos de Ni\u00f1ez y se iniciaron las actuaciones correspondientes bajo el r\u00e9gimen penal juvenil.Una respuesta reparadoraA ra\u00edz de los destrozos, el jard\u00edn de infantes se vio en la urgente necesidad de afrontar la reposici\u00f3n de numerosos elementos esenciales para su funcionamiento cotidiano. En este contexto, la r\u00e1pida articulaci\u00f3n institucional entre la fiscal\u00eda y las autoridades educativas permiti\u00f3 brindar una soluci\u00f3n efectiva y real.Con el dinero aportado por los cazadores furtivos, la instituci\u00f3n logr\u00f3 cubrir por completo los gastos de los materiales da\u00f1ados. De esta manera, un hecho de car\u00e1cter negativo logr\u00f3 transformarse en una respuesta reparadora fundamental para la educaci\u00f3n pampeana.<\/p>\n","protected":false},"excerpt":{"rendered":"<p>Una causa judicial por caza furtiva en la localidad de Victorica deriv\u00f3 en una importante reparaci\u00f3n econ\u00f3mica para una instituci\u00f3n educativa de la zona. El dinero aportado por los infractores fue destinado a cubrir los graves da\u00f1os ocasionados por actos de vandalismo en el JIN N\u00b0 21, logrando transformar un il\u00edcito en un beneficio directo &hellip;<\/p>\n","protected":false},"author":4,"featured_media":9084,"comment_status":"open","ping_status":"open","sticky":false,"template":"","format":"standard","meta":{"footnotes":""},"categories":[69],"tags":[],"class_list":["post-9074","post","type-post","status-publish","format-standard","has-post-thumbnail","","category-localidades"],"yoast_head":"<!-- This site is optimized with the Yoast SEO plugin v19.9 - https:\/\/yoast.com\/wordpress\/plugins\/seo\/ -->\n<title>Infractores por caza furtiva pagaron los da\u00f1os de un jard\u00edn de infantes vandalizado en Victorica - RADIO LLANURA<\/title>\n<meta name=\"robots\" content=\"index, follow, max-snippet:-1, max-image-preview:large, max-video-preview:-1\" \/>\n<link rel=\"canonical\" href=\"https:\/\/fmllanura.com\/?p=9074\" \/>\n<meta property=\"og:locale\" content=\"es_ES\" \/>\n<meta property=\"og:type\" content=\"article\" \/>\n<meta property=\"og:title\" content=\"Infractores por caza furtiva pagaron los da\u00f1os de un jard\u00edn de infantes vandalizado en Victorica - RADIO LLANURA\" \/>\n<meta property=\"og:description\" content=\"Una causa judicial por caza furtiva en la localidad de Victorica deriv\u00f3 en una importante reparaci\u00f3n econ\u00f3mica para una instituci\u00f3n educativa de la zona. El dinero aportado por los infractores fue destinado a cubrir los graves da\u00f1os ocasionados por actos de vandalismo en el JIN N\u00b0 21, logrando transformar un il\u00edcito en un beneficio directo &hellip;\" \/>\n<meta property=\"og:url\" content=\"https:\/\/fmllanura.com\/?p=9074\" \/>\n<meta property=\"og:site_name\" content=\"RADIO LLANURA\" \/>\n<meta property=\"article:published_time\" content=\"2026-04-30T16:17:18+00:00\" \/>\n<meta property=\"article:modified_time\" content=\"2026-04-30T16:17:20+00:00\" \/>\n<meta property=\"og:image\" content=\"https:\/\/fmllanura.com\/wp-content\/uploads\/2026\/04\/1777565780635550036679824018769.jpg\" \/>\n\t<meta property=\"og:image:width\" content=\"1505\" \/>\n\t<meta property=\"og:image:height\" content=\"945\" \/>\n\t<meta property=\"og:image:type\" content=\"image\/jpeg\" \/>\n<meta name=\"author\" content=\"llanura\" \/>\n<meta name=\"twitter:card\" content=\"summary_large_image\" \/>\n<meta name=\"twitter:label1\" content=\"Escrito por\" \/>\n\t<meta name=\"twitter:data1\" content=\"llanura\" \/>\n\t<meta name=\"twitter:label2\" content=\"Tiempo de lectura\" \/>\n\t<meta name=\"twitter:data2\" content=\"3 minutos\" \/>\n<script type=\"application\/ld+json\" class=\"yoast-schema-graph\">{\"@context\":\"https:\/\/schema.org\",\"@graph\":[{\"@type\":\"WebPage\",\"@id\":\"https:\/\/fmllanura.com\/?p=9074\",\"url\":\"https:\/\/fmllanura.com\/?p=9074\",\"name\":\"Infractores por caza furtiva pagaron los da\u00f1os de un jard\u00edn de infantes vandalizado en Victorica - RADIO LLANURA\",\"isPartOf\":{\"@id\":\"https:\/\/fmllanura.com\/#website\"},\"datePublished\":\"2026-04-30T16:17:18+00:00\",\"dateModified\":\"2026-04-30T16:17:20+00:00\",\"author\":{\"@id\":\"https:\/\/fmllanura.com\/#\/schema\/person\/dd4b4843c2293cd8d5995d115dbd5e96\"},\"breadcrumb\":{\"@id\":\"https:\/\/fmllanura.com\/?p=9074#breadcrumb\"},\"inLanguage\":\"es\",\"potentialAction\":[{\"@type\":\"ReadAction\",\"target\":[\"https:\/\/fmllanura.com\/?p=9074\"]}]},{\"@type\":\"BreadcrumbList\",\"@id\":\"https:\/\/fmllanura.com\/?p=9074#breadcrumb\",\"itemListElement\":[{\"@type\":\"ListItem\",\"position\":1,\"name\":\"Portada\",\"item\":\"https:\/\/fmllanura.com\/\"},{\"@type\":\"ListItem\",\"position\":2,\"name\":\"Infractores por caza furtiva pagaron los da\u00f1os de un jard\u00edn de infantes vandalizado en Victorica\"}]},{\"@type\":\"WebSite\",\"@id\":\"https:\/\/fmllanura.com\/#website\",\"url\":\"https:\/\/fmllanura.com\/\",\"name\":\"RADIO LLANURA\",\"description\":\"\",\"potentialAction\":[{\"@type\":\"SearchAction\",\"target\":{\"@type\":\"EntryPoint\",\"urlTemplate\":\"https:\/\/fmllanura.com\/?s={search_term_string}\"},\"query-input\":\"required name=search_term_string\"}],\"inLanguage\":\"es\"},{\"@type\":\"Person\",\"@id\":\"https:\/\/fmllanura.com\/#\/schema\/person\/dd4b4843c2293cd8d5995d115dbd5e96\",\"name\":\"llanura\",\"image\":{\"@type\":\"ImageObject\",\"inLanguage\":\"es\",\"@id\":\"https:\/\/fmllanura.com\/#\/schema\/person\/image\/\",\"url\":\"https:\/\/secure.gravatar.com\/avatar\/f6ee1541937ff3e68dac011173779bde?s=96&d=mm&r=g\",\"contentUrl\":\"https:\/\/secure.gravatar.com\/avatar\/f6ee1541937ff3e68dac011173779bde?s=96&d=mm&r=g\",\"caption\":\"llanura\"},\"url\":\"https:\/\/fmllanura.com\/?author=4\"}]}<\/script>\n<!-- \/ Yoast SEO plugin. -->","yoast_head_json":{"title":"Infractores por caza furtiva pagaron los da\u00f1os de un jard\u00edn de infantes vandalizado en Victorica - RADIO LLANURA","robots":{"index":"index","follow":"follow","max-snippet":"max-snippet:-1","max-image-preview":"max-image-preview:large","max-video-preview":"max-video-preview:-1"},"canonical":"https:\/\/fmllanura.com\/?p=9074","og_locale":"es_ES","og_type":"article","og_title":"Infractores por caza furtiva pagaron los da\u00f1os de un jard\u00edn de infantes vandalizado en Victorica - RADIO LLANURA","og_description":"Una causa judicial por caza furtiva en la localidad de Victorica deriv\u00f3 en una importante reparaci\u00f3n econ\u00f3mica para una instituci\u00f3n educativa de la zona. El dinero aportado por los infractores fue destinado a cubrir los graves da\u00f1os ocasionados por actos de vandalismo en el JIN N\u00b0 21, logrando transformar un il\u00edcito en un beneficio directo &hellip;","og_url":"https:\/\/fmllanura.com\/?p=9074","og_site_name":"RADIO LLANURA","article_published_time":"2026-04-30T16:17:18+00:00","article_modified_time":"2026-04-30T16:17:20+00:00","og_image":[{"width":1505,"height":945,"url":"https:\/\/fmllanura.com\/wp-content\/uploads\/2026\/04\/1777565780635550036679824018769.jpg","type":"image\/jpeg"}],"author":"llanura","twitter_card":"summary_large_image","twitter_misc":{"Escrito por":"llanura","Tiempo de lectura":"3 minutos"},"schema":{"@context":"https:\/\/schema.org","@graph":[{"@type":"WebPage","@id":"https:\/\/fmllanura.com\/?p=9074","url":"https:\/\/fmllanura.com\/?p=9074","name":"Infractores por caza furtiva pagaron los da\u00f1os de un jard\u00edn de infantes vandalizado en Victorica - RADIO LLANURA","isPartOf":{"@id":"https:\/\/fmllanura.com\/#website"},"datePublished":"2026-04-30T16:17:18+00:00","dateModified":"2026-04-30T16:17:20+00:00","author":{"@id":"https:\/\/fmllanura.com\/#\/schema\/person\/dd4b4843c2293cd8d5995d115dbd5e96"},"breadcrumb":{"@id":"https:\/\/fmllanura.com\/?p=9074#breadcrumb"},"inLanguage":"es","potentialAction":[{"@type":"ReadAction","target":["https:\/\/fmllanura.com\/?p=9074"]}]},{"@type":"BreadcrumbList","@id":"https:\/\/fmllanura.com\/?p=9074#breadcrumb","itemListElement":[{"@type":"ListItem","position":1,"name":"Portada","item":"https:\/\/fmllanura.com\/"},{"@type":"ListItem","position":2,"name":"Infractores por caza furtiva pagaron los da\u00f1os de un jard\u00edn de infantes vandalizado en Victorica"}]},{"@type":"WebSite","@id":"https:\/\/fmllanura.com\/#website","url":"https:\/\/fmllanura.com\/","name":"RADIO LLANURA","description":"","potentialAction":[{"@type":"SearchAction","target":{"@type":"EntryPoint","urlTemplate":"https:\/\/fmllanura.com\/?s={search_term_string}"},"query-input":"required name=search_term_string"}],"inLanguage":"es"},{"@type":"Person","@id":"https:\/\/fmllanura.com\/#\/schema\/person\/dd4b4843c2293cd8d5995d115dbd5e96","name":"llanura","image":{"@type":"ImageObject","inLanguage":"es","@id":"https:\/\/fmllanura.com\/#\/schema\/person\/image\/","url":"https:\/\/secure.gravatar.com\/avatar\/f6ee1541937ff3e68dac011173779bde?s=96&d=mm&r=g","contentUrl":"https:\/\/secure.gravatar.com\/avatar\/f6ee1541937ff3e68dac011173779bde?s=96&d=mm&r=g","caption":"llanura"},"url":"https:\/\/fmllanura.com\/?author=4"}]}},"_links":{"self":[{"href":"https:\/\/fmllanura.com\/index.php?rest_route=\/wp\/v2\/posts\/9074"}],"collection":[{"href":"https:\/\/fmllanura.com\/index.php?rest_route=\/wp\/v2\/posts"}],"about":[{"href":"https:\/\/fmllanura.com\/index.php?rest_route=\/wp\/v2\/types\/post"}],"author":[{"embeddable":true,"href":"https:\/\/fmllanura.com\/index.php?rest_route=\/wp\/v2\/users\/4"}],"replies":[{"embeddable":true,"href":"https:\/\/fmllanura.com\/index.php?rest_route=%2Fwp%2Fv2%2Fcomments&post=9074"}],"version-history":[{"count":1,"href":"https:\/\/fmllanura.com\/index.php?rest_route=\/wp\/v2\/posts\/9074\/revisions"}],"predecessor-version":[{"id":9085,"href":"https:\/\/fmllanura.com\/index.php?rest_route=\/wp\/v2\/posts\/9074\/revisions\/9085"}],"wp:featuredmedia":[{"embeddable":true,"href":"https:\/\/fmllanura.com\/index.php?rest_route=\/wp\/v2\/media\/9084"}],"wp:attachment":[{"href":"https:\/\/fmllanura.com\/index.php?rest_route=%2Fwp%2Fv2%2Fmedia&parent=9074"}],"wp:term":[{"taxonomy":"category","embeddable":true,"href":"https:\/\/fmllanura.com\/index.php?rest_route=%2Fwp%2Fv2%2Fcategories&post=9074"},{"taxonomy":"post_tag","embeddable":true,"href":"https:\/\/fmllanura.com\/index.php?rest_route=%2Fwp%2Fv2%2Ftags&post=9074"}],"curies":[{"name":"wp","href":"https:\/\/api.w.org\/{rel}","templated":true}]}}